
{"id":1486,"date":"2018-05-15T09:09:51","date_gmt":"2018-05-15T07:09:51","guid":{"rendered":"http:\/\/scf.se\/landsvag\/?p=1486"},"modified":"2018-05-15T09:09:51","modified_gmt":"2018-05-15T07:09:51","slug":"utokat-samarbete-mellan-postnord-och-u6-cycle-tour","status":"publish","type":"post","link":"https:\/\/scf.se\/landsvag\/utokat-samarbete-mellan-postnord-och-u6-cycle-tour\/","title":{"rendered":"PostNord U6 Cycle Tour"},"content":{"rendered":"<p>PostNord \u00f6kar sitt engagemang ytterligare i svensk cykel och s\u00e4tter nu sitt namn p\u00e5 Sveriges st\u00f6rsta cykelt\u00e4vling, U6 Cycle Tour, med att s\u00e4tta sitt namn p\u00e5 t\u00e4vlingen som fr o m nu heter \u201dPostNord U6 Cycle Tour\u201d.<\/p>\n<p>Cykelf\u00f6rbundets huvudsponsor, PostNord, har sedan l\u00e4nge st\u00f6ttat cykelsporten, som sponsor och aktivitetspartner, nu s\u00e4tter de sitt namn p\u00e5 U6 Cycle Tour-t\u00e4vling f\u00f6r ungdomar och juniorer.<\/p>\n<blockquote><p>\u2013 Vi v\u00e4ljer att ut\u00f6ka v\u00e5r aktivitet p\u00e5 U6-veckan av flera olika sk\u00e4l. Det handlar om att ge en bra synlighet i en bra t\u00e4vling, att forts\u00e4tta st\u00f6tta svensk cykel, att vara en naturlig del av en cykeltrend som v\u00e4xer sig allt starkare, och inte minst att st\u00f6tta ungdomar, s\u00e4ger Nizze Gustavsson, ansvarig f\u00f6r event och sponsring vid PostNord.<\/p>\n<p>\u2013 Vi har funnits med p\u00e5 U6-veckan under n\u00e5gra \u00e5r och ser det som en bra och viktig t\u00e4vling att medverka i. Det k\u00e4nns naturligt att vi d\u00e4rf\u00f6r ut\u00f6kar aktiviteten med att ocks\u00e5 s\u00e4tta v\u00e5rt namn p\u00e5 en bra t\u00e4vling som har stor spridning.<\/p><\/blockquote>\n<div id=\"attachment_1491\" class=\"wp-caption alignnone\" ><a href=\"https:\/\/scf.se\/landsvag\/wp-content\/uploads\/sites\/5\/2018\/05\/U6CycleTour.2jpeg.jpeg\"><img loading=\"lazy\" decoding=\"async\" class=\"size-post-big wp-image-1491\" src=\"https:\/\/scf.se\/landsvag\/wp-content\/uploads\/sites\/5\/2018\/05\/U6CycleTour.2jpeg-788x480.jpeg\" alt=\"Bild: U6 Tidaholmsfotografen\" width=\"788\" height=\"480\" \/><\/a><p class=\"wp-caption-text\">Foto: U6\/Tidaholmsfotografen 2017<\/p><\/div>\n<p>F\u00f6r Cykelklubben U6 \u00e4r PostNords aktivitet en viktig del f\u00f6r att kunna utveckla arrangemanget ytterligare och ge\u00a0Sveriges\u00a0ungdomar en t\u00e4vling p\u00e5 hemmaplan med internationellt motst\u00e5nd.<\/p>\n<blockquote><p>Vi \u00e4r v\u00e4ldigt glada \u00f6ver att PostNord tycker att v\u00e5r t\u00e4vling \u00e4r en t\u00e4vling som f\u00f6retaget vill synas genom. U6-veckan \u00e4r s\u00e5 mycket mer \u00e4n bara en cykelt\u00e4vling, den knyter v\u00e4nskap \u00f6ver landsgr\u00e4nser och f\u00f6rst\u00e5else f\u00f6r varandra, s\u00e4ger t\u00e4vlingsledare Thomas Rehn.<\/p><\/blockquote>\n<p><a href=\"http:\/\/u6cycletour.se\/\">Mer information om U6-veckan<\/a><\/p>\n","protected":false},"excerpt":{"rendered":"<p>PostNord \u00f6kar sitt engagemang ytterligare i svensk cykel och s\u00e4tter nu sitt namn p\u00e5 Sveriges st\u00f6rsta cykelt\u00e4vling, U6 Cycle Tour, med att s\u00e4tta sitt namn p\u00e5 t\u00e4vlingen som fr o m nu heter \u201dPostNord U6 Cycle Tour\u201d. Cykelf\u00f6rbundets huvudsponsor, PostNord, har sedan l\u00e4nge st\u00f6ttat cykelsporten, som sponsor och aktivitetspartner, nu s\u00e4tter de sitt namn<a href=\"https:\/\/scf.se\/landsvag\/utokat-samarbete-mellan-postnord-och-u6-cycle-tour\/\" class=\"news-card__more\"> &#8230;<\/a><\/p>\n","protected":false},"author":2,"featured_media":0,"comment_status":"open","ping_status":"open","sticky":false,"template":"","format":"standard","meta":{"_acf_changed":false,"footnotes":""},"categories":[1],"tags":[],"class_list":["post-1486","post","type-post","status-publish","format-standard","hentry","category-landsvag"],"acf":[],"_links":{"self":[{"href":"https:\/\/scf.se\/landsvag\/wp-json\/wp\/v2\/posts\/1486","targetHints":{"allow":["GET"]}}],"collection":[{"href":"https:\/\/scf.se\/landsvag\/wp-json\/wp\/v2\/posts"}],"about":[{"href":"https:\/\/scf.se\/landsvag\/wp-json\/wp\/v2\/types\/post"}],"author":[{"embeddable":true,"href":"https:\/\/scf.se\/landsvag\/wp-json\/wp\/v2\/users\/2"}],"replies":[{"embeddable":true,"href":"https:\/\/scf.se\/landsvag\/wp-json\/wp\/v2\/comments?post=1486"}],"version-history":[{"count":0,"href":"https:\/\/scf.se\/landsvag\/wp-json\/wp\/v2\/posts\/1486\/revisions"}],"wp:attachment":[{"href":"https:\/\/scf.se\/landsvag\/wp-json\/wp\/v2\/media?parent=1486"}],"wp:term":[{"taxonomy":"category","embeddable":true,"href":"https:\/\/scf.se\/landsvag\/wp-json\/wp\/v2\/categories?post=1486"},{"taxonomy":"post_tag","embeddable":true,"href":"https:\/\/scf.se\/landsvag\/wp-json\/wp\/v2\/tags?post=1486"}],"curies":[{"name":"wp","href":"https:\/\/api.w.org\/{rel}","templated":true}]}}