
{"id":1220,"date":"2017-07-07T15:00:53","date_gmt":"2017-07-07T13:00:53","guid":{"rendered":"http:\/\/scf.se\/landsvag\/?p=1220"},"modified":"2017-07-07T15:01:08","modified_gmt":"2017-07-07T13:01:08","slug":"u6-cycle-tour","status":"publish","type":"post","link":"https:\/\/scf.se\/landsvag\/u6-cycle-tour\/","title":{"rendered":"Dags f\u00f6r U6 Cycle Tour i Tidaholm"},"content":{"rendered":"<p>P\u00e5 m\u00e5ndag \u00e4r det dags f\u00f6r U6 Cycle Tour i Tidaholm,\u00a0Sveriges st\u00f6rsta etapplopp inom landsv\u00e4g. Cyklister fr\u00e5n f\u00f6reningar i Sverige och norra Europa kommer d\u00e5 till V\u00e4sterg\u00f6tland f\u00f6r att k\u00f6ra de sex etapperna i och runt Tidaholm. Etapploppet \u00e4r \u00f6ppet f\u00f6r aktiva i alla \u00e5ldrar, fr\u00e5n de yngsta cyklisterna i Coming Bikers till elitklassen.<\/p>\n<p>N\u00e4rmare 400 av de drygt 700 t\u00e4vlande \u00e4r barn och ungdom mellan 6 och 16 \u00e5r fr\u00e5n hela Norden, vilket g\u00f6r UC Cycle Tour till s\u00e4songens h\u00f6jdpunkt f\u00f6r m\u00e5nga cykelintresserade familjer, d\u00e5 arrang\u00f6ren CKU6 erbjuder m\u00e5nga t\u00e4vlingar med stor konkurrens under en hel vecka. En positiv bieffekt av arrangemanget \u00e4r att v\u00e4stg\u00f6taorten Tidaholm f\u00e5r fina bes\u00f6kssiffror kommande\u00a0vecka.<\/p>\n<p>T\u00e4vlingarna startar med en prolog i Tidaholm p\u00e5 m\u00e5ndag den 10 juli och avslutas med ett tempolopp l\u00f6rdag den 16 juli. D\u00e4remellan k\u00f6rs tre linjelopp runt omkring Tidaholm och ett GP-lopp utmed Tidan.<\/p>\n<p><em>Bildtext:\u00a0Jacob Eriksson och Erik Bergstr\u00f6m Frisk p\u00e5 linjeloppet i SM d\u00e4r Motala AIF CK la beslag p\u00e5 alla tre pallplatserna i herrjuniorklassen Foto: Micke Fransson\/teambild.se<\/em><\/p>\n<h3>Program U6 Cycle Tour i Tidaholm<\/h3>\n<p><strong>M\u00e5ndag 10 juli<\/strong><br \/>\nTempolopp i Tidaholm, Start 09.00<\/p>\n<p><strong>Tisdag 11 juli<\/strong><br \/>\nLinjelopp start och m\u00e5l i Tidaholm, Start 09.00<\/p>\n<p><strong>Onsdag 12 juli<\/strong><br \/>\nLinjelopp start och m\u00e5l i H\u00e4rja utanf\u00f6r Tidaholm, Start 09.00<\/p>\n<p><strong>Torsdag 13 juli<\/strong><br \/>\nGP i centrala Tidaholm, Start 09.00<\/p>\n<p><strong>Fredag 14 juli<\/strong><br \/>\nLinjelopp start och m\u00e5l vid Ekedalen utanf\u00f6r Tidaholm, Start 09.00<\/p>\n<p><strong>L\u00f6rdag 15 juli<\/strong><br \/>\nTempolopp start och m\u00e5l i Tidaholm, Start 08.00<\/p>\n","protected":false},"excerpt":{"rendered":"<p>P\u00e5 m\u00e5ndag \u00e4r det dags f\u00f6r U6 Cycle Tour i Tidaholm,\u00a0Sveriges st\u00f6rsta etapplopp inom landsv\u00e4g. Cyklister fr\u00e5n f\u00f6reningar i Sverige och norra Europa kommer d\u00e5 till V\u00e4sterg\u00f6tland f\u00f6r att k\u00f6ra de sex etapperna i och runt Tidaholm. Etapploppet \u00e4r \u00f6ppet f\u00f6r aktiva i alla \u00e5ldrar, fr\u00e5n de yngsta cyklisterna i Coming Bikers till elitklassen.<a href=\"https:\/\/scf.se\/landsvag\/u6-cycle-tour\/\" class=\"news-card__more\"> &#8230;<\/a><\/p>\n","protected":false},"author":2,"featured_media":0,"comment_status":"open","ping_status":"open","sticky":false,"template":"","format":"standard","meta":{"_acf_changed":false,"footnotes":""},"categories":[1],"tags":[],"class_list":["post-1220","post","type-post","status-publish","format-standard","hentry","category-landsvag"],"acf":[],"_links":{"self":[{"href":"https:\/\/scf.se\/landsvag\/wp-json\/wp\/v2\/posts\/1220","targetHints":{"allow":["GET"]}}],"collection":[{"href":"https:\/\/scf.se\/landsvag\/wp-json\/wp\/v2\/posts"}],"about":[{"href":"https:\/\/scf.se\/landsvag\/wp-json\/wp\/v2\/types\/post"}],"author":[{"embeddable":true,"href":"https:\/\/scf.se\/landsvag\/wp-json\/wp\/v2\/users\/2"}],"replies":[{"embeddable":true,"href":"https:\/\/scf.se\/landsvag\/wp-json\/wp\/v2\/comments?post=1220"}],"version-history":[{"count":0,"href":"https:\/\/scf.se\/landsvag\/wp-json\/wp\/v2\/posts\/1220\/revisions"}],"wp:attachment":[{"href":"https:\/\/scf.se\/landsvag\/wp-json\/wp\/v2\/media?parent=1220"}],"wp:term":[{"taxonomy":"category","embeddable":true,"href":"https:\/\/scf.se\/landsvag\/wp-json\/wp\/v2\/categories?post=1220"},{"taxonomy":"post_tag","embeddable":true,"href":"https:\/\/scf.se\/landsvag\/wp-json\/wp\/v2\/tags?post=1220"}],"curies":[{"name":"wp","href":"https:\/\/api.w.org\/{rel}","templated":true}]}}