
{"id":1164,"date":"2017-06-26T11:27:17","date_gmt":"2017-06-26T09:27:17","guid":{"rendered":"http:\/\/scf.se\/landsvag\/?p=1164"},"modified":"2017-06-26T11:45:17","modified_gmt":"2017-06-26T09:45:17","slug":"tempo-sm-avgjorts-lisa-norden-och-tobias-ludvigsson-tar-hem-gulden","status":"publish","type":"post","link":"https:\/\/scf.se\/landsvag\/tempo-sm-avgjorts-lisa-norden-och-tobias-ludvigsson-tar-hem-gulden\/","title":{"rendered":"Tempo-SM avgjorts Lisa Nord\u00e9n och Tobias Ludvigsson tar hem gulden"},"content":{"rendered":"<p>En\u00a0utmanande och\u00a0tekniskt kr\u00e4vande tempobana fick inleda landsv\u00e4g-SM\u00a0i Burseryd.\u00a0I herrelit fick den regerande svenska\u00a0m\u00e4staren\u00a0Alexander Wetterhall se sig slagen med 39,4 sekunder av f\u00f6rra \u00e5rets tv\u00e5 Tobias Ludvigsson.\u00a0Tredjeplatsen gick till Hampus Anderberg.<\/p>\n<blockquote><p>\u2013 Det \u00e4r hur sk\u00f6nt som helst, jag har inte fattat det riktigt \u00e4n, det \u00e4r mitt f\u00f6rsta SM-guld p\u00e5 femmilen s\u00e5 det k\u00e4nns extra sk\u00f6nt, s\u00e4ger Tobias Ludvigsson efter m\u00e5lg\u00e5ng.<\/p><\/blockquote>\n<div id=\"attachment_1170\" class=\"wp-caption alignnone\" ><a href=\"https:\/\/scf.se\/landsvag\/wp-content\/uploads\/sites\/5\/2017\/06\/Wallner_170622_41288.jpg\"><img loading=\"lazy\" decoding=\"async\" class=\"size-large wp-image-1170\" src=\"https:\/\/scf.se\/landsvag\/wp-content\/uploads\/sites\/5\/2017\/06\/Wallner_170622_41288-1024x683.jpg\" alt=\"Tobias Lundvigsson under tempo-SM. \" width=\"1024\" height=\"683\" srcset=\"https:\/\/scf.se\/landsvag\/wp-content\/uploads\/sites\/5\/2017\/06\/Wallner_170622_41288-1024x683.jpg 1024w, https:\/\/scf.se\/landsvag\/wp-content\/uploads\/sites\/5\/2017\/06\/Wallner_170622_41288-300x200.jpg 300w, https:\/\/scf.se\/landsvag\/wp-content\/uploads\/sites\/5\/2017\/06\/Wallner_170622_41288-768x512.jpg 768w, https:\/\/scf.se\/landsvag\/wp-content\/uploads\/sites\/5\/2017\/06\/Wallner_170622_41288.jpg 1200w\" sizes=\"auto, (max-width: 1024px) 100vw, 1024px\" \/><\/a><p class=\"wp-caption-text\">Tobias Lundvigsson under tempo-SM.<\/p><\/div>\n<p><div class=\"video-wrapper\"><iframe loading=\"lazy\" title=\"Herrelit tempo landsv\u00e4gs-SM 2017 REPLAY\" width=\"500\" height=\"281\" src=\"https:\/\/www.youtube.com\/embed\/1xiIyQu_oVE?feature=oembed\" frameborder=\"0\" allow=\"accelerometer; autoplay; clipboard-write; encrypted-media; gyroscope; picture-in-picture; web-share\" referrerpolicy=\"strict-origin-when-cross-origin\" allowfullscreen><\/iframe><\/div><\/p>\n<p>I damelit\u00a0klassen tog Lisa Nord\u00e9n sitt f\u00f6rsta SM-guld i tempo med 30 sekunder till godo f\u00f6ra triathlet kollegan \u00c5sa Lundstr\u00f6m, tredjeplatsen knep Hanna Nilsson.<\/p>\n<blockquote><p>\u2013 Banan var utmanande, ganska annorlunda fr\u00e5n en klassisk tempobana, f\u00f6rst lite gruspartier i skogen med ganska tajta sv\u00e4ngar. S\u00e5 det var jag lite nerv\u00f6st \u00f6ver att jag skulle tok\u00a0ladda och kanske k\u00f6ra lite f\u00f6r fort men det gick ganska bra, sen resten av banan var j\u00e4ttefin, rullande genom skog och lite \u00f6ppet, halvbl\u00e5sigt och halvjobbigt hela tiden, s\u00e4ger Lisa Nord\u00e9n om banan efter sin seger under onsdagen.<\/p><\/blockquote>\n<div id=\"attachment_1171\" class=\"wp-caption alignnone\" ><a href=\"https:\/\/scf.se\/landsvag\/wp-content\/uploads\/sites\/5\/2017\/06\/Wallner_170621_40788.jpg\"><img loading=\"lazy\" decoding=\"async\" class=\"size-large wp-image-1171\" src=\"https:\/\/scf.se\/landsvag\/wp-content\/uploads\/sites\/5\/2017\/06\/Wallner_170621_40788-1024x683.jpg\" alt=\"Lisa Nord\u00e9n tempo-SM 2017 i Burseryd. \" width=\"1024\" height=\"683\" srcset=\"https:\/\/scf.se\/landsvag\/wp-content\/uploads\/sites\/5\/2017\/06\/Wallner_170621_40788-1024x683.jpg 1024w, https:\/\/scf.se\/landsvag\/wp-content\/uploads\/sites\/5\/2017\/06\/Wallner_170621_40788-300x200.jpg 300w, https:\/\/scf.se\/landsvag\/wp-content\/uploads\/sites\/5\/2017\/06\/Wallner_170621_40788-768x512.jpg 768w, https:\/\/scf.se\/landsvag\/wp-content\/uploads\/sites\/5\/2017\/06\/Wallner_170621_40788.jpg 1200w\" sizes=\"auto, (max-width: 1024px) 100vw, 1024px\" \/><\/a><p class=\"wp-caption-text\">Lisa Nord\u00e9n tempo-SM 2017 i Burseryd.<\/p><\/div>\n<p><div class=\"video-wrapper\"><iframe loading=\"lazy\" title=\"Damelit tempo landsv\u00e4gs-SM 2017 REPLAY\" width=\"500\" height=\"281\" src=\"https:\/\/www.youtube.com\/embed\/5mk7w8XaIn4?feature=oembed\" frameborder=\"0\" allow=\"accelerometer; autoplay; clipboard-write; encrypted-media; gyroscope; picture-in-picture; web-share\" referrerpolicy=\"strict-origin-when-cross-origin\" allowfullscreen><\/iframe><\/div><\/p>\n<p><strong>Herrelit 49,2 km:<\/strong><\/p>\n<p>1a. Tobias Ludvigsson, klubb: cykelklubb\u00a0HVR16<\/p>\n<p>2a. Alexander Wetterhall, klubb: Tre berg cykelklubb<\/p>\n<p>3a. Hampus Anderberg, klubb: Halmstad cykelklubb<\/p>\n<div id=\"attachment_1166\" class=\"wp-caption alignnone\" ><a href=\"https:\/\/scf.se\/landsvag\/wp-content\/uploads\/sites\/5\/2017\/06\/Wallner_170622_41656.jpg\"><img loading=\"lazy\" decoding=\"async\" class=\"size-large wp-image-1166\" src=\"https:\/\/scf.se\/landsvag\/wp-content\/uploads\/sites\/5\/2017\/06\/Wallner_170622_41656-1024x683.jpg\" alt=\"1a. Tobias Ludvigsson, klubb: cykelklubb HVR16 2a. Alexander Wetterhall, klubb: Tre berg cykelklubb 3a. Hampus Anderberg, klubb: Halmstad cykelklubb \" width=\"1024\" height=\"683\" srcset=\"https:\/\/scf.se\/landsvag\/wp-content\/uploads\/sites\/5\/2017\/06\/Wallner_170622_41656-1024x683.jpg 1024w, https:\/\/scf.se\/landsvag\/wp-content\/uploads\/sites\/5\/2017\/06\/Wallner_170622_41656-300x200.jpg 300w, https:\/\/scf.se\/landsvag\/wp-content\/uploads\/sites\/5\/2017\/06\/Wallner_170622_41656-768x512.jpg 768w, https:\/\/scf.se\/landsvag\/wp-content\/uploads\/sites\/5\/2017\/06\/Wallner_170622_41656.jpg 1200w\" sizes=\"auto, (max-width: 1024px) 100vw, 1024px\" \/><\/a><p class=\"wp-caption-text\">1a. Tobias Ludvigsson, klubb: cykelklubb HVR16\u00a02a. Alexander Wetterhall, klubb: Tre berg cykelklubb\u00a03a. Hampus Anderberg, klubb: Halmstad cykelklubb<\/p><\/div>\n<p><strong>Damelit 24km:\u00a0<\/strong><\/p>\n<p>1a. Lisa Nord\u00e9n, klubb: Stockholms Cykelklubb<\/p>\n<p>2a. \u00c5sa Lundstr\u00f6m, klubb: Terrible Tuesdays Triathlon<\/p>\n<p>3a. Hanna Nilsson, klubb: \u00c5hus Cykelklubb<\/p>\n<div id=\"attachment_1167\" class=\"wp-caption alignnone\" ><a href=\"https:\/\/scf.se\/landsvag\/wp-content\/uploads\/sites\/5\/2017\/06\/Wallner_170621_40984.jpg\"><img loading=\"lazy\" decoding=\"async\" class=\"size-large wp-image-1167\" src=\"https:\/\/scf.se\/landsvag\/wp-content\/uploads\/sites\/5\/2017\/06\/Wallner_170621_40984-1024x683.jpg\" alt=\"1a. Lisa Nord\u00e9n, klubb: Stockholms Cykelklubb 2a. \u00c5sa Lundstr\u00f6m, klubb: Terrible Tuesdays Triathlon 3a. Hanna Nilsson, klubb: \u00c5hus Cykelklubb\" width=\"1024\" height=\"683\" srcset=\"https:\/\/scf.se\/landsvag\/wp-content\/uploads\/sites\/5\/2017\/06\/Wallner_170621_40984-1024x683.jpg 1024w, https:\/\/scf.se\/landsvag\/wp-content\/uploads\/sites\/5\/2017\/06\/Wallner_170621_40984-300x200.jpg 300w, https:\/\/scf.se\/landsvag\/wp-content\/uploads\/sites\/5\/2017\/06\/Wallner_170621_40984-768x512.jpg 768w, https:\/\/scf.se\/landsvag\/wp-content\/uploads\/sites\/5\/2017\/06\/Wallner_170621_40984.jpg 1200w\" sizes=\"auto, (max-width: 1024px) 100vw, 1024px\" \/><\/a><p class=\"wp-caption-text\">1a. Lisa Nord\u00e9n, klubb: Stockholms Cykelklubb\u00a02a. \u00c5sa Lundstr\u00f6m, klubb: Terrible Tuesdays Triathlon\u00a03a. Hanna Nilsson, klubb: \u00c5hus Cykelklubb.<\/p><\/div>\n<p><strong>Herrjunior:\u00a0<\/strong><\/p>\n<p>1a. Christoffer Wall, klubb: Halmstad Cykelklubb<\/p>\n<p>2a. Adam Svensson, klubb: Cykelklubben Bure<\/p>\n<p>3a. Erik Frisk Bergstr\u00f6m klubb: Motala AIF Cykelklubb<\/p>\n<div id=\"attachment_1168\" class=\"wp-caption alignnone\" ><a href=\"https:\/\/scf.se\/landsvag\/wp-content\/uploads\/sites\/5\/2017\/06\/Wallner_170621_40930.jpg\"><img loading=\"lazy\" decoding=\"async\" class=\"size-large wp-image-1168\" src=\"https:\/\/scf.se\/landsvag\/wp-content\/uploads\/sites\/5\/2017\/06\/Wallner_170621_40930-1024x683.jpg\" alt=\"1a. Christoffer Wall, klubb: Halmstad Cykelklubb 2a. Adam Svensson, klubb: Cykelklubben Bure 3a. Erik Frisk Bergstr\u00f6m klubb: Motala AIF Cykelklubb \" width=\"1024\" height=\"683\" srcset=\"https:\/\/scf.se\/landsvag\/wp-content\/uploads\/sites\/5\/2017\/06\/Wallner_170621_40930-1024x683.jpg 1024w, https:\/\/scf.se\/landsvag\/wp-content\/uploads\/sites\/5\/2017\/06\/Wallner_170621_40930-300x200.jpg 300w, https:\/\/scf.se\/landsvag\/wp-content\/uploads\/sites\/5\/2017\/06\/Wallner_170621_40930-768x512.jpg 768w, https:\/\/scf.se\/landsvag\/wp-content\/uploads\/sites\/5\/2017\/06\/Wallner_170621_40930.jpg 1200w\" sizes=\"auto, (max-width: 1024px) 100vw, 1024px\" \/><\/a><p class=\"wp-caption-text\">1a. Christoffer Wall, klubb: Halmstad Cykelklubb\u00a02a. Adam Svensson, klubb: Cykelklubben Bure\u00a03a. Erik Frisk Bergstr\u00f6m klubb: Motala AIF Cykelklubb<\/p><\/div>\n<p><strong>Damjunior:<br \/>\n<\/strong><\/p>\n<p>1a. Clara Lundmark, klubb: Norbergs cykelklubb<\/p>\n<p>2a. Johanna Johansson, klubb: Kinds Go Green Cykelklubb<\/p>\n<p>3a. Alva Lindfors, klubb: V\u00e4ster\u00e5s Cykelklubb<\/p>\n<div id=\"attachment_1169\" class=\"wp-caption alignnone\" ><a href=\"https:\/\/scf.se\/landsvag\/wp-content\/uploads\/sites\/5\/2017\/06\/Wallner_170622_41095.jpg\"><img loading=\"lazy\" decoding=\"async\" class=\"size-large wp-image-1169\" src=\"https:\/\/scf.se\/landsvag\/wp-content\/uploads\/sites\/5\/2017\/06\/Wallner_170622_41095-1024x683.jpg\" alt=\"Clara Lundmark, klubb: Norbergs cykelklubb Johanna Johansson, klubb: Kinds Go Green Cykelklubb Alva Lindfors, klubb: V\u00e4ster\u00e5s Cykelklubb \" width=\"1024\" height=\"683\" srcset=\"https:\/\/scf.se\/landsvag\/wp-content\/uploads\/sites\/5\/2017\/06\/Wallner_170622_41095-1024x683.jpg 1024w, https:\/\/scf.se\/landsvag\/wp-content\/uploads\/sites\/5\/2017\/06\/Wallner_170622_41095-300x200.jpg 300w, https:\/\/scf.se\/landsvag\/wp-content\/uploads\/sites\/5\/2017\/06\/Wallner_170622_41095-768x512.jpg 768w, https:\/\/scf.se\/landsvag\/wp-content\/uploads\/sites\/5\/2017\/06\/Wallner_170622_41095.jpg 1200w\" sizes=\"auto, (max-width: 1024px) 100vw, 1024px\" \/><\/a><p class=\"wp-caption-text\">Clara Lundmark, klubb: Norbergs cykelklubb\u00a0Johanna Johansson, klubb: Kinds Go Green Cykelklubb\u00a0Alva Lindfors, klubb: V\u00e4ster\u00e5s Cykelklubb<\/p><\/div>\n","protected":false},"excerpt":{"rendered":"<p>En\u00a0utmanande och\u00a0tekniskt kr\u00e4vande tempobana fick inleda landsv\u00e4g-SM\u00a0i Burseryd.\u00a0I herrelit fick den regerande svenska\u00a0m\u00e4staren\u00a0Alexander Wetterhall se sig slagen med 39,4 sekunder av f\u00f6rra \u00e5rets tv\u00e5 Tobias Ludvigsson.\u00a0Tredjeplatsen gick till Hampus Anderberg. \u2013 Det \u00e4r hur sk\u00f6nt som helst, jag har inte fattat det riktigt \u00e4n, det \u00e4r mitt f\u00f6rsta SM-guld p\u00e5 femmilen s\u00e5 det k\u00e4nns<a href=\"https:\/\/scf.se\/landsvag\/tempo-sm-avgjorts-lisa-norden-och-tobias-ludvigsson-tar-hem-gulden\/\" class=\"news-card__more\"> &#8230;<\/a><\/p>\n","protected":false},"author":24,"featured_media":0,"comment_status":"open","ping_status":"open","sticky":false,"template":"","format":"standard","meta":{"_acf_changed":false,"footnotes":""},"categories":[1],"tags":[],"class_list":["post-1164","post","type-post","status-publish","format-standard","hentry","category-landsvag"],"acf":[],"_links":{"self":[{"href":"https:\/\/scf.se\/landsvag\/wp-json\/wp\/v2\/posts\/1164","targetHints":{"allow":["GET"]}}],"collection":[{"href":"https:\/\/scf.se\/landsvag\/wp-json\/wp\/v2\/posts"}],"about":[{"href":"https:\/\/scf.se\/landsvag\/wp-json\/wp\/v2\/types\/post"}],"author":[{"embeddable":true,"href":"https:\/\/scf.se\/landsvag\/wp-json\/wp\/v2\/users\/24"}],"replies":[{"embeddable":true,"href":"https:\/\/scf.se\/landsvag\/wp-json\/wp\/v2\/comments?post=1164"}],"version-history":[{"count":0,"href":"https:\/\/scf.se\/landsvag\/wp-json\/wp\/v2\/posts\/1164\/revisions"}],"wp:attachment":[{"href":"https:\/\/scf.se\/landsvag\/wp-json\/wp\/v2\/media?parent=1164"}],"wp:term":[{"taxonomy":"category","embeddable":true,"href":"https:\/\/scf.se\/landsvag\/wp-json\/wp\/v2\/categories?post=1164"},{"taxonomy":"post_tag","embeddable":true,"href":"https:\/\/scf.se\/landsvag\/wp-json\/wp\/v2\/tags?post=1164"}],"curies":[{"name":"wp","href":"https:\/\/api.w.org\/{rel}","templated":true}]}}