
{"id":960,"date":"2026-08-31T14:45:37","date_gmt":"2026-08-31T12:45:37","guid":{"rendered":"https:\/\/scf.se\/gravel\/?p=960"},"modified":"2026-08-31T14:50:21","modified_gmt":"2026-08-31T12:50:21","slug":"starka-svenska-insatser-pa-gravel-em-i-belgien-bade-i-elit-och-masters","status":"publish","type":"post","link":"https:\/\/scf.se\/gravel\/2026\/08\/31\/starka-svenska-insatser-pa-gravel-em-i-belgien-bade-i-elit-och-masters\/","title":{"rendered":"Tv\u00e5 mastersguld och starka svenska insatser i elit p\u00e5 j\u00e4ttetufft gravel-EM"},"content":{"rendered":"<p class=\"isSelectedEnd\"><strong>Det var en v \u00e4ldigt tuff banstr\u00e4ckning med m\u00e5nga h\u00f6jdmeter att ta p\u00e5 klassisk cykelmark i belgiska Houffalize n\u00e4r EM i gravel avgjordes. B\u00e5de Michael Tjulander och regerande svenska m\u00e4staren i linjelopp, Clara Lundmark, placerade sig topp 30 i respektive elitklass. Vi fick ocks\u00e5 tv\u00e5 svenska Europam\u00e4stare i mastersklasserna i form av Nellie Larsson i D45 och Krister Bergstr\u00f6m i H70.<\/strong><\/p>\n<h2><img loading=\"lazy\" decoding=\"async\" class=\"alignnone size-full wp-image-979\" src=\"https:\/\/scf.se\/gravel\/wp-content\/uploads\/sites\/19\/2026\/08\/dddd.jpg\" alt=\"\" width=\"946\" height=\"1311\" srcset=\"https:\/\/scf.se\/gravel\/wp-content\/uploads\/sites\/19\/2026\/08\/dddd.jpg 946w, https:\/\/scf.se\/gravel\/wp-content\/uploads\/sites\/19\/2026\/08\/dddd-216x300.jpg 216w, https:\/\/scf.se\/gravel\/wp-content\/uploads\/sites\/19\/2026\/08\/dddd-739x1024.jpg 739w, https:\/\/scf.se\/gravel\/wp-content\/uploads\/sites\/19\/2026\/08\/dddd-768x1064.jpg 768w\" sizes=\"auto, (max-width: 946px) 100vw, 946px\" \/><\/h2>\n<h2>Michael Tjulander tidsm\u00e4ssigt n\u00e4ra medalj\u00f6rerna p\u00e5 stentuff bana<\/h2>\n<p>Inte minst Michael Tjulander gjorde ett j\u00e4ttelopp p\u00e5 grusv\u00e4gar som hade torkat upp till herrarnas lopp. Men med hela 2190 meter p\u00e5 drygt 14 mil kilometer varav 150 p\u00e5 de tv\u00e5 f\u00f6rsta kilometerna p\u00e5 vart och ett av de tre varven. Det var rej\u00e4lt tufft det. Extra starkt att Tjulander bara var bara drygt tolv minuter efter segrande dansken Mads W\u00fcrtz Schmidt.<\/p>\n<p>Tjulander blev 26:a och Edvin Lovidius k\u00f6rde in p\u00e5 plats 109 i herrklassen. Clara Lundmark 30:e just i damelit. S\u00e5 h\u00e4r s\u00e5g det ut tidsm\u00e4ssigt d\u00e4r vi ska notera en t\u00e4t spurt om guldet i damklassen.<\/p>\n<h3 class=\"isSelectedEnd\">EM gravel damer elit<\/h3>\n<p class=\"isSelectedEnd\">1 <strong>Femke Markus<\/strong>, Nederl\u00e4nderna 4.57.27<br \/>\n2 <strong>Shirin van Anrooij<\/strong>, Nederl\u00e4nderna +0.02<br \/>\n3 <strong>Axelle Dubau-Pr\u00e9vot<\/strong>, Frankrike +0.08<br \/>\n30 <strong>Clara Lundmark<\/strong>, Sverige +30.58<\/p>\n<h3 class=\"isSelectedEnd\">EM gravel herrar elit<\/h3>\n<p>1 <strong>Mads W\u00fcrtz Schmidt<\/strong>, Danmark 4.09.57<br \/>\n2 <strong>Wout Alleman<\/strong>, Belgien +1.09<br \/>\n3 <strong>Niels Vandeputte<\/strong>, Belgien +3.43<br \/>\n26 <strong>Michael Tjulander<\/strong>, Sverige +12.33<br \/>\n109 <strong>Edvin Lovidius<\/strong>, Sverige +45.33<\/p>\n<ul>\n<li><a href=\"https:\/\/www.uec.ch\/resources\/2026%20Events\/gravel\/res.pdf\"><em><strong>Alla resultat i pdf-form hittar ni h\u00e4r!<\/strong><\/em><\/a><\/li>\n<\/ul>\n<h3>***<\/h3>\n<p>&nbsp;<\/p>\n<img loading=\"lazy\" decoding=\"async\" class=\"alignnone size-full wp-image-974\" src=\"https:\/\/scf.se\/gravel\/wp-content\/uploads\/sites\/19\/2026\/08\/IMG_3894.jpg\" alt=\"\" width=\"1979\" height=\"2400\" srcset=\"https:\/\/scf.se\/gravel\/wp-content\/uploads\/sites\/19\/2026\/08\/IMG_3894.jpg 1979w, https:\/\/scf.se\/gravel\/wp-content\/uploads\/sites\/19\/2026\/08\/IMG_3894-247x300.jpg 247w, https:\/\/scf.se\/gravel\/wp-content\/uploads\/sites\/19\/2026\/08\/IMG_3894-844x1024.jpg 844w, https:\/\/scf.se\/gravel\/wp-content\/uploads\/sites\/19\/2026\/08\/IMG_3894-768x931.jpg 768w, https:\/\/scf.se\/gravel\/wp-content\/uploads\/sites\/19\/2026\/08\/IMG_3894-1267x1536.jpg 1267w, https:\/\/scf.se\/gravel\/wp-content\/uploads\/sites\/19\/2026\/08\/IMG_3894-1689x2048.jpg 1689w\" sizes=\"auto, (max-width: 1979px) 100vw, 1979px\" \/>\n<h2><strong data-start=\"15\" data-end=\"33\">Nellie Larsson och Krister Bergstr\u00f6m i Europam\u00e4startr\u00f6jor<\/strong><\/h2>\n<p class=\"isSelectedEnd\"><strong>Det blev gl\u00e4djande nog tv\u00e5 svenska guld och flera vassa placeringar i age group-klasserna p\u00e5 ett extremt tufft gravel-EM. Nellie Larsson vann D45 och Krister Bergstr\u00f6m H70, b\u00e5da med rej\u00e4la marginaler efter imponerande starka lopp. Vi tog en koll med Nellie Larsson som klarade av de 2750 h\u00f6jdmetrarna p\u00e5 den 142 kilometer l\u00e5nga banan p\u00e5 ett fantastiskt bra s\u00e4tt.<\/strong><\/p>\n<p class=\"isSelectedEnd\">\u201dDet var den mest extrema start jag har gjort. Vi gick rakt in i en kilometerl\u00e5ng backe med lutning p\u00e5 upp mot 20 procent. Jag kom med t\u00e4ten upp och gick snart upp i ledning i min klass. Jag blev ikappk\u00f6rd i slutet av det f\u00f6rsta varvet, men kunde g\u00e5 ifr\u00e5n igen i b\u00f6rjan av varv tv\u00e5 och drygade sedan successivt ut ledningen. Banan bestod av m\u00e5nga branta uppf\u00f6rsbackar och snabba, delvis tekniska utf\u00f6rsk\u00f6rningar, s\u00e5 man fick jobba h\u00e5rt b\u00e5de uppf\u00f6r och utf\u00f6r.\u201d<\/p>\n<p class=\"isSelectedEnd\">\u201dJag l\u00e5g mest sj\u00e4lv under loppet och k\u00f6rde om m\u00e5nga masterherrar som startade f\u00f6re oss damer. Jag fick tider av min man under loppet och n\u00e4r jag gick ut p\u00e5 tredje varvet hade jag ungef\u00e4r tv\u00e5 minuter bak. Jag k\u00e4nde mig v\u00e4ldigt stark i det l\u00e4get och kunde g\u00e5 p\u00e5 bra under hela sista varvet. Till slut hade jag drygt tre minuter i m\u00e5l\u201d, s\u00e4ger Nellie Larsson.<\/p>\n<p class=\"isSelectedEnd\">Hon hade totalt tio damer i klasserna 19\u201349 framf\u00f6r sig \u2013 och 33 i damelit.<\/p>\n<p class=\"isSelectedEnd\">\u201dS\u00e5 jag \u00e4r verkligen j\u00e4tten\u00f6jd med min insats. Kul ocks\u00e5 att det gick bra f\u00f6r fler svenska master\u00e5kare!\u201d<\/p>\n<p>Exakt s\u00e5 h\u00e4r gick det f\u00f6r alla svenska mastercyklister som tog sig i m\u00e5l och noterade ett EM-resultat, bara det en bedrift denna g\u00e5ng.<\/p>\n<h3 data-start=\"0\" data-end=\"11\">EM gravel damer 45\u201349<\/h3>\n<p data-start=\"13\" data-end=\"232\">1 <strong data-start=\"15\" data-end=\"33\">Nellie Larsson<\/strong>, Sverige 5.31.53<br \/>\n2 <strong data-start=\"53\" data-end=\"72\">Katharina Garus<\/strong>, Tyskland +3.06<br \/>\n3 <strong data-start=\"91\" data-end=\"108\">Stefanie Adam<\/strong>, Belgien +10.56<br \/>\n4 <strong data-start=\"127\" data-end=\"149\">Sofia Christiansen<\/strong>, Sverige +27.59<\/p>\n<h3 data-start=\"234\" data-end=\"245\">EM gravel damer 50\u201364<\/h3>\n<p data-start=\"247\" data-end=\"321\">1 <strong data-start=\"249\" data-end=\"269\">Marijke De Smedt<\/strong>, Belgien 3.46.15<br \/>\n5 <strong data-start=\"290\" data-end=\"305\">Marie Rydne<\/strong>, Sverige +20.33<\/p>\n<h3 data-start=\"405\" data-end=\"417\">EM gravel herrar 65\u201369<\/h3>\n<p data-start=\"419\" data-end=\"493\">1 <strong data-start=\"421\" data-end=\"434\">Jan Olsen<\/strong>, Danmark 3.33.57<br \/>\n11 <strong data-start=\"455\" data-end=\"477\">Lars Erik Karlsson<\/strong>, Sverige +34.03<\/p>\n<h3 data-start=\"495\" data-end=\"507\">EM gravel herrar 70\u201374<\/h3>\n<p data-start=\"509\" data-end=\"698\">1 <strong data-start=\"511\" data-end=\"532\">Krister Bergstr\u00f6m<\/strong>, Sverige 3.54.21<br \/>\n2 <strong data-start=\"552\" data-end=\"569\">Daniel Arquey<\/strong>, Frankrike +4.43<br \/>\n3 <strong data-start=\"589\" data-end=\"605\">Jos van Dorp<\/strong>, Nederl\u00e4nderna +8.14<br \/>\n6 <strong data-start=\"629\" data-end=\"648\">Benny Andersson<\/strong>, Sverige +17.55<\/p>\n<h3 data-start=\"700\" data-end=\"712\">EM gravel herrar 75\u201379<\/h3>\n<p data-start=\"714\" data-end=\"791\" data-is-last-node=\"\" data-is-only-node=\"\">1 <strong data-start=\"716\" data-end=\"732\">R\u00e9gis Pinson<\/strong>, Frankrike 2.01.30<br \/>\n5 <strong data-start=\"754\" data-end=\"775\">G\u00f6ran Lennartsson<\/strong>, Sverige +12.41<\/p>\n<ul>\n<li><a href=\"https:\/\/scf.se\/gravel\/2026\/08\/24\/svenska-gravelcyklister-valkomnas-till-nm-och-world-series-i-danmark\/\"><em><strong>Missa inte att NM i gravel avg\u00f6rs <\/strong><\/em><\/a><em><strong><a href=\"https:\/\/scf.se\/gravel\/2026\/08\/24\/svenska-gravelcyklister-valkomnas-till-nm-och-world-series-i-danmark\/\">p\u00e5 Jylland <\/a><\/strong><\/em><em><strong><a href=\"https:\/\/scf.se\/gravel\/2026\/08\/24\/svenska-gravelcyklister-valkomnas-till-nm-och-world-series-i-danmark\/\">den 5 september<\/a><a href=\"https:\/\/scf.se\/gravel\/2026\/08\/24\/svenska-gravelcyklister-valkomnas-till-nm-och-world-series-i-danmark\/\">, sista registrering p\u00e5 torsdag den 3 september kl 23.59 \u2013 info och l\u00e4nk till registrering h\u00e4r!<\/a><\/strong><\/em><\/li>\n<\/ul>\n<p><em>Text: SCF<\/em><br \/>\n<em>Foto: Privat<\/em><\/p>\n<p>&nbsp;<\/p>\n","protected":false},"excerpt":{"rendered":"<p>Det var en v \u00e4ldigt tuff banstr\u00e4ckning med m\u00e5nga h\u00f6jdmeter att ta p\u00e5 klassisk cykelmark i belgiska Houffalize n\u00e4r EM i gravel avgjordes. B\u00e5de Michael Tjulander och regerande svenska m\u00e4staren i linjelopp, Clara Lundmark, placerade sig topp 30 i respektive elitklass. Vi fick ocks\u00e5 tv\u00e5 svenska Europam\u00e4stare i mastersklasserna i form av Nellie Larsson<a href=\"https:\/\/scf.se\/gravel\/2026\/08\/31\/starka-svenska-insatser-pa-gravel-em-i-belgien-bade-i-elit-och-masters\/\" class=\"news-card__more\"> &#8230;<\/a><\/p>\n","protected":false},"author":41,"featured_media":978,"comment_status":"open","ping_status":"open","sticky":true,"template":"","format":"standard","meta":{"_acf_changed":false,"footnotes":""},"categories":[1],"tags":[],"class_list":["post-960","post","type-post","status-publish","format-standard","hentry","category-okategoriserade"],"acf":[],"_links":{"self":[{"href":"https:\/\/scf.se\/gravel\/wp-json\/wp\/v2\/posts\/960","targetHints":{"allow":["GET"]}}],"collection":[{"href":"https:\/\/scf.se\/gravel\/wp-json\/wp\/v2\/posts"}],"about":[{"href":"https:\/\/scf.se\/gravel\/wp-json\/wp\/v2\/types\/post"}],"author":[{"embeddable":true,"href":"https:\/\/scf.se\/gravel\/wp-json\/wp\/v2\/users\/41"}],"replies":[{"embeddable":true,"href":"https:\/\/scf.se\/gravel\/wp-json\/wp\/v2\/comments?post=960"}],"version-history":[{"count":20,"href":"https:\/\/scf.se\/gravel\/wp-json\/wp\/v2\/posts\/960\/revisions"}],"predecessor-version":[{"id":986,"href":"https:\/\/scf.se\/gravel\/wp-json\/wp\/v2\/posts\/960\/revisions\/986"}],"wp:featuredmedia":[{"embeddable":true,"href":"https:\/\/scf.se\/gravel\/wp-json\/wp\/v2\/media\/978"}],"wp:attachment":[{"href":"https:\/\/scf.se\/gravel\/wp-json\/wp\/v2\/media?parent=960"}],"wp:term":[{"taxonomy":"category","embeddable":true,"href":"https:\/\/scf.se\/gravel\/wp-json\/wp\/v2\/categories?post=960"},{"taxonomy":"post_tag","embeddable":true,"href":"https:\/\/scf.se\/gravel\/wp-json\/wp\/v2\/tags?post=960"}],"curies":[{"name":"wp","href":"https:\/\/api.w.org\/{rel}","templated":true}]}}