
{"id":788,"date":"2025-10-13T08:51:24","date_gmt":"2025-10-13T06:51:24","guid":{"rendered":"https:\/\/scf.se\/gravel\/?p=788"},"modified":"2026-01-08T13:32:35","modified_gmt":"2026-01-08T12:32:35","slug":"stabila-svensklopp-i-tuff-konkurrens-pa-gravel-vm-i-nederlanderna","status":"publish","type":"post","link":"https:\/\/scf.se\/gravel\/2025\/10\/13\/stabila-svensklopp-i-tuff-konkurrens-pa-gravel-vm-i-nederlanderna\/","title":{"rendered":"Stabila svensklopp i elitklasserna p\u00e5 gravel-VM och en age-medalj"},"content":{"rendered":"<p><strong>\u00c5rets gravel-VM i s\u00f6dra Limburg inneh\u00f6ll mycket fina v\u00e4gar och breda stigar men det var n\u00e4stan hela tiden sv\u00e4ngar att hantera. Det svenska laget klarade sig bra. P\u00e5 damsidan var Emilia Fahlin och Hanna Nilsson b\u00e4st placerade, 34:a och 38:a, d\u00e4r det blev en popul\u00e4r hemmaseger i form av nederl\u00e4ndska v\u00e4rldsstj\u00e4rnan, den alltmer allroundstarka superspurtaren Lorena Wiebes. I herrelit var den enda deltagaren, Michael Tjulander, p\u00e5 plats 56 men under elva minuter fr\u00e5n t\u00e4t i ett lopp som gick stenh\u00e5rt tidigt.<\/strong><\/p>\n<img loading=\"lazy\" decoding=\"async\" class=\"alignnone size-full wp-image-791\" src=\"https:\/\/scf.se\/gravel\/wp-content\/uploads\/sites\/19\/2025\/10\/IMG_4382.jpg\" alt=\"\" width=\"2171\" height=\"2200\" srcset=\"https:\/\/scf.se\/gravel\/wp-content\/uploads\/sites\/19\/2025\/10\/IMG_4382.jpg 2171w, https:\/\/scf.se\/gravel\/wp-content\/uploads\/sites\/19\/2025\/10\/IMG_4382-296x300.jpg 296w, https:\/\/scf.se\/gravel\/wp-content\/uploads\/sites\/19\/2025\/10\/IMG_4382-1011x1024.jpg 1011w, https:\/\/scf.se\/gravel\/wp-content\/uploads\/sites\/19\/2025\/10\/IMG_4382-768x778.jpg 768w, https:\/\/scf.se\/gravel\/wp-content\/uploads\/sites\/19\/2025\/10\/IMG_4382-1516x1536.jpg 1516w, https:\/\/scf.se\/gravel\/wp-content\/uploads\/sites\/19\/2025\/10\/IMG_4382-2021x2048.jpg 2021w\" sizes=\"auto, (max-width: 2171px) 100vw, 2171px\" \/>\n<p>Emilia Fahlin (till v\u00e4nster) gjorde sin andra gravelstart n\u00e5gonsin, den f\u00f6rsta var VM-kvalet Gravel Grit&#8217;n Grind i Halmstad. Med en skr\u00e4ckblandad f\u00f6rtjusning vid start kom Emilia in p\u00e5 en fin 34:e plats.<\/p>\n<img loading=\"lazy\" decoding=\"async\" class=\"alignnone size-full wp-image-790\" src=\"https:\/\/scf.se\/gravel\/wp-content\/uploads\/sites\/19\/2025\/10\/Messenger_creation_5DB6A5AF-97F4-4E87-BCC9-2C8F0A5CD039.jpg\" alt=\"\" width=\"1200\" height=\"1059\" srcset=\"https:\/\/scf.se\/gravel\/wp-content\/uploads\/sites\/19\/2025\/10\/Messenger_creation_5DB6A5AF-97F4-4E87-BCC9-2C8F0A5CD039.jpg 1200w, https:\/\/scf.se\/gravel\/wp-content\/uploads\/sites\/19\/2025\/10\/Messenger_creation_5DB6A5AF-97F4-4E87-BCC9-2C8F0A5CD039-300x265.jpg 300w, https:\/\/scf.se\/gravel\/wp-content\/uploads\/sites\/19\/2025\/10\/Messenger_creation_5DB6A5AF-97F4-4E87-BCC9-2C8F0A5CD039-1024x904.jpg 1024w, https:\/\/scf.se\/gravel\/wp-content\/uploads\/sites\/19\/2025\/10\/Messenger_creation_5DB6A5AF-97F4-4E87-BCC9-2C8F0A5CD039-768x678.jpg 768w\" sizes=\"auto, (max-width: 1200px) 100vw, 1200px\" \/>\n<p>Hanna Nilsson \u00e4r desto mer rutinerad och har m\u00e5nga bra internationella resultat i \u00e5r n\u00e4r bland annat hon och VM-lagkompisen Nathalie Eklund har specialiserat sig p\u00e5 gravel. Nu fanns Hanna med i samma grupp som Emilia och blev nummer 38 i resultatlistan. Nathalie Eklund kom in tv\u00e5 minuter senare och noterade plats 56.<\/p>\n<p>Clara Lundmark satt med riktigt bra ben men en hon \u00e5kte p\u00e5 en riktig oturspunktering med tv\u00e5 mil kvar.<\/p>\n<blockquote><p>&#8221;Jag hade en superdag och k\u00f6rde helt klart f\u00f6r en topp 20. Men en spik i d\u00e4cket som inte gick att fixa satte stopp. V\u00e4ldigt surt n\u00e4r det k\u00e4ndes s\u00e5 bra och endast 20 kilometer kvar till m\u00e5l&#8230;&#8221;<\/p><\/blockquote>\n<h3>VM gravel 2025 damelit<\/h3>\n<ul>\n<li data-start=\"214\" data-end=\"444\">1 <strong>Lorena Wiebes<\/strong>, Nederl\u00e4nderna 3.58.16<\/li>\n<li data-start=\"214\" data-end=\"444\">2 <strong>Marianne Vos<\/strong>, Nederl\u00e4nderna +0.00<\/li>\n<li data-start=\"214\" data-end=\"444\">3<strong> Silvia Persico<\/strong>, Italien +0.02<\/li>\n<li data-start=\"214\" data-end=\"444\">4<strong> Yara Kastelijn<\/strong>, Nederl\u00e4nderna +0.04<\/li>\n<li data-start=\"214\" data-end=\"444\">5 <strong>Shirin van Anrooij<\/strong>, Nederl\u00e4nderna +0.10<\/li>\n<li data-start=\"214\" data-end=\"444\">6 <strong>Julia Kopeck\u00fd<\/strong>, Tjeckien +0.19<\/li>\n<li data-start=\"446\" data-end=\"582\">34 <strong>Emilia Fahlin<\/strong>, Sverige +7.20<\/li>\n<li data-start=\"446\" data-end=\"582\">38 <strong>Hanna Nilsson<\/strong>, Sverige +7.21<\/li>\n<li data-start=\"446\" data-end=\"582\">56 <strong>Nathalie Eklund<\/strong>, Sverige +9.17<\/li>\n<li data-start=\"446\" data-end=\"582\">98<strong> Clara Lundmark<\/strong>, Sverige<\/li>\n<\/ul>\n<h3>* * *<\/h3>\n<p>Michael Tjulander \u00e4r en av v\u00e5ra mest rutinerade gravelcyklister. Och trots att starka cyklister i den absoluta v\u00e4rldseliten, som britten Thomas Pidcock med sina MTB-skills samt ett helt koppel av belgare och n\u00e5gra vassa hemmacyklister, drev upp tempot tidigt hade Tjulander ambitionen att h\u00e4nga med.<\/p>\n<img loading=\"lazy\" decoding=\"async\" class=\"alignnone size-full wp-image-792\" src=\"https:\/\/scf.se\/gravel\/wp-content\/uploads\/sites\/19\/2025\/10\/Tjulander.jpg\" alt=\"\" width=\"960\" height=\"1105\" srcset=\"https:\/\/scf.se\/gravel\/wp-content\/uploads\/sites\/19\/2025\/10\/Tjulander.jpg 960w, https:\/\/scf.se\/gravel\/wp-content\/uploads\/sites\/19\/2025\/10\/Tjulander-261x300.jpg 261w, https:\/\/scf.se\/gravel\/wp-content\/uploads\/sites\/19\/2025\/10\/Tjulander-890x1024.jpg 890w, https:\/\/scf.se\/gravel\/wp-content\/uploads\/sites\/19\/2025\/10\/Tjulander-768x884.jpg 768w\" sizes=\"auto, (max-width: 960px) 100vw, 960px\" \/>\n<p>Nu blev det en 56:e plats f\u00f6r Tjulander, knappa elva minuter efter segrande Florian Vermeersch. Det var en r\u00f6rd belgare som efter tv\u00e5 andraplatser p\u00e5 gravel-VM \u00e4ntligen fick knyta ihop det med en efterl\u00e4ngtad guldmedalj och regnb\u00e5gstr\u00f6ja.<\/p>\n<blockquote><p>&#8221;Jag hade siktet inst\u00e4llt p\u00e5 topp 20\u201330, men banan var tuffare och mer sv\u00e4ngig \u00e4n jag hade v\u00e4ntat mig. Det k\u00e4ndes som 90-graderssv\u00e4ngar hela tiden och jag fick aldrig riktigt kontakt med t\u00e4ten. Ett passivt \u00f6gonblick kostade mig t\u00e4tklungan. Det jag tar med mig \u00e4r att jag knappt fick n\u00e5gon kramp, trots att det var sjukt h\u00e5rt&#8221;, s\u00e4ger Michael Thulander p\u00e5 sitt officiella Instagramkonto.<\/p><\/blockquote>\n<h3>VM gravel 2025 herrelit<\/h3>\n<ul>\n<li>1 <strong data-start=\"215\" data-end=\"237\">Florian Vermeersch<\/strong>, Belgien 4.39.12<\/li>\n<li>2 <strong data-start=\"259\" data-end=\"279\">Frits Biesterbos<\/strong>, Nederl\u00e4nderna +0.40<\/li>\n<li>3 <strong data-start=\"305\" data-end=\"322\">Matej Mohoric<\/strong>, Slovenien +1.23<\/li>\n<li>4 <strong data-start=\"344\" data-end=\"365\">Floris Van Tricht<\/strong>, Belgien +1.40<\/li>\n<li>5 <strong data-start=\"385\" data-end=\"401\">Felix Stehli<\/strong>, Schweiz +1.41<\/li>\n<li>6 <strong data-start=\"421\" data-end=\"439\">Tom Pidcock<\/strong>, Storbritannien +1.41<\/li>\n<li>56 <strong data-start=\"467\" data-end=\"488\">Michael Tjulander<\/strong>, Sverige +10.58<\/li>\n<\/ul>\n<h3>* * *<\/h3>\n<h2><img loading=\"lazy\" decoding=\"async\" class=\"alignnone size-full wp-image-811\" src=\"https:\/\/scf.se\/gravel\/wp-content\/uploads\/sites\/19\/2025\/10\/Bilder-gravel.jpg\" alt=\"\" width=\"1064\" height=\"707\" srcset=\"https:\/\/scf.se\/gravel\/wp-content\/uploads\/sites\/19\/2025\/10\/Bilder-gravel.jpg 1064w, https:\/\/scf.se\/gravel\/wp-content\/uploads\/sites\/19\/2025\/10\/Bilder-gravel-300x199.jpg 300w, https:\/\/scf.se\/gravel\/wp-content\/uploads\/sites\/19\/2025\/10\/Bilder-gravel-1024x680.jpg 1024w, https:\/\/scf.se\/gravel\/wp-content\/uploads\/sites\/19\/2025\/10\/Bilder-gravel-768x510.jpg 768w\" sizes=\"auto, (max-width: 1064px) 100vw, 1064px\" \/><\/h2>\n<h2>En svensk medalj i \u00e5ldersgrupperna p\u00e5 gravel-VM<\/h2>\n<p>Det var extremt stora startf\u00e4lt i flera av \u00e5ldersklasserna p\u00e5 gravel-VM. V\u00e4ldigt n\u00e4ra medalj i de tv\u00e5 \u00e4ldsta herrklasserna genom Henrik Hegender respektive Mats Carlsson. I 65+ var det spurt om alla medaljerna d\u00e4r Carlsson fr\u00e5n J\u00f6nk\u00f6pings CK bara var sekunden fr\u00e5n guldet.<\/p>\n<blockquote><p>&#8221;Det blev en tuff t\u00e4vling med mycket kamp om positioner, men sista 17 kilometerna sprack f\u00e4ltet upp och till slut blev fyra man kvar i age 65 och en fr\u00e5n age 70. Kunde spurta till mig en bronsmedalj&#8221;, s\u00e4ger Mats.<\/p><\/blockquote>\n<p>P\u00e5 damsidan var det flera starka lopp, som exempelvis i \u00e5ldersgrupp 45\u201349. D\u00e4r ska det noteras att en besviken Jessica Clar\u00e9n (bilden nedan), som tog silver vid f\u00f6rra \u00e5rets VM, var b\u00e4sta svensk p\u00e5 en sjundeplats trots att ha blivit avknuffad av banan efter starten.<\/p>\n<img loading=\"lazy\" decoding=\"async\" class=\"alignnone size-full wp-image-800\" src=\"https:\/\/scf.se\/gravel\/wp-content\/uploads\/sites\/19\/2025\/10\/IMG_7680.jpg\" alt=\"\" width=\"1170\" height=\"1314\" srcset=\"https:\/\/scf.se\/gravel\/wp-content\/uploads\/sites\/19\/2025\/10\/IMG_7680.jpg 1170w, https:\/\/scf.se\/gravel\/wp-content\/uploads\/sites\/19\/2025\/10\/IMG_7680-267x300.jpg 267w, https:\/\/scf.se\/gravel\/wp-content\/uploads\/sites\/19\/2025\/10\/IMG_7680-912x1024.jpg 912w, https:\/\/scf.se\/gravel\/wp-content\/uploads\/sites\/19\/2025\/10\/IMG_7680-768x863.jpg 768w\" sizes=\"auto, (max-width: 1170px) 100vw, 1170px\" \/>\n<p>Det fanns fler bra prestationer; p\u00e5tagligt m\u00e5nga som var under eller kring tio minuter efter t\u00e4ten i m\u00e5l. S\u00e5 h\u00e4r gick det. Nedan f\u00f6ljer alla svenskar som tog sig i m\u00e5l sig topp 200.<\/p>\n<h4 data-start=\"135\" data-end=\"162\"><strong data-start=\"135\" data-end=\"160\">Gravel-VM damer 35\u201339<\/strong><\/h4>\n<p data-start=\"164\" data-end=\"287\" data-is-last-node=\"\" data-is-only-node=\"\">1 <strong data-start=\"166\" data-end=\"185\">Daria Pravilova<\/strong>, Tjeckien 4.10.48<br data-start=\"203\" data-end=\"206\" \/>16 <strong data-start=\"209\" data-end=\"229\">Sofia Wickenberg<\/strong>, Sverige +8.32<br data-start=\"244\" data-end=\"247\" \/>22 <strong data-start=\"250\" data-end=\"271\">Ingrid Kjellstr\u00f6m<\/strong>, Sverige +11.22<\/p>\n<h4>Gravel-VM damer 45\u201349<\/h4>\n<p>1 <strong data-start=\"191\" data-end=\"207\">Ceris Styler<\/strong>, Storbritannien 4.09.54<br data-start=\"231\" data-end=\"234\" \/>7 <strong data-start=\"236\" data-end=\"254\">Jessica Clar\u00e9n<\/strong>, Sverige +8.47<br data-start=\"269\" data-end=\"272\" data-is-only-node=\"\" \/>11 <strong data-start=\"275\" data-end=\"297\">Sofia Christiansen<\/strong>, Sverige +22.14<br data-start=\"313\" data-end=\"316\" \/>23 <strong data-start=\"319\" data-end=\"337\">Frida Wikstr\u00f6m<\/strong>, Sverige +34.26<br data-start=\"353\" data-end=\"356\" \/>29 <strong data-start=\"359\" data-end=\"372\">Sara Malm<\/strong>, Sverige +40.18<br data-start=\"388\" data-end=\"391\" \/>38 <strong data-start=\"394\" data-end=\"412\">Melanie Skicko<\/strong>, Sverige +1.02.25<\/p>\n<h4 data-start=\"0\" data-end=\"27\"><strong data-start=\"0\" data-end=\"25\">Gravel-VM damer 50-54<\/strong><\/h4>\n<p data-start=\"29\" data-end=\"191\" data-is-last-node=\"\" data-is-only-node=\"\">1 <strong data-start=\"31\" data-end=\"47\">Amy Phillips<\/strong>, Storbritannien 2.32.37<br data-start=\"71\" data-end=\"74\" \/>13 <strong data-start=\"77\" data-end=\"92\">Marie Rydne<\/strong>, Sverige +11.34<br data-start=\"108\" data-end=\"111\" \/>14 <strong data-start=\"114\" data-end=\"132\">Jenny R\u00f6nngren<\/strong>, Sverige +14.05<br \/>\n26 <strong>\u00c5sa Hjalmarsson<\/strong>, Sverige, +21.59<\/p>\n<h4 data-start=\"0\" data-end=\"27\"><strong data-start=\"0\" data-end=\"25\">Gravel-VM damer 60-64<\/strong><\/h4>\n<p>1 <strong>Bente Kibsgaard<\/strong>, Danmark, 2.35.06<br \/>\n18 <strong data-start=\"154\" data-end=\"173\">\u00c5sa Hjalmarsson<\/strong>, Sverige +43.39<\/p>\n<h4 data-start=\"0\" data-end=\"28\"><strong data-start=\"0\" data-end=\"26\">Gravel-VM herrar 35\u201339<\/strong><\/h4>\n<p data-start=\"30\" data-end=\"165\" data-is-last-node=\"\" data-is-only-node=\"\">1 <strong data-start=\"32\" data-end=\"52\">Thomas Sprengers<\/strong>, Belgien 5.02.13<br data-start=\"69\" data-end=\"72\" \/>127 <strong data-start=\"76\" data-end=\"93\">Nicklas Nilja<\/strong>, Sverige +26.40<br data-start=\"117\" data-end=\"120\" \/>150 <strong data-start=\"124\" data-end=\"139\">Ted Nilsson<\/strong>, Sverige +31.19<\/p>\n<h4 data-start=\"0\" data-end=\"28\"><strong data-start=\"0\" data-end=\"26\">Gravel-VM herrar 40\u201344<\/strong><\/h4>\n<p data-start=\"30\" data-end=\"302\" data-is-last-node=\"\" data-is-only-node=\"\">1 <strong data-start=\"32\" data-end=\"49\">Nicolas Roche<\/strong>, Irland 5.05.29<br data-start=\"65\" data-end=\"68\" \/>26 <strong data-start=\"71\" data-end=\"85\">P\u00e4r Renman<\/strong>, Sverige +8.26<br data-start=\"108\" data-end=\"111\" \/>28 <strong data-start=\"114\" data-end=\"131\">Calle Friberg<\/strong>, Sverige +8.28<br data-start=\"154\" data-end=\"157\" \/>94 <strong data-start=\"160\" data-end=\"179\">Martin Sandsten<\/strong>, Sverige +24.17<br data-start=\"203\" data-end=\"206\" \/>109 <strong data-start=\"210\" data-end=\"229\">Marcus Svensson<\/strong>, Sverige +25.16<br data-start=\"253\" data-end=\"256\" \/>111 <strong data-start=\"260\" data-end=\"276\">Oscar Ekstam<\/strong>, Sverige +26.13<\/p>\n<h4 data-start=\"30\" data-end=\"302\">Gravel-VM herrar 45\u201349<\/h4>\n<p data-start=\"30\" data-end=\"302\" data-is-last-node=\"\" data-is-only-node=\"\">1 <strong>Igor Zanetti<\/strong>, Italien 5.05.11<br data-start=\"56\" data-end=\"59\" \/>18<strong> John Fredrik Charles Midelf<\/strong>, Sverige +10.52<br data-start=\"105\" data-end=\"108\" \/>83 <strong>Gustav Lundberg<\/strong>, Sverige +28.27<\/p>\n<h4 data-start=\"30\" data-end=\"302\">Gravel-VM herrar 50\u201354<\/h4>\n<p data-start=\"30\" data-end=\"302\" data-is-last-node=\"\" data-is-only-node=\"\">1 <strong>Ernesto Mendoza<\/strong>, Mexiko 3.50.12<br data-start=\"58\" data-end=\"61\" \/>40 <strong data-start=\"64\" data-end=\"84\">Henrik Hagebring<\/strong>, Sverige +6.26<br data-start=\"99\" data-end=\"102\" \/>124 <strong data-start=\"106\" data-end=\"123\">Fredrik Swahn<\/strong>, Sverige +15.37<\/p>\n<p><strong>Gravel-VM herrar 55\u201359<\/strong><\/p>\n<p data-start=\"30\" data-end=\"302\" data-is-last-node=\"\" data-is-only-node=\"\">1 <strong>Christian Blanchard<\/strong>, Frankrike 3.55.59<br data-start=\"65\" data-end=\"68\" \/>40 <strong data-start=\"71\" data-end=\"86\">Per Ekstr\u00f6m<\/strong>, Sverige +4.54<br data-start=\"101\" data-end=\"104\" \/>50 <strong data-start=\"107\" data-end=\"124\">Peter Nilsson<\/strong>, Sverige +7.47<br data-start=\"139\" data-end=\"142\" \/>80 <strong data-start=\"145\" data-end=\"164\">Gabriel Nystr\u00f6m<\/strong>, Sverige +11.18<\/p>\n<h4 data-start=\"30\" data-end=\"302\">Gravel-VM herrar 60\u201364<\/h4>\n<p data-start=\"30\" data-end=\"302\" data-is-last-node=\"\" data-is-only-node=\"\">1 <strong>Arno Kaspret<\/strong>, \u00d6sterrike 3.58.16<br data-start=\"58\" data-end=\"61\" \/>4 <strong data-start=\"63\" data-end=\"82\">Henrik Hegender<\/strong>, Sverige +0.35<br data-start=\"97\" data-end=\"100\" \/>86 <strong data-start=\"103\" data-end=\"117\">Peter Eldh<\/strong>, Sverige +23.03<\/p>\n<p data-start=\"30\" data-end=\"302\" data-is-last-node=\"\" data-is-only-node=\"\"><img loading=\"lazy\" decoding=\"async\" class=\"alignnone size-full wp-image-812\" src=\"https:\/\/scf.se\/gravel\/wp-content\/uploads\/sites\/19\/2025\/10\/Bilderf-gravel-2.jpg\" alt=\"\" width=\"1072\" height=\"1109\" srcset=\"https:\/\/scf.se\/gravel\/wp-content\/uploads\/sites\/19\/2025\/10\/Bilderf-gravel-2.jpg 1072w, https:\/\/scf.se\/gravel\/wp-content\/uploads\/sites\/19\/2025\/10\/Bilderf-gravel-2-290x300.jpg 290w, https:\/\/scf.se\/gravel\/wp-content\/uploads\/sites\/19\/2025\/10\/Bilderf-gravel-2-990x1024.jpg 990w, https:\/\/scf.se\/gravel\/wp-content\/uploads\/sites\/19\/2025\/10\/Bilderf-gravel-2-768x795.jpg 768w\" sizes=\"auto, (max-width: 1072px) 100vw, 1072px\" \/><\/p>\n<h4 data-start=\"30\" data-end=\"302\">Gravel-VM herrar 65\u201369<\/h4>\n<p data-start=\"30\" data-end=\"302\" data-is-last-node=\"\" data-is-only-node=\"\">1 <strong>Jan Birger Olsen<\/strong>, Norge 2.31.48<br data-start=\"56\" data-end=\"59\" \/>3<strong data-start=\"61\" data-end=\"78\"> Mats Carlsson<\/strong>, Sverige +0.01<br data-start=\"93\" data-end=\"96\" \/>38 <strong data-start=\"99\" data-end=\"114\">Lars Svalin<\/strong>, Sverige +11.45<br data-start=\"130\" data-end=\"133\" \/>63 <strong data-start=\"136\" data-end=\"155\">Benny Andersson<\/strong>, Sverige +18.24<\/p>\n<h4 data-start=\"30\" data-end=\"302\">Gravel-VM herrar 70\u201374<\/h4>\n<p data-start=\"30\" data-end=\"302\" data-is-last-node=\"\" data-is-only-node=\"\">1 <strong>Wim Veris<\/strong>, Belgien, 2.31.49<br \/>\n21 <strong data-start=\"177\" data-end=\"198\">G\u00f6ran Lennartsson<\/strong>, Sverige +26.28<\/p>\n<p><em>Text: SCF<\/em><br \/>\n<em>Foto: Privat<\/em><\/p>\n<p>&nbsp;<\/p>\n","protected":false},"excerpt":{"rendered":"<p>\u00c5rets gravel-VM i s\u00f6dra Limburg inneh\u00f6ll mycket fina v\u00e4gar och breda stigar men det var n\u00e4stan hela tiden sv\u00e4ngar att hantera. Det svenska laget klarade sig bra. P\u00e5 damsidan var Emilia Fahlin och Hanna Nilsson b\u00e4st placerade, 34:a och 38:a, d\u00e4r det blev en popul\u00e4r hemmaseger i form av nederl\u00e4ndska v\u00e4rldsstj\u00e4rnan, den alltmer allroundstarka<a href=\"https:\/\/scf.se\/gravel\/2025\/10\/13\/stabila-svensklopp-i-tuff-konkurrens-pa-gravel-vm-i-nederlanderna\/\" class=\"news-card__more\"> &#8230;<\/a><\/p>\n","protected":false},"author":41,"featured_media":789,"comment_status":"open","ping_status":"open","sticky":true,"template":"","format":"standard","meta":{"_acf_changed":false,"footnotes":""},"categories":[1],"tags":[],"class_list":["post-788","post","type-post","status-publish","format-standard","hentry","category-okategoriserade"],"acf":[],"_links":{"self":[{"href":"https:\/\/scf.se\/gravel\/wp-json\/wp\/v2\/posts\/788","targetHints":{"allow":["GET"]}}],"collection":[{"href":"https:\/\/scf.se\/gravel\/wp-json\/wp\/v2\/posts"}],"about":[{"href":"https:\/\/scf.se\/gravel\/wp-json\/wp\/v2\/types\/post"}],"author":[{"embeddable":true,"href":"https:\/\/scf.se\/gravel\/wp-json\/wp\/v2\/users\/41"}],"replies":[{"embeddable":true,"href":"https:\/\/scf.se\/gravel\/wp-json\/wp\/v2\/comments?post=788"}],"version-history":[{"count":21,"href":"https:\/\/scf.se\/gravel\/wp-json\/wp\/v2\/posts\/788\/revisions"}],"predecessor-version":[{"id":843,"href":"https:\/\/scf.se\/gravel\/wp-json\/wp\/v2\/posts\/788\/revisions\/843"}],"wp:featuredmedia":[{"embeddable":true,"href":"https:\/\/scf.se\/gravel\/wp-json\/wp\/v2\/media\/789"}],"wp:attachment":[{"href":"https:\/\/scf.se\/gravel\/wp-json\/wp\/v2\/media?parent=788"}],"wp:term":[{"taxonomy":"category","embeddable":true,"href":"https:\/\/scf.se\/gravel\/wp-json\/wp\/v2\/categories?post=788"},{"taxonomy":"post_tag","embeddable":true,"href":"https:\/\/scf.se\/gravel\/wp-json\/wp\/v2\/tags?post=788"}],"curies":[{"name":"wp","href":"https:\/\/api.w.org\/{rel}","templated":true}]}}