
{"id":763,"date":"2025-10-08T14:25:24","date_gmt":"2025-10-08T12:25:24","guid":{"rendered":"https:\/\/scf.se\/gravel\/?p=763"},"modified":"2025-10-08T14:35:33","modified_gmt":"2025-10-08T12:35:33","slug":"gravel-special-i-cykelstudion-infor-vm-och-sa-gick-det-i-swe-cup","status":"publish","type":"post","link":"https:\/\/scf.se\/gravel\/2025\/10\/08\/gravel-special-i-cykelstudion-infor-vm-och-sa-gick-det-i-swe-cup\/","title":{"rendered":"Gravel special i Cykelstudion inf\u00f6r VM \u2013 och s\u00e5 gick det i SWE Cup"},"content":{"rendered":"<p><strong>Nathalie Eklund, Clara Lundmark, Emilia Fahlin, Hanna Nilsson och Michael Tjulander utg\u00f6r \u00e5rets landslag till gravel-VM. \u00c5rets v\u00e4rldsm\u00e4sterskap p\u00e5 grus arrangeras i s\u00f6dra Limburg, Nederl\u00e4nderna, den 11\u201312 oktober. Cykelstudion tog en titt p\u00e5 cykeldisciplinen som f\u00e5r ett allt starkare f\u00e4ste b\u00e5de hos elit och motion\u00e4rer i samband med \u00e5rets UCI-t\u00e4vling, andra dagen i Gravel Grit&#8217;n Grind.<\/strong><\/p>\n<p><div class=\"video-wrapper\"><iframe loading=\"lazy\" title=\"Gravel Grit n Grind 2025\" width=\"500\" height=\"281\" src=\"https:\/\/www.youtube.com\/embed\/FnKQMoLNO1w?feature=oembed\" frameborder=\"0\" allow=\"accelerometer; autoplay; clipboard-write; encrypted-media; gyroscope; picture-in-picture; web-share\" referrerpolicy=\"strict-origin-when-cross-origin\" allowfullscreen><\/iframe><\/div><\/p>\n<p>Gravel \u00e4r numera en etablerad cykeldisciplin Gravel Grit&#8217;n Grind i Halmstad \u00e4r Sveriges enda UCI-t\u00e4vling i gravel och har i flera \u00e5r lockat v\u00e4rldselit. I \u00e5r valde Romain Bardet, som bland annat har vunnit bergat\u00e4vlingen i Tour de France, t\u00e4vlingen f\u00f6r sin premi\u00e4r p\u00e5 gravel.<\/p>\n<p>Cykelstudions Anders Ekh tog ett snack med flera av b\u00e5de de svenska och utl\u00e4ndska stj\u00e4rnorna som var p\u00e5 plats om just varf\u00f6r de nu har valt att satsa p\u00e5 gravel. Vad \u00e4r liksom grejen?<\/p>\n<img loading=\"lazy\" decoding=\"async\" class=\"alignnone size-full wp-image-779\" src=\"https:\/\/scf.se\/gravel\/wp-content\/uploads\/sites\/19\/2025\/10\/0e247534d964a57233c887a3db680c3e.jpeg\" alt=\"\" width=\"1536\" height=\"1024\" srcset=\"https:\/\/scf.se\/gravel\/wp-content\/uploads\/sites\/19\/2025\/10\/0e247534d964a57233c887a3db680c3e.jpeg 1536w, https:\/\/scf.se\/gravel\/wp-content\/uploads\/sites\/19\/2025\/10\/0e247534d964a57233c887a3db680c3e-300x200.jpeg 300w, https:\/\/scf.se\/gravel\/wp-content\/uploads\/sites\/19\/2025\/10\/0e247534d964a57233c887a3db680c3e-1024x683.jpeg 1024w, https:\/\/scf.se\/gravel\/wp-content\/uploads\/sites\/19\/2025\/10\/0e247534d964a57233c887a3db680c3e-768x512.jpeg 768w\" sizes=\"auto, (max-width: 1536px) 100vw, 1536px\" \/> <img loading=\"lazy\" decoding=\"async\" class=\"alignnone size-full wp-image-778\" src=\"https:\/\/scf.se\/gravel\/wp-content\/uploads\/sites\/19\/2025\/10\/df2ef46ab4a15b12ffff7ca7efc27d0e.jpeg\" alt=\"\" width=\"1244\" height=\"1536\" srcset=\"https:\/\/scf.se\/gravel\/wp-content\/uploads\/sites\/19\/2025\/10\/df2ef46ab4a15b12ffff7ca7efc27d0e.jpeg 1244w, https:\/\/scf.se\/gravel\/wp-content\/uploads\/sites\/19\/2025\/10\/df2ef46ab4a15b12ffff7ca7efc27d0e-243x300.jpeg 243w, https:\/\/scf.se\/gravel\/wp-content\/uploads\/sites\/19\/2025\/10\/df2ef46ab4a15b12ffff7ca7efc27d0e-829x1024.jpeg 829w, https:\/\/scf.se\/gravel\/wp-content\/uploads\/sites\/19\/2025\/10\/df2ef46ab4a15b12ffff7ca7efc27d0e-768x948.jpeg 768w\" sizes=\"auto, (max-width: 1244px) 100vw, 1244px\" \/> <img loading=\"lazy\" decoding=\"async\" class=\"alignnone size-full wp-image-777\" src=\"https:\/\/scf.se\/gravel\/wp-content\/uploads\/sites\/19\/2025\/10\/534fc4a430d2ce8ae1b2a939432d7216.jpeg\" alt=\"\" width=\"1536\" height=\"1323\" srcset=\"https:\/\/scf.se\/gravel\/wp-content\/uploads\/sites\/19\/2025\/10\/534fc4a430d2ce8ae1b2a939432d7216.jpeg 1536w, https:\/\/scf.se\/gravel\/wp-content\/uploads\/sites\/19\/2025\/10\/534fc4a430d2ce8ae1b2a939432d7216-300x258.jpeg 300w, https:\/\/scf.se\/gravel\/wp-content\/uploads\/sites\/19\/2025\/10\/534fc4a430d2ce8ae1b2a939432d7216-1024x882.jpeg 1024w, https:\/\/scf.se\/gravel\/wp-content\/uploads\/sites\/19\/2025\/10\/534fc4a430d2ce8ae1b2a939432d7216-768x662.jpeg 768w\" sizes=\"auto, (max-width: 1536px) 100vw, 1536px\" \/> <img loading=\"lazy\" decoding=\"async\" class=\"alignnone size-full wp-image-775\" src=\"https:\/\/scf.se\/gravel\/wp-content\/uploads\/sites\/19\/2025\/10\/3fdfcec7d8c26eb383b0673670fd3bf7.jpeg\" alt=\"\" width=\"1536\" height=\"989\" srcset=\"https:\/\/scf.se\/gravel\/wp-content\/uploads\/sites\/19\/2025\/10\/3fdfcec7d8c26eb383b0673670fd3bf7.jpeg 1536w, https:\/\/scf.se\/gravel\/wp-content\/uploads\/sites\/19\/2025\/10\/3fdfcec7d8c26eb383b0673670fd3bf7-300x193.jpeg 300w, https:\/\/scf.se\/gravel\/wp-content\/uploads\/sites\/19\/2025\/10\/3fdfcec7d8c26eb383b0673670fd3bf7-1024x659.jpeg 1024w, https:\/\/scf.se\/gravel\/wp-content\/uploads\/sites\/19\/2025\/10\/3fdfcec7d8c26eb383b0673670fd3bf7-768x495.jpeg 768w\" sizes=\"auto, (max-width: 1536px) 100vw, 1536px\" \/> <img loading=\"lazy\" decoding=\"async\" class=\"alignnone size-full wp-image-774\" src=\"https:\/\/scf.se\/gravel\/wp-content\/uploads\/sites\/19\/2025\/10\/f94f47df3cb8a8b95e5099227b37eeea.jpeg\" alt=\"\" width=\"1473\" height=\"1537\" srcset=\"https:\/\/scf.se\/gravel\/wp-content\/uploads\/sites\/19\/2025\/10\/f94f47df3cb8a8b95e5099227b37eeea.jpeg 1473w, https:\/\/scf.se\/gravel\/wp-content\/uploads\/sites\/19\/2025\/10\/f94f47df3cb8a8b95e5099227b37eeea-288x300.jpeg 288w, https:\/\/scf.se\/gravel\/wp-content\/uploads\/sites\/19\/2025\/10\/f94f47df3cb8a8b95e5099227b37eeea-981x1024.jpeg 981w, https:\/\/scf.se\/gravel\/wp-content\/uploads\/sites\/19\/2025\/10\/f94f47df3cb8a8b95e5099227b37eeea-768x801.jpeg 768w\" sizes=\"auto, (max-width: 1473px) 100vw, 1473px\" \/> <img loading=\"lazy\" decoding=\"async\" class=\"alignnone size-full wp-image-773\" src=\"https:\/\/scf.se\/gravel\/wp-content\/uploads\/sites\/19\/2025\/10\/992f570b41a6ba7f1cd54709cd1f716a.jpeg\" alt=\"\" width=\"1536\" height=\"1110\" srcset=\"https:\/\/scf.se\/gravel\/wp-content\/uploads\/sites\/19\/2025\/10\/992f570b41a6ba7f1cd54709cd1f716a.jpeg 1536w, https:\/\/scf.se\/gravel\/wp-content\/uploads\/sites\/19\/2025\/10\/992f570b41a6ba7f1cd54709cd1f716a-300x217.jpeg 300w, https:\/\/scf.se\/gravel\/wp-content\/uploads\/sites\/19\/2025\/10\/992f570b41a6ba7f1cd54709cd1f716a-1024x740.jpeg 1024w, https:\/\/scf.se\/gravel\/wp-content\/uploads\/sites\/19\/2025\/10\/992f570b41a6ba7f1cd54709cd1f716a-768x555.jpeg 768w\" sizes=\"auto, (max-width: 1536px) 100vw, 1536px\" \/>\n<p>I programmet h\u00f6r vi bland annat Hanna Nilsson, Emilia Fahlin och Michael Tjulander som alla representerar Sverige i VM kommande helg.\u00a0 Andra som finns med i Cykelstudion \u00e4r Valtteri Bottas, Tiffany Cromwell och Annika Langvad.<\/p>\n<img loading=\"lazy\" decoding=\"async\" class=\"alignnone size-full wp-image-776\" src=\"https:\/\/scf.se\/gravel\/wp-content\/uploads\/sites\/19\/2025\/10\/57e54ba78f25556c2f8500dc152e47e4.jpeg\" alt=\"\" width=\"1536\" height=\"1455\" srcset=\"https:\/\/scf.se\/gravel\/wp-content\/uploads\/sites\/19\/2025\/10\/57e54ba78f25556c2f8500dc152e47e4.jpeg 1536w, https:\/\/scf.se\/gravel\/wp-content\/uploads\/sites\/19\/2025\/10\/57e54ba78f25556c2f8500dc152e47e4-300x284.jpeg 300w, https:\/\/scf.se\/gravel\/wp-content\/uploads\/sites\/19\/2025\/10\/57e54ba78f25556c2f8500dc152e47e4-1024x970.jpeg 1024w, https:\/\/scf.se\/gravel\/wp-content\/uploads\/sites\/19\/2025\/10\/57e54ba78f25556c2f8500dc152e47e4-768x728.jpeg 768w\" sizes=\"auto, (max-width: 1536px) 100vw, 1536px\" \/>\n<p>Hanna Nilsson, som har t\u00e4vlat v\u00e4ldigt mycket internationellt i gravel denna s\u00e4song, gav nu senast ett fint formbesked i spanska Ranxo Gravel.<\/p>\n<p>Hon var \u00e5tta i ett internationellt g\u00e5ngbart startf\u00e4lt. H\u00e4r \u00e4r det svenska landslaget som k\u00f6r i VM i s\u00f6dra Limburg, Nederl\u00e4nderna, den 11\u201312 oktober.<\/p>\n<img loading=\"lazy\" decoding=\"async\" class=\"alignnone size-full wp-image-741\" src=\"https:\/\/scf.se\/gravel\/wp-content\/uploads\/sites\/19\/2025\/09\/SMlinjeEmilia1-1.jpeg\" alt=\"\" width=\"1110\" height=\"1280\" srcset=\"https:\/\/scf.se\/gravel\/wp-content\/uploads\/sites\/19\/2025\/09\/SMlinjeEmilia1-1.jpeg 1110w, https:\/\/scf.se\/gravel\/wp-content\/uploads\/sites\/19\/2025\/09\/SMlinjeEmilia1-1-260x300.jpeg 260w, https:\/\/scf.se\/gravel\/wp-content\/uploads\/sites\/19\/2025\/09\/SMlinjeEmilia1-1-888x1024.jpeg 888w, https:\/\/scf.se\/gravel\/wp-content\/uploads\/sites\/19\/2025\/09\/SMlinjeEmilia1-1-768x886.jpeg 768w\" sizes=\"auto, (max-width: 1110px) 100vw, 1110px\" \/>\n<h3>VM-truppen gravel 2025<\/h3>\n<h4>Damer<\/h4>\n<ul>\n<li><strong>Emilia Fahlin<\/strong>, Ark\u00e9a \u2013 B&amp;B Hotels\/ \u00d6rebrocyklisterna (\u00f6vre bilden)<\/li>\n<li><strong>Nathalie Eklund,<\/strong> 58&amp;fam Racing Club 4.20.25 (nedre bilden)<\/li>\n<li><strong>Hanna Nilsson<\/strong>, Sartoria Ciclistica Squadra Corse\/ \u00c5hus CK<\/li>\n<li><b>Clara Lundmark,<\/b> WV Schijndel\/ Norbergs CK<\/li>\n<\/ul>\n<img loading=\"lazy\" decoding=\"async\" class=\"alignnone size-full wp-image-740\" src=\"https:\/\/scf.se\/gravel\/wp-content\/uploads\/sites\/19\/2025\/09\/GravelSCF10.jpg\" alt=\"\" width=\"1322\" height=\"1365\" srcset=\"https:\/\/scf.se\/gravel\/wp-content\/uploads\/sites\/19\/2025\/09\/GravelSCF10.jpg 1322w, https:\/\/scf.se\/gravel\/wp-content\/uploads\/sites\/19\/2025\/09\/GravelSCF10-291x300.jpg 291w, https:\/\/scf.se\/gravel\/wp-content\/uploads\/sites\/19\/2025\/09\/GravelSCF10-992x1024.jpg 992w, https:\/\/scf.se\/gravel\/wp-content\/uploads\/sites\/19\/2025\/09\/GravelSCF10-768x793.jpg 768w\" sizes=\"auto, (max-width: 1322px) 100vw, 1322px\" \/>\n<h4>Herrar<\/h4>\n<ul>\n<li><strong>Michael Tjulander<\/strong>, 444 Cycling Club<\/li>\n<\/ul>\n<h3><img loading=\"lazy\" decoding=\"async\" class=\"alignnone size-full wp-image-645\" src=\"https:\/\/scf.se\/gravel\/wp-content\/uploads\/sites\/19\/2025\/07\/att.GHepZrTKBUsLfrRrHqT26IZGYKYsGr78KPeB_oXtaiA.jpg\" alt=\"\" width=\"760\" height=\"599\" srcset=\"https:\/\/scf.se\/gravel\/wp-content\/uploads\/sites\/19\/2025\/07\/att.GHepZrTKBUsLfrRrHqT26IZGYKYsGr78KPeB_oXtaiA.jpg 760w, https:\/\/scf.se\/gravel\/wp-content\/uploads\/sites\/19\/2025\/07\/att.GHepZrTKBUsLfrRrHqT26IZGYKYsGr78KPeB_oXtaiA-300x236.jpg 300w\" sizes=\"auto, (max-width: 760px) 100vw, 760px\" \/><\/h3>\n<h3>* * *<\/h3>\n<h2>Caroline Sj\u00f6str\u00f6m och Michael Tjulander segrade i SWE Cup-totalen<\/h2>\n<p>P\u00e5 f\u00f6rra \u00e5rets SM-v\u00e4gar, i Dalsland gravel race \u00f6ver 160 kilometer, avgjordes \u00e5rets SWE Cup i gravel. Caroline Sj\u00f6str\u00f6m, Herrljunga CK vann totalt medans Karin Pettersson, CK Bure, vann sista delt\u00e4vlingen. I herrklassen blev det norsk seger medan tv\u00e5an, Michael Tjulander, tar hem SWE Cup-totalen i mycket \u00f6vertygande s\u00e4tt. Den s\u00e5 allroundstarke Axel, Lindh var tv\u00e5a.<\/p>\n<p>I damklassen hade l\u00e4nge Hammarby CK-cyklisten Hanna Johansson ett stadigt grepp om totalen, men Hanna som ocks\u00e5 har gjort fina resultat internationellt skadade sig och missar VM i damelit. Hon fanns heller inte med i SWE Cup #4 som avgjordes med en spurt mellan Karin Pettersson och Caroline Sj\u00f6str\u00f6m, som den f\u00f6rstn\u00e4mnda vann med tv\u00e5 sekunder.<\/p>\n<img loading=\"lazy\" decoding=\"async\" class=\"alignnone size-full wp-image-766\" src=\"https:\/\/scf.se\/gravel\/wp-content\/uploads\/sites\/19\/2025\/09\/IMG_7618.jpg\" alt=\"\" width=\"740\" height=\"734\" srcset=\"https:\/\/scf.se\/gravel\/wp-content\/uploads\/sites\/19\/2025\/09\/IMG_7618.jpg 740w, https:\/\/scf.se\/gravel\/wp-content\/uploads\/sites\/19\/2025\/09\/IMG_7618-300x298.jpg 300w, https:\/\/scf.se\/gravel\/wp-content\/uploads\/sites\/19\/2025\/09\/IMG_7618-150x150.jpg 150w\" sizes=\"auto, (max-width: 740px) 100vw, 740px\" \/>\n<h3>Dalsland gravel race SWE Cup #4 damer elit<\/h3>\n<ol>\n<li data-start=\"100\" data-end=\"149\"><strong data-start=\"100\" data-end=\"120\">Karin Pettersson<\/strong>, CK Bure 5.05.34<\/li>\n<li data-start=\"153\" data-end=\"205\"><strong data-start=\"153\" data-end=\"174\">Caroline Sj\u00f6str\u00f6m<\/strong>, Herrljunga Cykelklubb +0.02<\/li>\n<li data-start=\"209\" data-end=\"291\"><strong data-start=\"209\" data-end=\"230\">Ingrid Kjellstr\u00f6m<\/strong>, IF Hallby Skid o Orienteringsklubb \/ IF Hallby SOK +12.26<\/li>\n<li data-start=\"295\" data-end=\"366\"><strong data-start=\"295\" data-end=\"313\">\u00c5sa Erlandsson<\/strong>, Varbergs Mountain Bike Club \/ Varbergs MTB +22.50<\/li>\n<li data-start=\"370\" data-end=\"428\"><strong data-start=\"370\" data-end=\"387\">Malin Jansson<\/strong>, \u00d6rebrocyklisterna \u2013 Team Norra +46.50<\/li>\n<\/ol>\n<h3>Dalsland gravel race SWE Cup #4 herrar elit<\/h3>\n<ol>\n<li data-start=\"122\" data-end=\"171\"><strong data-start=\"122\" data-end=\"140\">Espen Helgesen<\/strong>, Kjekkas IF \/ St\u00f8 AS 4.05.48<\/li>\n<li data-start=\"175\" data-end=\"222\"><strong data-start=\"175\" data-end=\"196\">Michael Tjulander<\/strong>, 444 Cycling Club +1.44<\/li>\n<li data-start=\"226\" data-end=\"278\"><strong data-start=\"226\" data-end=\"245\">Vebj\u00f8rn R\u00f8nning<\/strong>, Fara Cycling \/\/ Velocio +1.51<\/li>\n<li data-start=\"282\" data-end=\"327\"><strong data-start=\"282\" data-end=\"303\">Kristian Klevg\u00e5rd<\/strong>, X Speed United +4.58<\/li>\n<li data-start=\"331\" data-end=\"384\"><strong data-start=\"331\" data-end=\"354\">Kristoffer S\u00e4fstr\u00f6m<\/strong>, Cykelklubben Master +10.42<\/li>\n<li data-start=\"388\" data-end=\"424\"><strong data-start=\"388\" data-end=\"405\">Adam Engstr\u00f6m<\/strong>, CK Hymer +10.48<\/li>\n<li data-start=\"428\" data-end=\"466\"><strong data-start=\"428\" data-end=\"442\">Emil \u00c5berg<\/strong>, B\u00d8 I Telemark +10.48<\/li>\n<li data-start=\"470\" data-end=\"501\"><strong data-start=\"470\" data-end=\"484\">Axel Lindh<\/strong>, \u00d6rebro +11.27<\/li>\n<li data-start=\"505\" data-end=\"550\"><strong data-start=\"505\" data-end=\"523\">Patrick Strack<\/strong>, \u00c4ngby Cycle Club +14.43<\/li>\n<li data-start=\"555\" data-end=\"600\"><strong data-start=\"555\" data-end=\"571\">Lukas Merkel<\/strong>, Cykelklubben Hymer +14.53<\/li>\n<\/ol>\n<h3><a href=\"https:\/\/live.eqtiming.com\/73535#result:299393-1082281-1376223-1-1-\"><em>Alla resultat i SWE Cup #4 hittar ni h\u00e4r!<\/em><\/a><\/h3>\n<h3>SWE Cup 2025 damer elit<\/h3>\n<ol>\n<li data-start=\"102\" data-end=\"144\"><strong data-start=\"102\" data-end=\"123\">Caroline Sj\u00f6str\u00f6m<\/strong>, Herrljunga CK 570<\/li>\n<li data-start=\"148\" data-end=\"186\"><strong data-start=\"148\" data-end=\"167\">Hanna Johansson<\/strong>, Hammarby CK 545<\/li>\n<li data-start=\"190\" data-end=\"235\"><strong data-start=\"190\" data-end=\"207\">Malin Jansson<\/strong>, \u00d6rebrocyklisterna CK 338<\/li>\n<li data-start=\"239\" data-end=\"283\"><strong data-start=\"239\" data-end=\"255\">Linda Meijer<\/strong>, \u00d6rebrocyklisterna CK 316<\/li>\n<li data-start=\"287\" data-end=\"322\"><strong data-start=\"287\" data-end=\"307\">Karin Pettersson<\/strong>, CK Bure 250<\/li>\n<li data-start=\"326\" data-end=\"370\"><strong data-start=\"326\" data-end=\"342\">Femke Markus<\/strong>, Team SD Worx Protime 250<\/li>\n<li data-start=\"374\" data-end=\"411\"><strong data-start=\"374\" data-end=\"396\">Minna-Maria Kangas<\/strong>, Finland 250<\/li>\n<li data-start=\"415\" data-end=\"446\"><strong data-start=\"415\" data-end=\"433\">\u00c5shild Tovsrud<\/strong>, Norge 245<\/li>\n<li data-start=\"450\" data-end=\"492\"><strong data-start=\"450\" data-end=\"466\">Nicole Frain<\/strong>, Ridley Racing Team 200<\/li>\n<li data-start=\"497\" data-end=\"545\"><strong data-start=\"497\" data-end=\"517\">Therese Fjord\u00e4ng<\/strong>, \u00d6rebrocyklisterna 200<\/li>\n<\/ol>\n<h3>SWE Cup 2025 herrar elit<\/h3>\n<ol>\n<li data-start=\"70\" data-end=\"115\"><strong data-start=\"70\" data-end=\"91\">Michael Tjulander<\/strong>, 444 Cycling Club 776<\/li>\n<li data-start=\"119\" data-end=\"172\"><strong data-start=\"119\" data-end=\"133\">Axel Lindh<\/strong>, \u00d6rebrocyklisterna\/ Team Norra 528<\/li>\n<li data-start=\"176\" data-end=\"216\"><strong data-start=\"176\" data-end=\"199\">Kristoffer S\u00e4fstr\u00f6m<\/strong>, CK Master 460<\/li>\n<li data-start=\"220\" data-end=\"252\"><strong data-start=\"220\" data-end=\"236\">Lukas Merkel<\/strong>, CK Hymer 365<\/li>\n<li data-start=\"256\" data-end=\"290\"><strong data-start=\"256\" data-end=\"273\">Filip Persson<\/strong>, CK Ringen 252<\/li>\n<li data-start=\"294\" data-end=\"339\"><strong data-start=\"294\" data-end=\"312\">Espen Helgesen<\/strong>, Kjekkas IF \/ St\u00f8 AS 250<\/li>\n<li data-start=\"343\" data-end=\"382\"><strong data-start=\"343\" data-end=\"359\">Felix Stehli<\/strong>, Team Vorarlberg 250<\/li>\n<li data-start=\"386\" data-end=\"420\"><strong data-start=\"386\" data-end=\"404\">Patrick Strack<\/strong>, \u00c4ngby CC 232<\/li>\n<li data-start=\"424\" data-end=\"471\"><strong data-start=\"424\" data-end=\"443\">Vebj\u00f8rn R\u00f8nning<\/strong>, Fara Cycling Velocio 216<\/li>\n<li data-start=\"476\" data-end=\"519\"><strong data-start=\"476\" data-end=\"497\">Kristian Klevg\u00e5rd<\/strong>, X Speed United 212<\/li>\n<\/ol>\n<h3>SWE Cup 2025 agegroup I damer<\/h3>\n<ol>\n<li data-start=\"112\" data-end=\"175\"><strong data-start=\"112\" data-end=\"128\">Emma Wanberg<\/strong>, Umara Sports Club\/ 58&amp;fam Cycling Club 760<\/li>\n<li data-start=\"179\" data-end=\"224\"><strong data-start=\"179\" data-end=\"202\">Nathalie Pettersson<\/strong>, OK Kroppefj\u00e4ll 755<\/li>\n<li data-start=\"228\" data-end=\"255\"><strong data-start=\"228\" data-end=\"249\">Christine Harnell<\/strong> 330<\/li>\n<li data-start=\"259\" data-end=\"297\"><strong data-start=\"259\" data-end=\"281\">Josie Lori Millard<\/strong>, Sportful 250<\/li>\n<li data-start=\"301\" data-end=\"361\"><strong data-start=\"301\" data-end=\"317\">Sera Gademan<\/strong>, Team Bike Emotions | RTV de Zwaluwen 200<\/li>\n<li data-start=\"365\" data-end=\"406\"><strong data-start=\"365\" data-end=\"389\">Catharina Rutgersson<\/strong>, CK Sundet 167<\/li>\n<\/ol>\n<h3>SWE Cup 2025 agegroup I herrar<\/h3>\n<ol>\n<li data-start=\"118\" data-end=\"157\"><strong data-start=\"118\" data-end=\"137\">Pierre Moncorg\u00e9<\/strong>, Stockholm CK 592<\/li>\n<li data-start=\"161\" data-end=\"193\"><strong data-start=\"161\" data-end=\"176\">Martin Aasa<\/strong>, CK Master 512<\/li>\n<li data-start=\"197\" data-end=\"241\"><strong data-start=\"197\" data-end=\"215\">Kjeld De Kroon<\/strong>, Bauhaus Sportklubb 395<\/li>\n<li data-start=\"245\" data-end=\"281\"><strong data-start=\"245\" data-end=\"260\">Henrik M\u00e5rd<\/strong>, Djurg\u00e5rden CK 392<\/li>\n<li data-start=\"285\" data-end=\"322\"><strong data-start=\"285\" data-end=\"300\">John Midelf<\/strong>, L\u00e4nna Sport CK 340<\/li>\n<li data-start=\"326\" data-end=\"370\"><strong data-start=\"326\" data-end=\"346\">Henrik Hagebring<\/strong>, 444 Cycling Club 310<\/li>\n<\/ol>\n<h3>SWE Cup 2025 agegroup II damer<\/h3>\n<ol>\n<li data-start=\"103\" data-end=\"135\"><strong data-start=\"103\" data-end=\"118\">Marie Rydne<\/strong>, CK Master 950<\/li>\n<li data-start=\"139\" data-end=\"163\"><strong data-start=\"139\" data-end=\"157\">Cynthia Debeir<\/strong> 250<\/li>\n<li data-start=\"167\" data-end=\"204\"><strong data-start=\"167\" data-end=\"184\">Karin Garberg<\/strong>, Team Kung\u00e4lv 200<\/li>\n<li data-start=\"208\" data-end=\"246\"><strong data-start=\"208\" data-end=\"229\">Henrietta H\u00f6gberg<\/strong>, CK Sundet 160<\/li>\n<\/ol>\n<h3>SWE Cup 2025 agegroup II herrar<\/h3>\n<ol>\n<li data-start=\"87\" data-end=\"121\"><strong data-start=\"87\" data-end=\"104\">Mikael Forsby<\/strong>, CK Master 640<\/li>\n<li data-start=\"125\" data-end=\"158\"><strong data-start=\"125\" data-end=\"142\">Peter R\u00f6rfors<\/strong>, \u00c4ngby CK 550<\/li>\n<li data-start=\"162\" data-end=\"202\"><strong data-start=\"162\" data-end=\"178\">Lars Wessman<\/strong>, Camp Dalsland CK 510<\/li>\n<li data-start=\"206\" data-end=\"243\"><strong data-start=\"206\" data-end=\"227\">Niclas Bjarneg\u00e5rd<\/strong>, CK Hymer 410<\/li>\n<li data-start=\"247\" data-end=\"284\"><strong data-start=\"247\" data-end=\"266\">Benny Andersson<\/strong>, \u00c5storps CK 400<\/li>\n<li data-start=\"288\" data-end=\"325\"><strong data-start=\"288\" data-end=\"305\">Mats Carlsson<\/strong>, J\u00f6nk\u00f6ping CK 250<\/li>\n<\/ol>\n<h3><a href=\"https:\/\/scf.se\/gravel\/wp-content\/uploads\/sites\/19\/2025\/09\/SWE-Cup-gravel-slutstallning-2025-1.pdf\"><em><strong>Alla resultat i SWE Cup-totalen 2025 h\u00e4r!<\/strong><\/em><\/a><\/h3>\n<p><em>Text: SCF.se<br \/>\nFoto: Daniel Breece, alla utom nedersta som \u00e4r privat<br \/>\n<\/em><\/p>\n<p>&nbsp;<\/p>\n","protected":false},"excerpt":{"rendered":"<p>Nathalie Eklund, Clara Lundmark, Emilia Fahlin, Hanna Nilsson och Michael Tjulander utg\u00f6r \u00e5rets landslag till gravel-VM. \u00c5rets v\u00e4rldsm\u00e4sterskap p\u00e5 grus arrangeras i s\u00f6dra Limburg, Nederl\u00e4nderna, den 11\u201312 oktober. Cykelstudion tog en titt p\u00e5 cykeldisciplinen som f\u00e5r ett allt starkare f\u00e4ste b\u00e5de hos elit och motion\u00e4rer i samband med \u00e5rets UCI-t\u00e4vling, andra dagen i Gravel<a href=\"https:\/\/scf.se\/gravel\/2025\/10\/08\/gravel-special-i-cykelstudion-infor-vm-och-sa-gick-det-i-swe-cup\/\" class=\"news-card__more\"> &#8230;<\/a><\/p>\n","protected":false},"author":41,"featured_media":771,"comment_status":"open","ping_status":"open","sticky":true,"template":"","format":"standard","meta":{"_acf_changed":false,"footnotes":""},"categories":[1],"tags":[],"class_list":["post-763","post","type-post","status-publish","format-standard","hentry","category-okategoriserade"],"acf":[],"_links":{"self":[{"href":"https:\/\/scf.se\/gravel\/wp-json\/wp\/v2\/posts\/763","targetHints":{"allow":["GET"]}}],"collection":[{"href":"https:\/\/scf.se\/gravel\/wp-json\/wp\/v2\/posts"}],"about":[{"href":"https:\/\/scf.se\/gravel\/wp-json\/wp\/v2\/types\/post"}],"author":[{"embeddable":true,"href":"https:\/\/scf.se\/gravel\/wp-json\/wp\/v2\/users\/41"}],"replies":[{"embeddable":true,"href":"https:\/\/scf.se\/gravel\/wp-json\/wp\/v2\/comments?post=763"}],"version-history":[{"count":13,"href":"https:\/\/scf.se\/gravel\/wp-json\/wp\/v2\/posts\/763\/revisions"}],"predecessor-version":[{"id":787,"href":"https:\/\/scf.se\/gravel\/wp-json\/wp\/v2\/posts\/763\/revisions\/787"}],"wp:featuredmedia":[{"embeddable":true,"href":"https:\/\/scf.se\/gravel\/wp-json\/wp\/v2\/media\/771"}],"wp:attachment":[{"href":"https:\/\/scf.se\/gravel\/wp-json\/wp\/v2\/media?parent=763"}],"wp:term":[{"taxonomy":"category","embeddable":true,"href":"https:\/\/scf.se\/gravel\/wp-json\/wp\/v2\/categories?post=763"},{"taxonomy":"post_tag","embeddable":true,"href":"https:\/\/scf.se\/gravel\/wp-json\/wp\/v2\/tags?post=763"}],"curies":[{"name":"wp","href":"https:\/\/api.w.org\/{rel}","templated":true}]}}