
{"id":759,"date":"2025-09-30T12:20:22","date_gmt":"2025-09-30T10:20:22","guid":{"rendered":"https:\/\/scf.se\/gravel\/?p=759"},"modified":"2025-09-30T12:21:11","modified_gmt":"2025-09-30T10:21:11","slug":"nu-soker-vi-arrangorer-till-swe-cup-i-gravel-under-2026","status":"publish","type":"post","link":"https:\/\/scf.se\/gravel\/2025\/09\/30\/nu-soker-vi-arrangorer-till-swe-cup-i-gravel-under-2026\/","title":{"rendered":"Nu s\u00f6ker vi arrang\u00f6rer till SWE Cup i gravel under 2026"},"content":{"rendered":"<p><strong>Svenska Cykelf\u00f6rbundet bjuder in f\u00f6reningar och arrang\u00f6rer att anm\u00e4la intresse f\u00f6r att arrangera delt\u00e4vlingar i SWE Cup Gravel 2026. Serien samlar motion\u00e4rer och elit p\u00e5 inspirerande grusv\u00e4gar runt om i landet och \u00e4r en viktig plattform f\u00f6r att utveckla gravel som gren i Sverige.<\/strong><\/p>\n<h3>Vad vi s\u00f6ker<\/h3>\n<ul>\n<li>Minst tre och max sex stycken delt\u00e4vlingar under perioden maj\u2013september.<\/li>\n<li>Banor som \u00e4r s\u00e4kra, varierade och tydligt markerade (fr\u00e4mst grus, begr\u00e4nsad andel asfalt).<\/li>\n<li>Stark lokal f\u00f6rankring och gott samarbete med mark\u00e4gare, myndigheter och funktion\u00e4rer.<\/li>\n<li>Tydlig plan f\u00f6r s\u00e4kerhet, h\u00e5llbarhet och j\u00e4mst\u00e4lldhet i genomf\u00f6randet.<\/li>\n<\/ul>\n<h3>St\u00f6d fr\u00e5n Svenska Cykelf\u00f6rbundet<\/h3>\n<ul>\n<li>Riktlinjer och regelverk f\u00f6r SWE Cup Gravel.<\/li>\n<li>Samlad marknadsf\u00f6ring och grafiskt material f\u00f6r en enhetlig serieprofil.<\/li>\n<li>St\u00f6d i arrang\u00f6rsfr\u00e5gor.<\/li>\n<\/ul>\n<h3>Urvalskriterier<\/h3>\n<ul>\n<li>Kvalitet och s\u00e4kerhet i arrangemanget<\/li>\n<li>Geografisk spridning<\/li>\n<li>H\u00e5llbarhets- och j\u00e4mst\u00e4lldhetsarbete<\/li>\n<li>Potential att utveckla gravelcykling lokalt<\/li>\n<\/ul>\n<h3>S\u00e5 anm\u00e4ler ni intresse<\/h3>\n<ul>\n<li>Skicka ett mejl till <a href=\"mailto:jonas.haglund@scf.se\"><em><strong>jonas.haglund@scf.se<\/strong><\/em><\/a> med:<br \/>\nF\u00f6rening\/arrang\u00f6r och kontaktperson<br \/>\nOrt\/region och prelimin\u00e4rt datum<br \/>\nKort banid\u00e9 (distans, underlag, h\u00f6jdmeter)<br \/>\nResurser\/funktion\u00e4rsorganisation<br \/>\nTidigare arrang\u00f6rserfarenhet (om s\u00e5dan finns)<\/li>\n<\/ul>\n<h3><em>Har ni fr\u00e5gor eller vill bolla en id\u00e9? H\u00f6r av er till<a href=\"mailto:jonas.haglund@scf.se\"> jonas.haglund@scf.se <\/a>\u2013 vi ber\u00e4ttar g\u00e4rna mer!<\/em><\/h3>\n<p><em>Text: SCF.se<\/em><br \/>\n<em>Foto: Daniel Breece<\/em><\/p>\n","protected":false},"excerpt":{"rendered":"<p>Svenska Cykelf\u00f6rbundet bjuder in f\u00f6reningar och arrang\u00f6rer att anm\u00e4la intresse f\u00f6r att arrangera delt\u00e4vlingar i SWE Cup Gravel 2026. Serien samlar motion\u00e4rer och elit p\u00e5 inspirerande grusv\u00e4gar runt om i landet och \u00e4r en viktig plattform f\u00f6r att utveckla gravel som gren i Sverige. Vad vi s\u00f6ker Minst tre och max sex stycken delt\u00e4vlingar<a href=\"https:\/\/scf.se\/gravel\/2025\/09\/30\/nu-soker-vi-arrangorer-till-swe-cup-i-gravel-under-2026\/\" class=\"news-card__more\"> &#8230;<\/a><\/p>\n","protected":false},"author":41,"featured_media":685,"comment_status":"open","ping_status":"open","sticky":false,"template":"","format":"standard","meta":{"_acf_changed":false,"footnotes":""},"categories":[1],"tags":[],"class_list":["post-759","post","type-post","status-publish","format-standard","hentry","category-okategoriserade"],"acf":[],"_links":{"self":[{"href":"https:\/\/scf.se\/gravel\/wp-json\/wp\/v2\/posts\/759","targetHints":{"allow":["GET"]}}],"collection":[{"href":"https:\/\/scf.se\/gravel\/wp-json\/wp\/v2\/posts"}],"about":[{"href":"https:\/\/scf.se\/gravel\/wp-json\/wp\/v2\/types\/post"}],"author":[{"embeddable":true,"href":"https:\/\/scf.se\/gravel\/wp-json\/wp\/v2\/users\/41"}],"replies":[{"embeddable":true,"href":"https:\/\/scf.se\/gravel\/wp-json\/wp\/v2\/comments?post=759"}],"version-history":[{"count":3,"href":"https:\/\/scf.se\/gravel\/wp-json\/wp\/v2\/posts\/759\/revisions"}],"predecessor-version":[{"id":762,"href":"https:\/\/scf.se\/gravel\/wp-json\/wp\/v2\/posts\/759\/revisions\/762"}],"wp:featuredmedia":[{"embeddable":true,"href":"https:\/\/scf.se\/gravel\/wp-json\/wp\/v2\/media\/685"}],"wp:attachment":[{"href":"https:\/\/scf.se\/gravel\/wp-json\/wp\/v2\/media?parent=759"}],"wp:term":[{"taxonomy":"category","embeddable":true,"href":"https:\/\/scf.se\/gravel\/wp-json\/wp\/v2\/categories?post=759"},{"taxonomy":"post_tag","embeddable":true,"href":"https:\/\/scf.se\/gravel\/wp-json\/wp\/v2\/tags?post=759"}],"curies":[{"name":"wp","href":"https:\/\/api.w.org\/{rel}","templated":true}]}}