
{"id":669,"date":"2025-07-13T12:06:30","date_gmt":"2025-07-13T10:06:30","guid":{"rendered":"https:\/\/scf.se\/gravel\/?p=669"},"modified":"2025-08-21T10:18:36","modified_gmt":"2025-08-21T08:18:36","slug":"eklund-fick-till-ett-segerlopp-och-soderqvist-i-mastartroja-aven-i-gravel","status":"publish","type":"post","link":"https:\/\/scf.se\/gravel\/2025\/07\/13\/eklund-fick-till-ett-segerlopp-och-soderqvist-i-mastartroja-aven-i-gravel\/","title":{"rendered":"Eklund fick till sitt segerlopp och Jakob i m\u00e4startr\u00f6ja \u00e4ven i gravel"},"content":{"rendered":"<p><strong>N\u00e4r Stor-SM \u00e5terstartade med Svenska M\u00e4sterskapen i gravel var det h\u00f6g internationell klass i t\u00e4ten p\u00e5 b\u00e5de dam- och herrelitens lopp \u00f6ver 138 kilometer. Vinnare var Nathalie Eklund och Jakob S\u00f6derqvist, som b\u00e5da utstr\u00e5lade mycket genuin cykelgl\u00e4dje i intervjuerna direkt efter m\u00e5lg\u00e5ng.<\/strong><\/p>\n<p>Vi har gl\u00e4djande nog flera damcyklister som \u00e4r riktigt h\u00f6gt rankade internationellt i gravel. N\u00e4r Stor-SM \u00e5terstartade stod kamp mellan tv\u00e5 av dem p\u00e5 grusv\u00e4gar kring \u00c5senh\u00f6ga. Nathalie Eklund spurtade ner Hanna Nilsson. Och det var en p\u00e5tagligt glad Eklund \u00e4ven ett par minuter efter m\u00e5lg\u00e5ngen.<\/p>\n<img loading=\"lazy\" decoding=\"async\" class=\"alignnone size-full wp-image-678\" src=\"https:\/\/scf.se\/gravel\/wp-content\/uploads\/sites\/19\/2025\/07\/GravelSCF10.jpg\" alt=\"\" width=\"1322\" height=\"1365\" srcset=\"https:\/\/scf.se\/gravel\/wp-content\/uploads\/sites\/19\/2025\/07\/GravelSCF10.jpg 1322w, https:\/\/scf.se\/gravel\/wp-content\/uploads\/sites\/19\/2025\/07\/GravelSCF10-291x300.jpg 291w, https:\/\/scf.se\/gravel\/wp-content\/uploads\/sites\/19\/2025\/07\/GravelSCF10-992x1024.jpg 992w, https:\/\/scf.se\/gravel\/wp-content\/uploads\/sites\/19\/2025\/07\/GravelSCF10-768x793.jpg 768w\" sizes=\"auto, (max-width: 1322px) 100vw, 1322px\" \/>\n<blockquote><p>&#8221;Ja, jag k\u00e4nde: \u00c4NTLIGEN! Det var min f\u00f6rsta seger i \u00e5r och den har varit efterl\u00e4ngtad om man s\u00e4ger s\u00e5&#8230;&#8221;<\/p><\/blockquote>\n<p><strong>Vad kan du s\u00e4ga om t\u00e4vlingsdagen?<\/strong><\/p>\n<blockquote><p>&#8221;Det gick h\u00e5rt p\u00e5 f\u00f6rsta varvet n\u00e4r det var uppf\u00f6r och lite tekniskt. Hanna Nilsson hade kraschat men kom i kapp och vi k\u00f6rde ihop till m\u00e5l&#8221;, ber\u00e4ttar Eklund.<\/p><\/blockquote>\n<img loading=\"lazy\" decoding=\"async\" class=\"alignnone size-full wp-image-688\" src=\"https:\/\/scf.se\/gravel\/wp-content\/uploads\/sites\/19\/2025\/07\/GravelSCF1.jpg\" alt=\"\" width=\"1632\" height=\"1366\" srcset=\"https:\/\/scf.se\/gravel\/wp-content\/uploads\/sites\/19\/2025\/07\/GravelSCF1.jpg 1632w, https:\/\/scf.se\/gravel\/wp-content\/uploads\/sites\/19\/2025\/07\/GravelSCF1-300x251.jpg 300w, https:\/\/scf.se\/gravel\/wp-content\/uploads\/sites\/19\/2025\/07\/GravelSCF1-1024x857.jpg 1024w, https:\/\/scf.se\/gravel\/wp-content\/uploads\/sites\/19\/2025\/07\/GravelSCF1-768x643.jpg 768w, https:\/\/scf.se\/gravel\/wp-content\/uploads\/sites\/19\/2025\/07\/GravelSCF1-1536x1286.jpg 1536w\" sizes=\"auto, (max-width: 1632px) 100vw, 1632px\" \/>\n<p>Hon har k\u00f6rt landsv\u00e4g \u00e4nda uppe p\u00e5 WWT-niv\u00e5 och i landslaget men har i \u00e5r helt g\u00e5tt \u00f6ver till gravel. SM i Uppsala kan bli det enda landsv\u00e4gsloppet i \u00e5r.<\/p>\n<blockquote><p>&#8221;Jag har haft n\u00e5gra ganska tuffa \u00e5r rent mentalt i lagen som jag har tillh\u00f6rt p\u00e5 landsv\u00e4g. Jag k\u00e4nde att jag m\u00e5ste omge mig med m\u00e4nniskor som peppar och st\u00f6ttar f\u00f6r att jag ska kunna prestera p\u00e5 topp. Och det k\u00e4nner jag VERKLIGEN att jag har lyckats med i \u00e5r&#8221;, s\u00e4ger Nathalie Eklund.<\/p><\/blockquote>\n<img loading=\"lazy\" decoding=\"async\" class=\"alignnone size-full wp-image-677\" src=\"https:\/\/scf.se\/gravel\/wp-content\/uploads\/sites\/19\/2025\/07\/GravelSCF11.jpg\" alt=\"\" width=\"1630\" height=\"1288\" srcset=\"https:\/\/scf.se\/gravel\/wp-content\/uploads\/sites\/19\/2025\/07\/GravelSCF11.jpg 1630w, https:\/\/scf.se\/gravel\/wp-content\/uploads\/sites\/19\/2025\/07\/GravelSCF11-300x237.jpg 300w, https:\/\/scf.se\/gravel\/wp-content\/uploads\/sites\/19\/2025\/07\/GravelSCF11-1024x809.jpg 1024w, https:\/\/scf.se\/gravel\/wp-content\/uploads\/sites\/19\/2025\/07\/GravelSCF11-768x607.jpg 768w, https:\/\/scf.se\/gravel\/wp-content\/uploads\/sites\/19\/2025\/07\/GravelSCF11-1536x1214.jpg 1536w\" sizes=\"auto, (max-width: 1630px) 100vw, 1630px\" \/>\n<h2><strong data-start=\"168\" data-end=\"190\">SM gravel damelit<br \/>\n<\/strong><\/h2>\n<ol>\n<li><strong data-start=\"140\" data-end=\"159\">Nathalie Eklund<\/strong>, 58&amp;fam Racing Club 4.20.25<\/li>\n<li><strong data-start=\"194\" data-end=\"211\">Hanna Nilsson<\/strong>, \u00c5hus CK\/ Sartoria Ciclistica Squadra Corse +0.01<\/li>\n<li><strong data-start=\"269\" data-end=\"288\">Hanna Johansson<\/strong>, Hammarby CK +7.33<\/li>\n<li><strong data-start=\"314\" data-end=\"332\">Maja Johansson<\/strong>, 58&amp;fam Racing Club +12.40<\/li>\n<li><strong data-start=\"366\" data-end=\"387\">Caroline Sj\u00f6str\u00f6m<\/strong>, Herrljunga CK +15.42<\/li>\n<li><strong data-start=\"416\" data-end=\"435\">Linda Jacobsson<\/strong>, CK Master +17.14<\/li>\n<\/ol>\n<img loading=\"lazy\" decoding=\"async\" class=\"alignnone size-full wp-image-676\" src=\"https:\/\/scf.se\/gravel\/wp-content\/uploads\/sites\/19\/2025\/07\/GravelSCF12.jpg\" alt=\"\" width=\"689\" height=\"1280\" srcset=\"https:\/\/scf.se\/gravel\/wp-content\/uploads\/sites\/19\/2025\/07\/GravelSCF12.jpg 689w, https:\/\/scf.se\/gravel\/wp-content\/uploads\/sites\/19\/2025\/07\/GravelSCF12-161x300.jpg 161w, https:\/\/scf.se\/gravel\/wp-content\/uploads\/sites\/19\/2025\/07\/GravelSCF12-551x1024.jpg 551w\" sizes=\"auto, (max-width: 689px) 100vw, 689px\" \/>\n<h3><a href=\"https:\/\/www.instagram.com\/p\/DMAiwtQo-iq\/\"><em>Se hela den streamade treminutersintervjun med Nathialie Eklund av Cykelstudions Daniel Breece h\u00e4r!<\/em><\/a><\/h3>\n<h3>* * *<\/h3>\n<p>N\u00e4r Jakob S\u00f6derqvist just hade levererat favoritsegern i tempo-SM utanf\u00f6r Uppsala talades det om en grundtr\u00e4ningsperiod. En del i denna blev deltagande i gravel-SM. Lidl-Trek-cyklisten, som f\u00f6rra \u00e5ret var tv\u00e5a p\u00e5 b\u00e5de U23-EM och -VM i tempo, malde till sist ner titelh\u00e5llaren, Michael Tjulander. Nu var det ingen skr\u00e4llseger d\u00e5 S\u00f6derqvist verkligen gillar att tr\u00e4na p\u00e5 grusv\u00e4gar med gravelcykel.<\/p>\n<img loading=\"lazy\" decoding=\"async\" class=\"alignnone size-full wp-image-687\" src=\"https:\/\/scf.se\/gravel\/wp-content\/uploads\/sites\/19\/2025\/07\/GravelSCF2.jpg\" alt=\"\" width=\"1365\" height=\"1430\" srcset=\"https:\/\/scf.se\/gravel\/wp-content\/uploads\/sites\/19\/2025\/07\/GravelSCF2.jpg 1365w, https:\/\/scf.se\/gravel\/wp-content\/uploads\/sites\/19\/2025\/07\/GravelSCF2-286x300.jpg 286w, https:\/\/scf.se\/gravel\/wp-content\/uploads\/sites\/19\/2025\/07\/GravelSCF2-977x1024.jpg 977w, https:\/\/scf.se\/gravel\/wp-content\/uploads\/sites\/19\/2025\/07\/GravelSCF2-768x805.jpg 768w\" sizes=\"auto, (max-width: 1365px) 100vw, 1365px\" \/>\n<blockquote><p>&#8221;Jag hade ingen klar taktik mer \u00e4n att h\u00e5lla lite koll p\u00e5 Micke Tjulander och att ha kul. N\u00e4r det kom ett l\u00e4ge att rycka, han h\u00e4ngde p\u00e5 och Eric Pedersen ansl\u00f6t t\u00e4nkte jag att det h\u00e4r g\u00f6r vi n\u00e5got bra av. Och p\u00e5 v\u00e4g ut p\u00e5 andra varvet m\u00e4rkte jag att det hade kostat mycket f\u00f6r Pedersen att brygga upp v\u00e5rt f\u00f6rspr\u00e5ng&#8221;, s\u00e4ger Jakob S\u00f6derqvist.<\/p><\/blockquote>\n<img loading=\"lazy\" decoding=\"async\" class=\"alignnone size-full wp-image-684\" src=\"https:\/\/scf.se\/gravel\/wp-content\/uploads\/sites\/19\/2025\/07\/GravelSCF5.jpg\" alt=\"\" width=\"1288\" height=\"1268\" srcset=\"https:\/\/scf.se\/gravel\/wp-content\/uploads\/sites\/19\/2025\/07\/GravelSCF5.jpg 1288w, https:\/\/scf.se\/gravel\/wp-content\/uploads\/sites\/19\/2025\/07\/GravelSCF5-300x295.jpg 300w, https:\/\/scf.se\/gravel\/wp-content\/uploads\/sites\/19\/2025\/07\/GravelSCF5-1024x1008.jpg 1024w, https:\/\/scf.se\/gravel\/wp-content\/uploads\/sites\/19\/2025\/07\/GravelSCF5-768x756.jpg 768w\" sizes=\"auto, (max-width: 1288px) 100vw, 1288px\" \/> <img loading=\"lazy\" decoding=\"async\" class=\"alignnone size-full wp-image-683\" src=\"https:\/\/scf.se\/gravel\/wp-content\/uploads\/sites\/19\/2025\/07\/GravelSCF6.jpg\" alt=\"\" width=\"1510\" height=\"1223\" srcset=\"https:\/\/scf.se\/gravel\/wp-content\/uploads\/sites\/19\/2025\/07\/GravelSCF6.jpg 1510w, https:\/\/scf.se\/gravel\/wp-content\/uploads\/sites\/19\/2025\/07\/GravelSCF6-300x243.jpg 300w, https:\/\/scf.se\/gravel\/wp-content\/uploads\/sites\/19\/2025\/07\/GravelSCF6-1024x829.jpg 1024w, https:\/\/scf.se\/gravel\/wp-content\/uploads\/sites\/19\/2025\/07\/GravelSCF6-768x622.jpg 768w\" sizes=\"auto, (max-width: 1510px) 100vw, 1510px\" \/>\n<img loading=\"lazy\" decoding=\"async\" class=\"alignnone size-full wp-image-685\" src=\"https:\/\/scf.se\/gravel\/wp-content\/uploads\/sites\/19\/2025\/07\/GravelSCF4.jpg\" alt=\"\" width=\"1826\" height=\"1236\" srcset=\"https:\/\/scf.se\/gravel\/wp-content\/uploads\/sites\/19\/2025\/07\/GravelSCF4.jpg 1826w, https:\/\/scf.se\/gravel\/wp-content\/uploads\/sites\/19\/2025\/07\/GravelSCF4-300x203.jpg 300w, https:\/\/scf.se\/gravel\/wp-content\/uploads\/sites\/19\/2025\/07\/GravelSCF4-1024x693.jpg 1024w, https:\/\/scf.se\/gravel\/wp-content\/uploads\/sites\/19\/2025\/07\/GravelSCF4-768x520.jpg 768w, https:\/\/scf.se\/gravel\/wp-content\/uploads\/sites\/19\/2025\/07\/GravelSCF4-1536x1040.jpg 1536w\" sizes=\"auto, (max-width: 1826px) 100vw, 1826px\" \/>\n<p>Jakob var p\u00e5tagligt pigg efter\u00e5t.<\/p>\n<blockquote><p>&#8221;Ja, har man roligast i loppet s\u00e5 kanske man \u00e4r piggast i m\u00e5l ocks\u00e5. Jag \u00e5kte hit f\u00f6r att ha riktigt kul och det var det ocks\u00e5&#8221;, p\u00e5pekar S\u00f6derqvist.<\/p><\/blockquote>\n<img loading=\"lazy\" decoding=\"async\" class=\"alignnone size-full wp-image-681\" src=\"https:\/\/scf.se\/gravel\/wp-content\/uploads\/sites\/19\/2025\/07\/GravelSCF8-1.jpg\" alt=\"\" width=\"2048\" height=\"1365\" srcset=\"https:\/\/scf.se\/gravel\/wp-content\/uploads\/sites\/19\/2025\/07\/GravelSCF8-1.jpg 2048w, https:\/\/scf.se\/gravel\/wp-content\/uploads\/sites\/19\/2025\/07\/GravelSCF8-1-300x200.jpg 300w, https:\/\/scf.se\/gravel\/wp-content\/uploads\/sites\/19\/2025\/07\/GravelSCF8-1-1024x683.jpg 1024w, https:\/\/scf.se\/gravel\/wp-content\/uploads\/sites\/19\/2025\/07\/GravelSCF8-1-768x512.jpg 768w, https:\/\/scf.se\/gravel\/wp-content\/uploads\/sites\/19\/2025\/07\/GravelSCF8-1-1536x1024.jpg 1536w\" sizes=\"auto, (max-width: 2048px) 100vw, 2048px\" \/>\n<h3><a href=\"https:\/\/www.instagram.com\/p\/DMArY6EINsV\/\"><em>Se hela den streamade treminutersintervjun med Jakob S\u00f6derqvist av Cykelstudions Daniel Breece h\u00e4r!<\/em> <\/a><\/h3>\n<p>Jakob \u00e4r egentligen \u00e4r inne i en kort grundtr\u00e4ningsperiod hemma\u00a0 Falun f\u00f6r att bygga upp en bra h\u00f6stform d\u00e4r tempo-VM \u00e4r en av h\u00f6jdpunkterna f\u00f6r den allroundkunnige cyklisten som b\u00f6rjade med MTB och faktiskt kommer till start \u00e4ven i m\u00e5ndagens XCM.<\/p>\n<img loading=\"lazy\" decoding=\"async\" class=\"alignnone size-full wp-image-675\" src=\"https:\/\/scf.se\/gravel\/wp-content\/uploads\/sites\/19\/2025\/07\/GravelSCF13.jpg\" alt=\"\" width=\"1365\" height=\"1778\" srcset=\"https:\/\/scf.se\/gravel\/wp-content\/uploads\/sites\/19\/2025\/07\/GravelSCF13.jpg 1365w, https:\/\/scf.se\/gravel\/wp-content\/uploads\/sites\/19\/2025\/07\/GravelSCF13-230x300.jpg 230w, https:\/\/scf.se\/gravel\/wp-content\/uploads\/sites\/19\/2025\/07\/GravelSCF13-786x1024.jpg 786w, https:\/\/scf.se\/gravel\/wp-content\/uploads\/sites\/19\/2025\/07\/GravelSCF13-768x1000.jpg 768w, https:\/\/scf.se\/gravel\/wp-content\/uploads\/sites\/19\/2025\/07\/GravelSCF13-1179x1536.jpg 1179w\" sizes=\"auto, (max-width: 1365px) 100vw, 1365px\" \/>\n<h2><strong data-start=\"168\" data-end=\"190\">SM gravel herrelit<\/strong><\/h2>\n<ol>\n<li><strong data-start=\"197\" data-end=\"217\">Jakob S\u00f6derqvist<\/strong>, Sundsvallscyklisterna\/ Lidl-Trek Future Racing 3.43.02<\/li>\n<li><strong data-start=\"255\" data-end=\"276\">Michael Tjulander<\/strong>, 444 Cycling Club +4.02<\/li>\n<li><strong data-start=\"307\" data-end=\"324\">Eric Pedersen<\/strong>, Motala AIF +8.31<\/li>\n<li><strong data-start=\"349\" data-end=\"366\">Filip Persson<\/strong>, CK Ringen +10.39<\/li>\n<li><strong data-start=\"391\" data-end=\"406\">Samuel Lord<\/strong>, G\u00e5nghester CK +10.41<\/li>\n<li><strong data-start=\"435\" data-end=\"450\">Hugo Porath<\/strong>, Camp Dalsland +11.53<\/li>\n<\/ol>\n<p><em>Text: SCF<\/em><br \/>\n<em>Foto: Daniel Breece (alla bilder ovan)<\/em><\/p>\n<h3>* * *<\/h3>\n<h3><a href=\"https:\/\/scf.se\/gravel\/wp-content\/uploads\/sites\/19\/2025\/07\/Gravel-SM-resultat.pdf\"><em><strong>Alla resultat fr\u00e5n alla mastersklasser samt juniorklass p\u00e5 gravel-SM 2025 i pdf-form h\u00e4r och bilder nedan!<\/strong><\/em><\/a><\/h3>\n<p><em>Foto:\u00a0 Loves Media (alla bilder nedan)<\/em><\/p>\n<img loading=\"lazy\" decoding=\"async\" class=\"alignnone size-full wp-image-710\" src=\"https:\/\/scf.se\/gravel\/wp-content\/uploads\/sites\/19\/2025\/07\/SMGravel_Asenhoga12juli2025-03.jpg\" alt=\"\" width=\"1024\" height=\"683\" srcset=\"https:\/\/scf.se\/gravel\/wp-content\/uploads\/sites\/19\/2025\/07\/SMGravel_Asenhoga12juli2025-03.jpg 1024w, https:\/\/scf.se\/gravel\/wp-content\/uploads\/sites\/19\/2025\/07\/SMGravel_Asenhoga12juli2025-03-300x200.jpg 300w, https:\/\/scf.se\/gravel\/wp-content\/uploads\/sites\/19\/2025\/07\/SMGravel_Asenhoga12juli2025-03-768x512.jpg 768w\" sizes=\"auto, (max-width: 1024px) 100vw, 1024px\" \/>\n<p><em><img loading=\"lazy\" decoding=\"async\" class=\"alignnone size-full wp-image-708\" src=\"https:\/\/scf.se\/gravel\/wp-content\/uploads\/sites\/19\/2025\/07\/DSC09641-2.jpg\" alt=\"\" width=\"1024\" height=\"683\" srcset=\"https:\/\/scf.se\/gravel\/wp-content\/uploads\/sites\/19\/2025\/07\/DSC09641-2.jpg 1024w, https:\/\/scf.se\/gravel\/wp-content\/uploads\/sites\/19\/2025\/07\/DSC09641-2-300x200.jpg 300w, https:\/\/scf.se\/gravel\/wp-content\/uploads\/sites\/19\/2025\/07\/DSC09641-2-768x512.jpg 768w\" sizes=\"auto, (max-width: 1024px) 100vw, 1024px\" \/> <img loading=\"lazy\" decoding=\"async\" class=\"alignnone size-full wp-image-707\" src=\"https:\/\/scf.se\/gravel\/wp-content\/uploads\/sites\/19\/2025\/07\/DSC09651.jpg\" alt=\"\" width=\"1024\" height=\"683\" srcset=\"https:\/\/scf.se\/gravel\/wp-content\/uploads\/sites\/19\/2025\/07\/DSC09651.jpg 1024w, https:\/\/scf.se\/gravel\/wp-content\/uploads\/sites\/19\/2025\/07\/DSC09651-300x200.jpg 300w, https:\/\/scf.se\/gravel\/wp-content\/uploads\/sites\/19\/2025\/07\/DSC09651-768x512.jpg 768w\" sizes=\"auto, (max-width: 1024px) 100vw, 1024px\" \/> <img loading=\"lazy\" decoding=\"async\" class=\"alignnone size-full wp-image-706\" src=\"https:\/\/scf.se\/gravel\/wp-content\/uploads\/sites\/19\/2025\/07\/DSC09679.jpg\" alt=\"\" width=\"1024\" height=\"683\" srcset=\"https:\/\/scf.se\/gravel\/wp-content\/uploads\/sites\/19\/2025\/07\/DSC09679.jpg 1024w, https:\/\/scf.se\/gravel\/wp-content\/uploads\/sites\/19\/2025\/07\/DSC09679-300x200.jpg 300w, https:\/\/scf.se\/gravel\/wp-content\/uploads\/sites\/19\/2025\/07\/DSC09679-768x512.jpg 768w\" sizes=\"auto, (max-width: 1024px) 100vw, 1024px\" \/> <\/em><\/p>\n<img loading=\"lazy\" decoding=\"async\" class=\"alignnone size-full wp-image-705\" src=\"https:\/\/scf.se\/gravel\/wp-content\/uploads\/sites\/19\/2025\/07\/DSC09690.jpg\" alt=\"\" width=\"1024\" height=\"683\" srcset=\"https:\/\/scf.se\/gravel\/wp-content\/uploads\/sites\/19\/2025\/07\/DSC09690.jpg 1024w, https:\/\/scf.se\/gravel\/wp-content\/uploads\/sites\/19\/2025\/07\/DSC09690-300x200.jpg 300w, https:\/\/scf.se\/gravel\/wp-content\/uploads\/sites\/19\/2025\/07\/DSC09690-768x512.jpg 768w\" sizes=\"auto, (max-width: 1024px) 100vw, 1024px\" \/>\u00a0<img loading=\"lazy\" decoding=\"async\" class=\"alignnone size-full wp-image-709\" src=\"https:\/\/scf.se\/gravel\/wp-content\/uploads\/sites\/19\/2025\/07\/DSC09633.jpg\" alt=\"\" width=\"1024\" height=\"683\" srcset=\"https:\/\/scf.se\/gravel\/wp-content\/uploads\/sites\/19\/2025\/07\/DSC09633.jpg 1024w, https:\/\/scf.se\/gravel\/wp-content\/uploads\/sites\/19\/2025\/07\/DSC09633-300x200.jpg 300w, https:\/\/scf.se\/gravel\/wp-content\/uploads\/sites\/19\/2025\/07\/DSC09633-768x512.jpg 768w\" sizes=\"auto, (max-width: 1024px) 100vw, 1024px\" \/>\n<p>&nbsp;<\/p>\n<p><em>\u00a0<img loading=\"lazy\" decoding=\"async\" class=\"alignnone size-full wp-image-704\" src=\"https:\/\/scf.se\/gravel\/wp-content\/uploads\/sites\/19\/2025\/07\/DSC09702.jpg\" alt=\"\" width=\"1024\" height=\"683\" srcset=\"https:\/\/scf.se\/gravel\/wp-content\/uploads\/sites\/19\/2025\/07\/DSC09702.jpg 1024w, https:\/\/scf.se\/gravel\/wp-content\/uploads\/sites\/19\/2025\/07\/DSC09702-300x200.jpg 300w, https:\/\/scf.se\/gravel\/wp-content\/uploads\/sites\/19\/2025\/07\/DSC09702-768x512.jpg 768w\" sizes=\"auto, (max-width: 1024px) 100vw, 1024px\" \/> <img loading=\"lazy\" decoding=\"async\" class=\"alignnone size-full wp-image-703\" src=\"https:\/\/scf.se\/gravel\/wp-content\/uploads\/sites\/19\/2025\/07\/DSC09735.jpg\" alt=\"\" width=\"1024\" height=\"683\" srcset=\"https:\/\/scf.se\/gravel\/wp-content\/uploads\/sites\/19\/2025\/07\/DSC09735.jpg 1024w, https:\/\/scf.se\/gravel\/wp-content\/uploads\/sites\/19\/2025\/07\/DSC09735-300x200.jpg 300w, https:\/\/scf.se\/gravel\/wp-content\/uploads\/sites\/19\/2025\/07\/DSC09735-768x512.jpg 768w\" sizes=\"auto, (max-width: 1024px) 100vw, 1024px\" \/> <img loading=\"lazy\" decoding=\"async\" class=\"alignnone size-full wp-image-702\" src=\"https:\/\/scf.se\/gravel\/wp-content\/uploads\/sites\/19\/2025\/07\/DSC09747.jpg\" alt=\"\" width=\"1024\" height=\"683\" srcset=\"https:\/\/scf.se\/gravel\/wp-content\/uploads\/sites\/19\/2025\/07\/DSC09747.jpg 1024w, https:\/\/scf.se\/gravel\/wp-content\/uploads\/sites\/19\/2025\/07\/DSC09747-300x200.jpg 300w, https:\/\/scf.se\/gravel\/wp-content\/uploads\/sites\/19\/2025\/07\/DSC09747-768x512.jpg 768w\" sizes=\"auto, (max-width: 1024px) 100vw, 1024px\" \/> <img loading=\"lazy\" decoding=\"async\" class=\"alignnone size-full wp-image-701\" src=\"https:\/\/scf.se\/gravel\/wp-content\/uploads\/sites\/19\/2025\/07\/DSC09752.jpg\" alt=\"\" width=\"1024\" height=\"683\" srcset=\"https:\/\/scf.se\/gravel\/wp-content\/uploads\/sites\/19\/2025\/07\/DSC09752.jpg 1024w, https:\/\/scf.se\/gravel\/wp-content\/uploads\/sites\/19\/2025\/07\/DSC09752-300x200.jpg 300w, https:\/\/scf.se\/gravel\/wp-content\/uploads\/sites\/19\/2025\/07\/DSC09752-768x512.jpg 768w\" sizes=\"auto, (max-width: 1024px) 100vw, 1024px\" \/> <img loading=\"lazy\" decoding=\"async\" class=\"alignnone size-full wp-image-700\" src=\"https:\/\/scf.se\/gravel\/wp-content\/uploads\/sites\/19\/2025\/07\/DSC09779.jpg\" alt=\"\" width=\"1024\" height=\"683\" srcset=\"https:\/\/scf.se\/gravel\/wp-content\/uploads\/sites\/19\/2025\/07\/DSC09779.jpg 1024w, https:\/\/scf.se\/gravel\/wp-content\/uploads\/sites\/19\/2025\/07\/DSC09779-300x200.jpg 300w, https:\/\/scf.se\/gravel\/wp-content\/uploads\/sites\/19\/2025\/07\/DSC09779-768x512.jpg 768w\" sizes=\"auto, (max-width: 1024px) 100vw, 1024px\" \/> <img loading=\"lazy\" decoding=\"async\" class=\"alignnone size-full wp-image-699\" src=\"https:\/\/scf.se\/gravel\/wp-content\/uploads\/sites\/19\/2025\/07\/DSC09797.jpg\" alt=\"\" width=\"1024\" height=\"683\" srcset=\"https:\/\/scf.se\/gravel\/wp-content\/uploads\/sites\/19\/2025\/07\/DSC09797.jpg 1024w, https:\/\/scf.se\/gravel\/wp-content\/uploads\/sites\/19\/2025\/07\/DSC09797-300x200.jpg 300w, https:\/\/scf.se\/gravel\/wp-content\/uploads\/sites\/19\/2025\/07\/DSC09797-768x512.jpg 768w\" sizes=\"auto, (max-width: 1024px) 100vw, 1024px\" \/> <img loading=\"lazy\" decoding=\"async\" class=\"alignnone size-full wp-image-698\" src=\"https:\/\/scf.se\/gravel\/wp-content\/uploads\/sites\/19\/2025\/07\/DSC09813.jpg\" alt=\"\" width=\"1024\" height=\"683\" srcset=\"https:\/\/scf.se\/gravel\/wp-content\/uploads\/sites\/19\/2025\/07\/DSC09813.jpg 1024w, https:\/\/scf.se\/gravel\/wp-content\/uploads\/sites\/19\/2025\/07\/DSC09813-300x200.jpg 300w, https:\/\/scf.se\/gravel\/wp-content\/uploads\/sites\/19\/2025\/07\/DSC09813-768x512.jpg 768w\" sizes=\"auto, (max-width: 1024px) 100vw, 1024px\" \/>\u00a0<\/em><\/p>\n<p>&nbsp;<\/p>\n<p>&nbsp;<\/p>\n<p>&nbsp;<\/p>\n","protected":false},"excerpt":{"rendered":"<p>N\u00e4r Stor-SM \u00e5terstartade med Svenska M\u00e4sterskapen i gravel var det h\u00f6g internationell klass i t\u00e4ten p\u00e5 b\u00e5de dam- och herrelitens lopp \u00f6ver 138 kilometer. Vinnare var Nathalie Eklund och Jakob S\u00f6derqvist, som b\u00e5da utstr\u00e5lade mycket genuin cykelgl\u00e4dje i intervjuerna direkt efter m\u00e5lg\u00e5ng. Vi har gl\u00e4djande nog flera damcyklister som \u00e4r riktigt h\u00f6gt rankade internationellt<a href=\"https:\/\/scf.se\/gravel\/2025\/07\/13\/eklund-fick-till-ett-segerlopp-och-soderqvist-i-mastartroja-aven-i-gravel\/\" class=\"news-card__more\"> &#8230;<\/a><\/p>\n","protected":false},"author":41,"featured_media":679,"comment_status":"open","ping_status":"open","sticky":false,"template":"","format":"standard","meta":{"_acf_changed":false,"footnotes":""},"categories":[1],"tags":[],"class_list":["post-669","post","type-post","status-publish","format-standard","hentry","category-okategoriserade"],"acf":[],"_links":{"self":[{"href":"https:\/\/scf.se\/gravel\/wp-json\/wp\/v2\/posts\/669","targetHints":{"allow":["GET"]}}],"collection":[{"href":"https:\/\/scf.se\/gravel\/wp-json\/wp\/v2\/posts"}],"about":[{"href":"https:\/\/scf.se\/gravel\/wp-json\/wp\/v2\/types\/post"}],"author":[{"embeddable":true,"href":"https:\/\/scf.se\/gravel\/wp-json\/wp\/v2\/users\/41"}],"replies":[{"embeddable":true,"href":"https:\/\/scf.se\/gravel\/wp-json\/wp\/v2\/comments?post=669"}],"version-history":[{"count":12,"href":"https:\/\/scf.se\/gravel\/wp-json\/wp\/v2\/posts\/669\/revisions"}],"predecessor-version":[{"id":711,"href":"https:\/\/scf.se\/gravel\/wp-json\/wp\/v2\/posts\/669\/revisions\/711"}],"wp:featuredmedia":[{"embeddable":true,"href":"https:\/\/scf.se\/gravel\/wp-json\/wp\/v2\/media\/679"}],"wp:attachment":[{"href":"https:\/\/scf.se\/gravel\/wp-json\/wp\/v2\/media?parent=669"}],"wp:term":[{"taxonomy":"category","embeddable":true,"href":"https:\/\/scf.se\/gravel\/wp-json\/wp\/v2\/categories?post=669"},{"taxonomy":"post_tag","embeddable":true,"href":"https:\/\/scf.se\/gravel\/wp-json\/wp\/v2\/tags?post=669"}],"curies":[{"name":"wp","href":"https:\/\/api.w.org\/{rel}","templated":true}]}}