
{"id":627,"date":"2025-06-04T07:39:40","date_gmt":"2025-06-04T05:39:40","guid":{"rendered":"https:\/\/scf.se\/gravel\/?p=627"},"modified":"2025-08-21T11:04:39","modified_gmt":"2025-08-21T09:04:39","slug":"tjulander-och-johansson-segrade-i-uppskattad-smalandsk-swe-cup-premiar","status":"publish","type":"post","link":"https:\/\/scf.se\/gravel\/2025\/06\/04\/tjulander-och-johansson-segrade-i-uppskattad-smalandsk-swe-cup-premiar\/","title":{"rendered":"Tjulander och Johansson vann i uppskattad SWE Cup-premi\u00e4r"},"content":{"rendered":"<p><strong>Hansa Bygg GP Gravel utanf\u00f6r M\u00f6nster\u00e5s var f\u00f6rst ut i \u00e5rets SWE Cup Gravel. Det blev favoritsegrar i seniorelitklasserna i form av Hanna Johansson fr\u00e5n nybildade Hammarby Cykelklubb och Michael Tjulander, som i \u00e5r k\u00f6r f\u00f6r 444 Cycling Club.<\/strong><\/p>\n<p>Den sm\u00e5l\u00e4ndska SWE Cup-nykomlingen bj\u00f6d p\u00e5 natursk\u00f6n cykling genom L\u00e5ngeh\u00e4lls friluftsomr\u00e5de, helt fri fr\u00e5n biltrafik; en utmanande mix av grusv\u00e4gar, traktorv\u00e4gar och n\u00e5gra kortare asfaltsstr\u00e4ckor. H\u00f6jdskillnaderna, 350 meter p\u00e5 ett fyra mil l\u00e5ngt varv, var behagligt b\u00f6ljande men det fanns \u00e4nd\u00e5 tekniska utmaningar.<\/p>\n<p>Damm\u00e4staren Nathalie Eklund p\u00e5 framg\u00e5ngsrik USA-turn\u00e9 \u2013 mera om det senare i veckan \u2013 men Hanna Johansson som ocks\u00e5 siktar p\u00e5 gravelm\u00e4sterskap i \u00e5r fans med och vann.<\/p>\n<p>I herrklassen var CK Ringens Filip Persson och Kristoffer S\u00e4fstr\u00f6m, CK Master, n\u00e4rmast Michael Tjulander i m\u00e5l.<\/p>\n<div id=\"attachment_634\" class=\"wp-caption alignnone\" ><img loading=\"lazy\" decoding=\"async\" class=\"size-full wp-image-634\" src=\"https:\/\/scf.se\/gravel\/wp-content\/uploads\/sites\/19\/2025\/06\/500_5841-Fototjansterkalmar-denoise-sharpen-face.jpeg\" alt=\"\" width=\"1556\" height=\"2332\" srcset=\"https:\/\/scf.se\/gravel\/wp-content\/uploads\/sites\/19\/2025\/06\/500_5841-Fototjansterkalmar-denoise-sharpen-face.jpeg 1556w, https:\/\/scf.se\/gravel\/wp-content\/uploads\/sites\/19\/2025\/06\/500_5841-Fototjansterkalmar-denoise-sharpen-face-200x300.jpeg 200w, https:\/\/scf.se\/gravel\/wp-content\/uploads\/sites\/19\/2025\/06\/500_5841-Fototjansterkalmar-denoise-sharpen-face-683x1024.jpeg 683w, https:\/\/scf.se\/gravel\/wp-content\/uploads\/sites\/19\/2025\/06\/500_5841-Fototjansterkalmar-denoise-sharpen-face-768x1151.jpeg 768w, https:\/\/scf.se\/gravel\/wp-content\/uploads\/sites\/19\/2025\/06\/500_5841-Fototjansterkalmar-denoise-sharpen-face-1025x1536.jpeg 1025w, https:\/\/scf.se\/gravel\/wp-content\/uploads\/sites\/19\/2025\/06\/500_5841-Fototjansterkalmar-denoise-sharpen-face-1367x2048.jpeg 1367w\" sizes=\"auto, (max-width: 1556px) 100vw, 1556px\" \/><p class=\"wp-caption-text\">SWE Cup Gravel L\u00e5ngeh\u00e4ll 2025. Foto: Fototj\u00e4nster i Kalmar<\/p><\/div>\n<div id=\"attachment_633\" class=\"wp-caption alignnone\" ><img loading=\"lazy\" decoding=\"async\" class=\"size-full wp-image-633\" src=\"https:\/\/scf.se\/gravel\/wp-content\/uploads\/sites\/19\/2025\/06\/500_6019-Fototjansterkalmar-denoise-sharpen-face-scaled.jpeg\" alt=\"\" width=\"1707\" height=\"2560\" srcset=\"https:\/\/scf.se\/gravel\/wp-content\/uploads\/sites\/19\/2025\/06\/500_6019-Fototjansterkalmar-denoise-sharpen-face-scaled.jpeg 1707w, https:\/\/scf.se\/gravel\/wp-content\/uploads\/sites\/19\/2025\/06\/500_6019-Fototjansterkalmar-denoise-sharpen-face-200x300.jpeg 200w, https:\/\/scf.se\/gravel\/wp-content\/uploads\/sites\/19\/2025\/06\/500_6019-Fototjansterkalmar-denoise-sharpen-face-683x1024.jpeg 683w, https:\/\/scf.se\/gravel\/wp-content\/uploads\/sites\/19\/2025\/06\/500_6019-Fototjansterkalmar-denoise-sharpen-face-768x1152.jpeg 768w, https:\/\/scf.se\/gravel\/wp-content\/uploads\/sites\/19\/2025\/06\/500_6019-Fototjansterkalmar-denoise-sharpen-face-1024x1536.jpeg 1024w, https:\/\/scf.se\/gravel\/wp-content\/uploads\/sites\/19\/2025\/06\/500_6019-Fototjansterkalmar-denoise-sharpen-face-1365x2048.jpeg 1365w\" sizes=\"auto, (max-width: 1707px) 100vw, 1707px\" \/><p class=\"wp-caption-text\">SWE Cup Gravel L\u00e5ngeh\u00e4ll 2025. Foto: Fototj\u00e4nster i Kalmar<\/p><\/div>\n<div id=\"attachment_632\" class=\"wp-caption alignnone\" ><img loading=\"lazy\" decoding=\"async\" class=\"size-full wp-image-632\" src=\"https:\/\/scf.se\/gravel\/wp-content\/uploads\/sites\/19\/2025\/06\/500_6384-Fototjansterkalmar-denoise-sharpen-face-scaled.jpeg\" alt=\"\" width=\"1707\" height=\"2560\" srcset=\"https:\/\/scf.se\/gravel\/wp-content\/uploads\/sites\/19\/2025\/06\/500_6384-Fototjansterkalmar-denoise-sharpen-face-scaled.jpeg 1707w, https:\/\/scf.se\/gravel\/wp-content\/uploads\/sites\/19\/2025\/06\/500_6384-Fototjansterkalmar-denoise-sharpen-face-200x300.jpeg 200w, https:\/\/scf.se\/gravel\/wp-content\/uploads\/sites\/19\/2025\/06\/500_6384-Fototjansterkalmar-denoise-sharpen-face-683x1024.jpeg 683w, https:\/\/scf.se\/gravel\/wp-content\/uploads\/sites\/19\/2025\/06\/500_6384-Fototjansterkalmar-denoise-sharpen-face-768x1152.jpeg 768w, https:\/\/scf.se\/gravel\/wp-content\/uploads\/sites\/19\/2025\/06\/500_6384-Fototjansterkalmar-denoise-sharpen-face-1024x1536.jpeg 1024w, https:\/\/scf.se\/gravel\/wp-content\/uploads\/sites\/19\/2025\/06\/500_6384-Fototjansterkalmar-denoise-sharpen-face-1366x2048.jpeg 1366w\" sizes=\"auto, (max-width: 1707px) 100vw, 1707px\" \/><p class=\"wp-caption-text\">SWE Cup Gravel L\u00e5ngeh\u00e4ll 2025. Foto: Fototj\u00e4nster i Kalmar<\/p><\/div>\n<div id=\"attachment_631\" class=\"wp-caption alignnone\" ><img loading=\"lazy\" decoding=\"async\" class=\"size-full wp-image-631\" src=\"https:\/\/scf.se\/gravel\/wp-content\/uploads\/sites\/19\/2025\/06\/500_6206-Fototjansterkalmar-denoise-sharpen-face.jpeg\" alt=\"\" width=\"1545\" height=\"2317\" srcset=\"https:\/\/scf.se\/gravel\/wp-content\/uploads\/sites\/19\/2025\/06\/500_6206-Fototjansterkalmar-denoise-sharpen-face.jpeg 1545w, https:\/\/scf.se\/gravel\/wp-content\/uploads\/sites\/19\/2025\/06\/500_6206-Fototjansterkalmar-denoise-sharpen-face-200x300.jpeg 200w, https:\/\/scf.se\/gravel\/wp-content\/uploads\/sites\/19\/2025\/06\/500_6206-Fototjansterkalmar-denoise-sharpen-face-683x1024.jpeg 683w, https:\/\/scf.se\/gravel\/wp-content\/uploads\/sites\/19\/2025\/06\/500_6206-Fototjansterkalmar-denoise-sharpen-face-768x1152.jpeg 768w, https:\/\/scf.se\/gravel\/wp-content\/uploads\/sites\/19\/2025\/06\/500_6206-Fototjansterkalmar-denoise-sharpen-face-1024x1536.jpeg 1024w, https:\/\/scf.se\/gravel\/wp-content\/uploads\/sites\/19\/2025\/06\/500_6206-Fototjansterkalmar-denoise-sharpen-face-1366x2048.jpeg 1366w\" sizes=\"auto, (max-width: 1545px) 100vw, 1545px\" \/><p class=\"wp-caption-text\">SWE Cup Gravel L\u00e5ngeh\u00e4ll 2025. Foto: Fototj\u00e4nster i Kalmar<\/p><\/div>\n<div id=\"attachment_629\" class=\"wp-caption alignnone\" ><img loading=\"lazy\" decoding=\"async\" class=\"size-full wp-image-629\" src=\"https:\/\/scf.se\/gravel\/wp-content\/uploads\/sites\/19\/2025\/06\/500_6085-Fototjansterkalmar-denoise-sharpen-face-scaled.jpeg\" alt=\"\" width=\"1707\" height=\"2560\" srcset=\"https:\/\/scf.se\/gravel\/wp-content\/uploads\/sites\/19\/2025\/06\/500_6085-Fototjansterkalmar-denoise-sharpen-face-scaled.jpeg 1707w, https:\/\/scf.se\/gravel\/wp-content\/uploads\/sites\/19\/2025\/06\/500_6085-Fototjansterkalmar-denoise-sharpen-face-200x300.jpeg 200w, https:\/\/scf.se\/gravel\/wp-content\/uploads\/sites\/19\/2025\/06\/500_6085-Fototjansterkalmar-denoise-sharpen-face-683x1024.jpeg 683w, https:\/\/scf.se\/gravel\/wp-content\/uploads\/sites\/19\/2025\/06\/500_6085-Fototjansterkalmar-denoise-sharpen-face-768x1152.jpeg 768w, https:\/\/scf.se\/gravel\/wp-content\/uploads\/sites\/19\/2025\/06\/500_6085-Fototjansterkalmar-denoise-sharpen-face-1024x1536.jpeg 1024w, https:\/\/scf.se\/gravel\/wp-content\/uploads\/sites\/19\/2025\/06\/500_6085-Fototjansterkalmar-denoise-sharpen-face-1365x2048.jpeg 1365w\" sizes=\"auto, (max-width: 1707px) 100vw, 1707px\" \/><p class=\"wp-caption-text\">SWE Cup Gravel L\u00e5ngeh\u00e4ll 2025. Foto: Fototj\u00e4nster i Kalmar<\/p><\/div>\n<img loading=\"lazy\" decoding=\"async\" class=\"size-full wp-image-628\" src=\"https:\/\/scf.se\/gravel\/wp-content\/uploads\/sites\/19\/2025\/06\/700_5380-Fototjansterkalmar-denoise-sharpen-face-scaled.jpeg\" alt=\"\" width=\"2560\" height=\"1709\" srcset=\"https:\/\/scf.se\/gravel\/wp-content\/uploads\/sites\/19\/2025\/06\/700_5380-Fototjansterkalmar-denoise-sharpen-face-scaled.jpeg 2560w, https:\/\/scf.se\/gravel\/wp-content\/uploads\/sites\/19\/2025\/06\/700_5380-Fototjansterkalmar-denoise-sharpen-face-300x200.jpeg 300w, https:\/\/scf.se\/gravel\/wp-content\/uploads\/sites\/19\/2025\/06\/700_5380-Fototjansterkalmar-denoise-sharpen-face-1024x684.jpeg 1024w, https:\/\/scf.se\/gravel\/wp-content\/uploads\/sites\/19\/2025\/06\/700_5380-Fototjansterkalmar-denoise-sharpen-face-768x513.jpeg 768w, https:\/\/scf.se\/gravel\/wp-content\/uploads\/sites\/19\/2025\/06\/700_5380-Fototjansterkalmar-denoise-sharpen-face-1536x1026.jpeg 1536w, https:\/\/scf.se\/gravel\/wp-content\/uploads\/sites\/19\/2025\/06\/700_5380-Fototjansterkalmar-denoise-sharpen-face-2048x1367.jpeg 2048w\" sizes=\"auto, (max-width: 2560px) 100vw, 2560px\" \/>\n<blockquote><p>&#8221;Det var perfekta f\u00f6ruts\u00e4ttningar! Vi \u00e4r riktigt glada \u00f6ver hur dagen gick, \u00e4ven om vi hoppats p\u00e5 fler deltagare. Det \u00e4r f\u00f6rsta \u00e5ret s\u00e5 vi ser fram emot att se \u00e4nnu fler t\u00e4vlande n\u00e4sta \u00e5r. Alla deltagare vi pratade med var mycket n\u00f6jda med varvbanan och tycker det \u00e4r ett bra tillskott i Swecupen. Deras positiva feedback inspirerar oss att forts\u00e4tta f\u00f6rb\u00e4ttra evenemanget&#8221;, s\u00e4ger t\u00e4vlingsledaren Patrik Hjertqvist.<\/p><\/blockquote>\n<p data-start=\"75\" data-end=\"106\"><strong data-start=\"75\" data-end=\"104\">Damer elit<\/strong><\/p>\n<ol>\n<li data-start=\"110\" data-end=\"152\"><strong data-start=\"110\" data-end=\"129\">Hanna Johansson<\/strong>, Hammarby Cykelklubb<\/li>\n<li data-start=\"156\" data-end=\"197\"><strong data-start=\"156\" data-end=\"176\">Therese Fjord\u00e4ng<\/strong>, \u00d6rebrocyklisterna<\/li>\n<li data-start=\"201\" data-end=\"239\"><strong data-start=\"201\" data-end=\"222\">Caroline Sj\u00f6str\u00f6m<\/strong>, Herrljunga CK<\/li>\n<li data-start=\"243\" data-end=\"280\"><strong data-start=\"243\" data-end=\"259\">Linda Meijer<\/strong>, \u00d6rebrocyklisterna<\/li>\n<\/ol>\n<h3>Herrar elit<\/h3>\n<ol>\n<li data-start=\"158\" data-end=\"199\"><strong data-start=\"158\" data-end=\"179\">Michael Tjulander<\/strong>, 444 Cycling Club<\/li>\n<li data-start=\"203\" data-end=\"233\"><strong data-start=\"203\" data-end=\"220\">Filip Persson<\/strong>, CK Ringen<\/li>\n<li data-start=\"237\" data-end=\"273\"><strong data-start=\"237\" data-end=\"260\">Kristoffer S\u00e4fstr\u00f6m<\/strong>, CK Master<\/li>\n<li data-start=\"277\" data-end=\"325\"><strong data-start=\"277\" data-end=\"291\">Axel Lindh<\/strong>, \u00d6rebrocyklisterna \u2013 Team Norra<\/li>\n<li data-start=\"329\" data-end=\"357\"><strong data-start=\"329\" data-end=\"345\">Lukas Merkel<\/strong>, CK Hymer<\/li>\n<li data-start=\"361\" data-end=\"391\"><strong data-start=\"361\" data-end=\"379\">Rasmus Mikiver<\/strong>, CK Hymer<\/li>\n<\/ol>\n<blockquote><p>&#8221;Vi ser redan fram emot n\u00e4sta \u00e5rs evenemang med sp\u00e4nning&#8221;, s\u00e4ger Patrik Hjertqvist.<\/p><\/blockquote>\n<ul>\n<li><a href=\"https:\/\/scf.se\/gravel\/wp-content\/uploads\/sites\/19\/2025\/06\/SWE-Cup-Gravel-2025-HansaBygg-GP.xlsx\"><em><strong>Alla resultat fr\u00e5n \u00e5rets SWE Cup-premi\u00e4r gravel hittar ni h\u00e4r!<\/strong><\/em><\/a><\/li>\n<\/ul>\n<p><em>Bilder: Fototj\u00e4nster i Kalmar (ej fria f\u00f6r \u00e5terpublicering utan till\u00e5telse)<\/em><\/p>\n","protected":false},"excerpt":{"rendered":"<p>Hansa Bygg GP Gravel utanf\u00f6r M\u00f6nster\u00e5s var f\u00f6rst ut i \u00e5rets SWE Cup Gravel. Det blev favoritsegrar i seniorelitklasserna i form av Hanna Johansson fr\u00e5n nybildade Hammarby Cykelklubb och Michael Tjulander, som i \u00e5r k\u00f6r f\u00f6r 444 Cycling Club. Den sm\u00e5l\u00e4ndska SWE Cup-nykomlingen bj\u00f6d p\u00e5 natursk\u00f6n cykling genom L\u00e5ngeh\u00e4lls friluftsomr\u00e5de, helt fri fr\u00e5n biltrafik;<a href=\"https:\/\/scf.se\/gravel\/2025\/06\/04\/tjulander-och-johansson-segrade-i-uppskattad-smalandsk-swe-cup-premiar\/\" class=\"news-card__more\"> &#8230;<\/a><\/p>\n","protected":false},"author":41,"featured_media":635,"comment_status":"open","ping_status":"open","sticky":false,"template":"","format":"standard","meta":{"_acf_changed":false,"footnotes":""},"categories":[1],"tags":[],"class_list":["post-627","post","type-post","status-publish","format-standard","hentry","category-okategoriserade"],"acf":[],"_links":{"self":[{"href":"https:\/\/scf.se\/gravel\/wp-json\/wp\/v2\/posts\/627","targetHints":{"allow":["GET"]}}],"collection":[{"href":"https:\/\/scf.se\/gravel\/wp-json\/wp\/v2\/posts"}],"about":[{"href":"https:\/\/scf.se\/gravel\/wp-json\/wp\/v2\/types\/post"}],"author":[{"embeddable":true,"href":"https:\/\/scf.se\/gravel\/wp-json\/wp\/v2\/users\/41"}],"replies":[{"embeddable":true,"href":"https:\/\/scf.se\/gravel\/wp-json\/wp\/v2\/comments?post=627"}],"version-history":[{"count":4,"href":"https:\/\/scf.se\/gravel\/wp-json\/wp\/v2\/posts\/627\/revisions"}],"predecessor-version":[{"id":640,"href":"https:\/\/scf.se\/gravel\/wp-json\/wp\/v2\/posts\/627\/revisions\/640"}],"wp:featuredmedia":[{"embeddable":true,"href":"https:\/\/scf.se\/gravel\/wp-json\/wp\/v2\/media\/635"}],"wp:attachment":[{"href":"https:\/\/scf.se\/gravel\/wp-json\/wp\/v2\/media?parent=627"}],"wp:term":[{"taxonomy":"category","embeddable":true,"href":"https:\/\/scf.se\/gravel\/wp-json\/wp\/v2\/categories?post=627"},{"taxonomy":"post_tag","embeddable":true,"href":"https:\/\/scf.se\/gravel\/wp-json\/wp\/v2\/tags?post=627"}],"curies":[{"name":"wp","href":"https:\/\/api.w.org\/{rel}","templated":true}]}}