
{"id":569,"date":"2024-11-08T16:17:17","date_gmt":"2024-11-08T15:17:17","guid":{"rendered":"https:\/\/scf.se\/gravel\/?p=569"},"modified":"2024-11-10T03:34:32","modified_gmt":"2024-11-10T02:34:32","slug":"premiar-for-monsteraslopp-i-swe-cup-gravel-som-utokas","status":"publish","type":"post","link":"https:\/\/scf.se\/gravel\/2024\/11\/08\/premiar-for-monsteraslopp-i-swe-cup-gravel-som-utokas\/","title":{"rendered":"SWE Cup Gravel ut\u00f6kas n\u00e4r det blir premi\u00e4r f\u00f6r delt\u00e4vling i M\u00f6nster\u00e5s!"},"content":{"rendered":"<p><strong>Hansa Bygg GP Gravel blir f\u00f6rst ut i SWE Cup Gravel och lockar till M\u00f6nster\u00e5s den sista helgen i maj. Den fyra mil l\u00e5nga banan bjuder p\u00e5 natursk\u00f6n cykling genom L\u00e5ngeh\u00e4lls friluftsomr\u00e5de, helt fri fr\u00e5n biltrafik. N\u00e4r SWE Cup 2025 ut\u00f6kas v\u00e4ntar en utmanande mix av grusv\u00e4gar, traktorv\u00e4gar och n\u00e5gra kortare asfaltsstr\u00e4ckor.<\/strong><\/p>\n<div class=\"flex max-w-full flex-col flex-grow\">\n<div class=\"min-h-8 text-message flex w-full flex-col items-end gap-2 whitespace-normal break-words [.text-message+&amp;]:mt-5\" dir=\"auto\" data-message-author-role=\"assistant\" data-message-id=\"6d908e6b-a2be-4238-9427-5d9545bda036\" data-message-model-slug=\"gpt-4o\">\n<div class=\"flex w-full flex-col gap-1 empty:hidden first:pt-[3px]\">\n<div class=\"markdown prose w-full break-words dark:prose-invert light\">\n<p>T\u00e4vlingsbanan i M\u00f6nster\u00e5s blir en ny och efterl\u00e4ngtad delt\u00e4vling i SWE Cup Gravel, och inleder t\u00e4vlingsserien den 31 maj till 1 juni.<\/p>\n<p>Banan tar deltagarna genom omv\u00e4xlande landskap, d\u00e4r h\u00f6jdskillnaderna \u00e4r behagligt b\u00f6ljande men \u00e4nd\u00e5 bjuder p\u00e5 tekniska utmaningar. Patrik Hjertqvist p\u00e5 Hansa Bygg Grand Prix beskriver banan:<\/p>\n<blockquote><p>&#8221;Det v\u00e4ntar en utmanande runda p\u00e5 fyra mil med grus- och traktorv\u00e4gar, ett par korta avsnitt p\u00e5 stig och asfalt. Varvet bjuder p\u00e5 b\u00f6ljande h\u00f6jder med en stigning p\u00e5 cirka 350 meter, vilket ger en perfekt mix av fart och teknisk utmaning.&#8221;<\/p><\/blockquote>\n<img loading=\"lazy\" decoding=\"async\" class=\"alignnone size-full wp-image-571\" src=\"https:\/\/scf.se\/gravel\/wp-content\/uploads\/sites\/19\/2024\/11\/1000006928.jpg\" alt=\"\" width=\"629\" height=\"567\" srcset=\"https:\/\/scf.se\/gravel\/wp-content\/uploads\/sites\/19\/2024\/11\/1000006928.jpg 629w, https:\/\/scf.se\/gravel\/wp-content\/uploads\/sites\/19\/2024\/11\/1000006928-300x270.jpg 300w\" sizes=\"auto, (max-width: 629px) 100vw, 629px\" \/>\n<p>M\u00f6nster\u00e5s kommun \u00e4r redan en etablerad destination f\u00f6r grusv\u00e4gscykling, inte minst genom det uppskattade evenemanget Century CX. Att nu inkludera Hansa Bygg GP Gravel i SWE Cup-kalendern st\u00e4rker regionens position som en attraktiv plats f\u00f6r gruscyklister.<\/p>\n<p>Jonas Haglund, t\u00e4vlingsansvarig p\u00e5 Svenska Cykelf\u00f6rbundet, ser positivt p\u00e5 att ut\u00f6ka SWE Cup Gravel med en delt\u00e4vling i M\u00f6nster\u00e5s:<\/p>\n<blockquote><p>&#8221;V\u00e5rt m\u00e5l \u00e4r att erbjuda minst fyra delt\u00e4vlingar spridda \u00f6ver s\u00e4songen och olika geografiska platser. Att nu kunna ha en v\u00e5rt\u00e4vling i M\u00f6nster\u00e5s \u00e4r mycket v\u00e4lkommet. Med den erfarna organisationen bakom Hansa Bygg-loppen k\u00e4nner vi oss trygga med att detta kommer bli en fantastisk t\u00e4vling.&#8221;<\/p><\/blockquote>\n<\/div>\n<\/div>\n<\/div>\n<\/div>\n<h3>SWE Cup Gravel 2025<\/h3>\n<ul>\n<li><strong>1 juni:<\/strong> Hansa Bygg GP Gravel, M\u00f6nster\u00e5s<\/li>\n<li><strong>5 juli:<\/strong> Nordic Gravel Series Bergslagen<\/li>\n<li><strong>16 augusti<\/strong>: Gravel Grit&#8217;n Grind, Halmstad<\/li>\n<li><strong>20 september:<\/strong> Dalsland Gravel<\/li>\n<\/ul>\n<p>H\u00e5ll utkik p\u00e5 hemsidan och i v\u00e5ra SoMe-kanaler f\u00f6r mer information och anm\u00e4lan.<\/p>\n<p><em>Text SCF<\/em><br \/>\n<em>Foto: Privat<\/em><\/p>\n","protected":false},"excerpt":{"rendered":"<p>Hansa Bygg GP Gravel blir f\u00f6rst ut i SWE Cup Gravel och lockar till M\u00f6nster\u00e5s den sista helgen i maj. Den fyra mil l\u00e5nga banan bjuder p\u00e5 natursk\u00f6n cykling genom L\u00e5ngeh\u00e4lls friluftsomr\u00e5de, helt fri fr\u00e5n biltrafik. N\u00e4r SWE Cup 2025 ut\u00f6kas v\u00e4ntar en utmanande mix av grusv\u00e4gar, traktorv\u00e4gar och n\u00e5gra kortare asfaltsstr\u00e4ckor. T\u00e4vlingsbanan i<a href=\"https:\/\/scf.se\/gravel\/2024\/11\/08\/premiar-for-monsteraslopp-i-swe-cup-gravel-som-utokas\/\" class=\"news-card__more\"> &#8230;<\/a><\/p>\n","protected":false},"author":41,"featured_media":572,"comment_status":"open","ping_status":"open","sticky":false,"template":"","format":"standard","meta":{"_acf_changed":false,"footnotes":""},"categories":[1],"tags":[],"class_list":["post-569","post","type-post","status-publish","format-standard","hentry","category-okategoriserade"],"acf":[],"_links":{"self":[{"href":"https:\/\/scf.se\/gravel\/wp-json\/wp\/v2\/posts\/569","targetHints":{"allow":["GET"]}}],"collection":[{"href":"https:\/\/scf.se\/gravel\/wp-json\/wp\/v2\/posts"}],"about":[{"href":"https:\/\/scf.se\/gravel\/wp-json\/wp\/v2\/types\/post"}],"author":[{"embeddable":true,"href":"https:\/\/scf.se\/gravel\/wp-json\/wp\/v2\/users\/41"}],"replies":[{"embeddable":true,"href":"https:\/\/scf.se\/gravel\/wp-json\/wp\/v2\/comments?post=569"}],"version-history":[{"count":10,"href":"https:\/\/scf.se\/gravel\/wp-json\/wp\/v2\/posts\/569\/revisions"}],"predecessor-version":[{"id":581,"href":"https:\/\/scf.se\/gravel\/wp-json\/wp\/v2\/posts\/569\/revisions\/581"}],"wp:featuredmedia":[{"embeddable":true,"href":"https:\/\/scf.se\/gravel\/wp-json\/wp\/v2\/media\/572"}],"wp:attachment":[{"href":"https:\/\/scf.se\/gravel\/wp-json\/wp\/v2\/media?parent=569"}],"wp:term":[{"taxonomy":"category","embeddable":true,"href":"https:\/\/scf.se\/gravel\/wp-json\/wp\/v2\/categories?post=569"},{"taxonomy":"post_tag","embeddable":true,"href":"https:\/\/scf.se\/gravel\/wp-json\/wp\/v2\/tags?post=569"}],"curies":[{"name":"wp","href":"https:\/\/api.w.org\/{rel}","templated":true}]}}