
{"id":533,"date":"2024-10-14T11:00:30","date_gmt":"2024-10-14T09:00:30","guid":{"rendered":"https:\/\/scf.se\/gravel\/?p=533"},"modified":"2024-10-15T14:49:07","modified_gmt":"2024-10-15T12:49:07","slug":"nathalie-eklund-slutade15e-pa-gravel-em-i-italienska-asiago","status":"publish","type":"post","link":"https:\/\/scf.se\/gravel\/2024\/10\/14\/nathalie-eklund-slutade15e-pa-gravel-em-i-italienska-asiago\/","title":{"rendered":"Nathalie Eklund slutade trots en del st\u00f6k 15:e p\u00e5 gravel-EM i Italien"},"content":{"rendered":"<p class=\"xmsonormal\"><strong><span style=\"color: black\">Nathalie Eklund var enda svenska cyklist i seniorelit som k\u00f6rde EM i italienska Asiago i s\u00f6ndags. Nathalie kom p\u00e5 en 15:e plats bland de 26 cyklister som fullf\u00f6ljde m\u00e4sterskapet, distanserad med 13 minuter och 41 sekunder till segrarinnan Sina Frei fr\u00e5n Schweiz. <\/span><\/strong><\/p>\n<p><span style=\"color: black\">Hon fick punktering i fel l\u00e4ge och tappade v\u00e4rdefull tid, placeringar vid<\/span><span style=\"color: black\"> f\u00f6rra helgens VM i gravel. <\/span>Nathalie, som efter VM haft sv\u00e5rt att \u00e5terh\u00e4mta sig och k\u00e4nt av sjukdomssymtom med d\u00e5lig ork som f\u00f6ljd, valde \u00e4nd\u00e5, fullt motiverad att t\u00e4vla igen och stark mentalt, att \u00e5ka till Asiago och k\u00f6ra EM, p\u00e5 en bana som <span style=\"color: black\">k\u00f6rdes i tv\u00e5 varv och m\u00e4tte 102 kilometer.<\/span><\/p>\n<p>P\u00e5 t\u00e4vlingsdagen k\u00e4nde hon sig fri fr\u00e5n symptomen hon k\u00e4nt tidigare i veckan och var taggad och motiverad att ge allt en sista g\u00e5ng innan vilan som v\u00e4ntar.\u00a0 Nathalie hade bra flyt, framf\u00f6rallt uppf\u00f6r, men vid de tekniska utf\u00f6rspartierna tappade hon fart och rytm och blev omk\u00f6rd.<\/p>\n<p>Bitvis blev det tr\u00e5ngt p\u00e5 banan n\u00e4r Agegroup-herrarna kom i kapp t\u00e4tklungan och det st\u00e4llde till det rej\u00e4lt med rytmen och Nathalie tappade sin klunga. Med fortsatt fokus och med inst\u00e4llningen att mycket kan ju h\u00e4nda i gravel, k\u00f6rde hon p\u00e5 sj\u00e4lv och hon kom efter ca 10\u201315 kilometer ikapp klungan igen.<\/p>\n<p>En bit in p\u00e5 andra varvet blev hon &#8221;armb\u00e5gad&#8221; i en brant lerig gr\u00e4sbacke och fick s\u00e4tta ner foten f\u00f6r att inte ramla, och d\u00e5 l\u00e5ste sig benen totalt. Hon fick ligga ner och f\u00e5 stretch och massage av funktion\u00e4r och fylla p\u00e5 med sportdryck. Efter cirka fyra minuter kunde hon st\u00e4lla sig upp igen och k\u00f6ra i m\u00e5l.<\/p>\n<blockquote><p>&#8221;En lite galen upplevelse&#8221;, som hon sj\u00e4lv uttrycker det med ett skratt.<\/p>\n<p>&#8221;Men trots lite st\u00f6k var det j\u00e4ttekul \u2013 och att nu vet jag vad jag beh\u00f6ver tr\u00e4na mera p\u00e5 n\u00e4r det g\u00e4ller gravel.&#8221;<\/p><\/blockquote>\n<p>Nathalie Eklund tar med sig att hon k\u00e4nde sig f\u00f6rv\u00e5nansv\u00e4rt stark i f\u00f6rh\u00e5llande till riktigt duktiga cyklister, men f\u00f6r att vara konkurrenskraftig beh\u00f6ver hon mer tekniktr\u00e4ning. <span style=\"color: black\">S\u00e5 h\u00e4r slutade det i siffror.<\/span><\/p>\n<img loading=\"lazy\" decoding=\"async\" class=\"alignnone size-full wp-image-537\" src=\"https:\/\/scf.se\/gravel\/wp-content\/uploads\/sites\/19\/2024\/10\/EM-starten-2.jpg\" alt=\"\" width=\"888\" height=\"591\" srcset=\"https:\/\/scf.se\/gravel\/wp-content\/uploads\/sites\/19\/2024\/10\/EM-starten-2.jpg 888w, https:\/\/scf.se\/gravel\/wp-content\/uploads\/sites\/19\/2024\/10\/EM-starten-2-300x200.jpg 300w, https:\/\/scf.se\/gravel\/wp-content\/uploads\/sites\/19\/2024\/10\/EM-starten-2-768x511.jpg 768w\" sizes=\"auto, (max-width: 888px) 100vw, 888px\" \/>\n<h3>EM gravel damer elit<\/h3>\n<ul>\n<li>\u00a0 1 <strong>Sina Frei,<\/strong> Schweiz 03:33:23<\/li>\n<li>\u00a0 2 <strong>Silvia Persico,<\/strong> Italien +1:26<\/li>\n<li>\u00a0 3 <strong>Alice Maria Arzuffi<\/strong>, Italien +1:28<\/li>\n<li>15 <strong>Nathalie Eklund,<\/strong> Sverige +13:41<\/li>\n<\/ul>\n<p class=\"xmsonormal\"><a href=\"https:\/\/www.uec.ch\/resources\/2024%20Event\/gravel\/UEC%20GRAVEL%20EUROPEAN%20CHAMPIONSHIPS%20-%20ASIAGO%20-%20CLASSIFICHE(1).pdf\"><em><strong><span style=\"color: black\">H\u00e4r finns alla resultat fr\u00e5n gravel-EM i Asiago.<\/span><\/strong><\/em><\/a><\/p>\n<p class=\"xmsonormal\"><em>Text: SCF<\/em><br \/>\n<em>Foto: @rideasiago och privat<\/em><\/p>\n","protected":false},"excerpt":{"rendered":"<p>Nathalie Eklund var enda svenska cyklist i seniorelit som k\u00f6rde EM i italienska Asiago i s\u00f6ndags. Nathalie kom p\u00e5 en 15:e plats bland de 26 cyklister som fullf\u00f6ljde m\u00e4sterskapet, distanserad med 13 minuter och 41 sekunder till segrarinnan Sina Frei fr\u00e5n Schweiz. Hon fick punktering i fel l\u00e4ge och tappade v\u00e4rdefull tid, placeringar vid<a href=\"https:\/\/scf.se\/gravel\/2024\/10\/14\/nathalie-eklund-slutade15e-pa-gravel-em-i-italienska-asiago\/\" class=\"news-card__more\"> &#8230;<\/a><\/p>\n","protected":false},"author":41,"featured_media":534,"comment_status":"open","ping_status":"open","sticky":false,"template":"","format":"standard","meta":{"_acf_changed":false,"footnotes":""},"categories":[1],"tags":[],"class_list":["post-533","post","type-post","status-publish","format-standard","hentry","category-okategoriserade"],"acf":[],"_links":{"self":[{"href":"https:\/\/scf.se\/gravel\/wp-json\/wp\/v2\/posts\/533","targetHints":{"allow":["GET"]}}],"collection":[{"href":"https:\/\/scf.se\/gravel\/wp-json\/wp\/v2\/posts"}],"about":[{"href":"https:\/\/scf.se\/gravel\/wp-json\/wp\/v2\/types\/post"}],"author":[{"embeddable":true,"href":"https:\/\/scf.se\/gravel\/wp-json\/wp\/v2\/users\/41"}],"replies":[{"embeddable":true,"href":"https:\/\/scf.se\/gravel\/wp-json\/wp\/v2\/comments?post=533"}],"version-history":[{"count":15,"href":"https:\/\/scf.se\/gravel\/wp-json\/wp\/v2\/posts\/533\/revisions"}],"predecessor-version":[{"id":551,"href":"https:\/\/scf.se\/gravel\/wp-json\/wp\/v2\/posts\/533\/revisions\/551"}],"wp:featuredmedia":[{"embeddable":true,"href":"https:\/\/scf.se\/gravel\/wp-json\/wp\/v2\/media\/534"}],"wp:attachment":[{"href":"https:\/\/scf.se\/gravel\/wp-json\/wp\/v2\/media?parent=533"}],"wp:term":[{"taxonomy":"category","embeddable":true,"href":"https:\/\/scf.se\/gravel\/wp-json\/wp\/v2\/categories?post=533"},{"taxonomy":"post_tag","embeddable":true,"href":"https:\/\/scf.se\/gravel\/wp-json\/wp\/v2\/tags?post=533"}],"curies":[{"name":"wp","href":"https:\/\/api.w.org\/{rel}","templated":true}]}}