
{"id":499,"date":"2024-10-07T10:03:36","date_gmt":"2024-10-07T08:03:36","guid":{"rendered":"https:\/\/scf.se\/gravel\/?p=499"},"modified":"2024-10-18T11:04:59","modified_gmt":"2024-10-18T09:04:59","slug":"bra-vm-lopp-av-hanna-och-michael-guld-och-silver-i-age-groups","status":"publish","type":"post","link":"https:\/\/scf.se\/gravel\/2024\/10\/07\/bra-vm-lopp-av-hanna-och-michael-guld-och-silver-i-age-groups\/","title":{"rendered":"Bra VM-lopp av Hanna och Michael \u2013 plus guld och silver i age groups"},"content":{"rendered":"<p><strong>De svenska cyklisterna i de stenh\u00e5rda elitklasserna k\u00e4mpade p\u00e5 bra p\u00e5 gravel-VM Hanna Johansson k\u00f6rde upp sig bra och var under 13 minuter fr\u00e5n superduon Marianne Vos och Lotte Kopecky som gjorde upp om guldet. Urstarke Michael Tjulander trampade sig f\u00f6rbi minst 100 cyklister och slutade p\u00e5 en 51:a plats. I age groups hade vi gl\u00e4djande nog ett svenskt guld genom Jonas Tell i 55-59 och silver genom Jessica Clar\u00e9n i 45-49.<\/strong><\/p>\n<blockquote><p>&#8221;Som f\u00f6rbundskapten vill jag framh\u00e4va att samtliga cyklister gjorde sitt yttersta under helgens VM och slet h\u00e5rt f\u00f6r att positionera sig fram\u00e5t i f\u00e4ltet fr\u00e5n startpositioner relativt l\u00e5ngt ner&#8221;, s\u00e4ger Anna \u00d6hrstr\u00f6m n\u00e4r elitdelen av gravel-VM ska summeras.<\/p><\/blockquote>\n<p>Damerna var f\u00f6rst ut. Veteranen Marianne Vos fr\u00e5n Nederl\u00e4nderna vann damernas tredje VM-guld i gravel, vilket blev hennes fjortonde v\u00e4rldsm\u00e4startitel.<\/p>\n<p>T\u00e4vlingen str\u00e4ckte sig \u00f6ver 134 kilometer och liknade mycket en belgisk klassiker med snabba, platta partier och korta backar. Vos br\u00f6t sig loss tillsammans med de senaste tv\u00e5 \u00e5rens v\u00e4rldsm\u00e4stare p\u00e5 landsv\u00e4g, belgiskan Lotte Kopecky, i det sista skedet av loppet och de \u00f6kade avst\u00e5ndet till jagande grupper. Vos \u00e4r fortfarande spurtsnabb&#8230;<\/p>\n<blockquote><p>&#8221;Hanna Johansson visade p\u00e5 stor k\u00e4mparanda n\u00e4r hon k\u00f6rde upp sig bra efter en seg start och f\u00f6rsta timme. Att tidsdifferensen bara blev 12.50 minuter fr\u00e5n segertiden p\u00e5 ett race som detta och med topp\u00e5kare som Marianne Vos och Lotte Kopecky ser jag som riktigt bra&#8221;, s\u00e4ger Anna \u00d6hrstr\u00f6m som i \u00f6vrigt gav f\u00f6ljande racerapport.<\/p><\/blockquote>\n<p>Punkteringar satte stopp f\u00f6r mer framskjutande placering f\u00f6r Nathalie Eklund.<\/p>\n<p>Clara Lundmark drabbades av cykelproblem med en bakv\u00e4xel som strulade, vilket ledde till att hon fick bryta loppet.<\/p>\n<img loading=\"lazy\" decoding=\"async\" class=\"alignnone size-full wp-image-517\" src=\"https:\/\/scf.se\/gravel\/wp-content\/uploads\/sites\/19\/2024\/10\/BilderGravel2.jpg\" alt=\"\" width=\"480\" height=\"640\" srcset=\"https:\/\/scf.se\/gravel\/wp-content\/uploads\/sites\/19\/2024\/10\/BilderGravel2.jpg 480w, https:\/\/scf.se\/gravel\/wp-content\/uploads\/sites\/19\/2024\/10\/BilderGravel2-225x300.jpg 225w\" sizes=\"auto, (max-width: 480px) 100vw, 480px\" \/> <img loading=\"lazy\" decoding=\"async\" class=\"alignnone size-full wp-image-516\" src=\"https:\/\/scf.se\/gravel\/wp-content\/uploads\/sites\/19\/2024\/10\/BilderGravel3.jpg\" alt=\"\" width=\"480\" height=\"640\" srcset=\"https:\/\/scf.se\/gravel\/wp-content\/uploads\/sites\/19\/2024\/10\/BilderGravel3.jpg 480w, https:\/\/scf.se\/gravel\/wp-content\/uploads\/sites\/19\/2024\/10\/BilderGravel3-225x300.jpg 225w\" sizes=\"auto, (max-width: 480px) 100vw, 480px\" \/> <img loading=\"lazy\" decoding=\"async\" class=\"alignnone size-full wp-image-515\" src=\"https:\/\/scf.se\/gravel\/wp-content\/uploads\/sites\/19\/2024\/10\/BilderGravel4.png\" alt=\"\" width=\"296\" height=\"640\" srcset=\"https:\/\/scf.se\/gravel\/wp-content\/uploads\/sites\/19\/2024\/10\/BilderGravel4.png 296w, https:\/\/scf.se\/gravel\/wp-content\/uploads\/sites\/19\/2024\/10\/BilderGravel4-139x300.png 139w\" sizes=\"auto, (max-width: 296px) 100vw, 296px\" \/> <img loading=\"lazy\" decoding=\"async\" class=\"alignnone size-full wp-image-514\" src=\"https:\/\/scf.se\/gravel\/wp-content\/uploads\/sites\/19\/2024\/10\/BilderGravel5.jpg\" alt=\"\" width=\"480\" height=\"640\" srcset=\"https:\/\/scf.se\/gravel\/wp-content\/uploads\/sites\/19\/2024\/10\/BilderGravel5.jpg 480w, https:\/\/scf.se\/gravel\/wp-content\/uploads\/sites\/19\/2024\/10\/BilderGravel5-225x300.jpg 225w\" sizes=\"auto, (max-width: 480px) 100vw, 480px\" \/>\n<p>S\u00e5 h\u00e4r sammanfattar cyklisterna sj\u00e4lva l\u00f6rdagen,\u00a0Hanna Johansson:<\/p>\n<blockquote><p>&#8221;Jag hade en riktigt d\u00e5lig start, b\u00e5de placering och k\u00e4nslan i ben och lungor (mer uppv\u00e4rmning beh\u00f6vs!) men kom in i loppet efter en dryg timme, tyv\u00e4rr lagom f\u00f6r att se klungan splittras upp. Hamnade sedan i en stark och snabb grupp, d\u00e4r fronten jobbade bra tillsammans, och som tunnades ut allteftersom som. Tyv\u00e4rr tappade jag gruppen med bara runt 12 kilometer kvar vid ett lite sv\u00e5rare parti d\u00e4r det blev helt stopp och jag r\u00e5kade vara sist. N\u00e4r det v\u00e4l blivit lucka d\u00e4r orkade jag aldrig ta mig ikapp utan rullade in sj\u00e4lv i m\u00e5l.&#8221;<\/p><\/blockquote>\n<img loading=\"lazy\" decoding=\"async\" class=\"alignnone size-full wp-image-518\" src=\"https:\/\/scf.se\/gravel\/wp-content\/uploads\/sites\/19\/2024\/10\/BilderGravel1.jpg\" alt=\"\" width=\"480\" height=\"640\" srcset=\"https:\/\/scf.se\/gravel\/wp-content\/uploads\/sites\/19\/2024\/10\/BilderGravel1.jpg 480w, https:\/\/scf.se\/gravel\/wp-content\/uploads\/sites\/19\/2024\/10\/BilderGravel1-225x300.jpg 225w\" sizes=\"auto, (max-width: 480px) 100vw, 480px\" \/>\n<img loading=\"lazy\" decoding=\"async\" class=\"alignnone size-full wp-image-513\" src=\"https:\/\/scf.se\/gravel\/wp-content\/uploads\/sites\/19\/2024\/10\/BilderGravel6.jpg\" alt=\"\" width=\"480\" height=\"640\" srcset=\"https:\/\/scf.se\/gravel\/wp-content\/uploads\/sites\/19\/2024\/10\/BilderGravel6.jpg 480w, https:\/\/scf.se\/gravel\/wp-content\/uploads\/sites\/19\/2024\/10\/BilderGravel6-225x300.jpg 225w\" sizes=\"auto, (max-width: 480px) 100vw, 480px\" \/>\n<p>Nathalie Eklund:<\/p>\n<blockquote><p>&#8221;Det var stenh\u00e5rt direkt fr\u00e5n start, men n\u00e4r vi kom ut p\u00e5 asfaltspartierna s\u00e5 gick det r\u00e4tt lugnt och klungan var samlad. Jag fick punka tidigt efter ca 10 kilometer och efter att ha k\u00f6rt ett tag p\u00e5 ett pysande d\u00e4ck stannade jag vid 25km och f\u00f6rs\u00f6kte fixa punkan. Det tog lite f\u00f6r l\u00e5ng tid och jag f\u00f6rstod att racet var \u00f6ver f\u00f6r min del, men jag k\u00e4nde att jag hade en bra dag och publiken var fantastisk s\u00e5 jag k\u00f6rde p\u00e5 s\u00e5 h\u00e5rt jag kunde och surfade fr\u00e5n grupp till grupp till m\u00e5lg\u00e5ng. Riktigt rolig bana och Belgien vet hur man hejar p\u00e5 cykelt\u00e4vling s\u00e5 trots allt hade jag en v\u00e4ldigt rolig dag p\u00e5 cykeln!&#8221;<\/p><\/blockquote>\n<p>Clara Lundmark:<\/p>\n<blockquote><p>&#8221;Formen och positioneringen var d\u00e4r och jag \u00e4r n\u00f6jd \u00f6ver f\u00f6rsta halvan av t\u00e4vlingen. Jag h\u00e4ngde med i t\u00e4tklungan som fick en lucka men vid 60 km h\u00e4nde det som inte fick h\u00e4nda: cykelstrul\u2026 V\u00e4ldigt trist att inte f\u00e5 m\u00f6jligheten att fullf\u00f6lja och se vad min goa k\u00e4nsla kunnat leda till.&#8221;<\/p><\/blockquote>\n<h2>VM gravel damelit<\/h2>\n<ul>\n<li><strong>1 Marianne Vos<\/strong> Nederl\u00e4nderna 4:01:07<\/li>\n<li><strong>2 Lotte Kopecky<\/strong> Belgien +0:01<\/li>\n<li><strong>3 Lorena Wiebes<\/strong> Nederl\u00e4nderna +3:57<\/li>\n<li><strong>4 Puck Pieterse<\/strong> Nederl\u00e4nderna +4:09<\/li>\n<li><strong>5 Romy Kasper<\/strong> Tyskland +4:15<\/li>\n<li><strong>6 Soraya Paladin<\/strong> Italien +6:00<\/li>\n<li><strong>48 Hanna Johansson<\/strong> Sverige +12:50<\/li>\n<li><strong>58 Nathalie Eklund<\/strong> Sverige +18:47<\/li>\n<li><strong>DNF Clara Lundmark<\/strong> Sverige<\/li>\n<\/ul>\n<h3>* * *<\/h3>\n<p>I herrarnas t\u00e4vling tog Mathieu van der Poel hem VM-guldet efter att ha sl\u00e4ppt Florian Vermeersch bakom sig p\u00e5 den sista loopen inne i Leuven vid en attack med 13 kilometer kvar. V\u00e5rklassikernas gigant, som var trea p\u00e5 linje-VM senast, var nu tillbaka med en ny v\u00e4rldsm\u00e4startr\u00f6ja.<\/p>\n<p>VM-banan var mestadels snabb\u00e5kt men hade n\u00e5gra utmanande partier. Startloopen var tight och det blev ganska st\u00f6kigt de f\u00f6rsta 15 kilometerna.<\/p>\n<img loading=\"lazy\" decoding=\"async\" class=\"alignnone size-full wp-image-512\" src=\"https:\/\/scf.se\/gravel\/wp-content\/uploads\/sites\/19\/2024\/10\/BilderGravel7.jpg\" alt=\"\" width=\"480\" height=\"640\" srcset=\"https:\/\/scf.se\/gravel\/wp-content\/uploads\/sites\/19\/2024\/10\/BilderGravel7.jpg 480w, https:\/\/scf.se\/gravel\/wp-content\/uploads\/sites\/19\/2024\/10\/BilderGravel7-225x300.jpg 225w\" sizes=\"auto, (max-width: 480px) 100vw, 480px\" \/> <img loading=\"lazy\" decoding=\"async\" class=\"alignnone size-full wp-image-511\" src=\"https:\/\/scf.se\/gravel\/wp-content\/uploads\/sites\/19\/2024\/10\/BilderGravel8.jpg\" alt=\"\" width=\"640\" height=\"480\" srcset=\"https:\/\/scf.se\/gravel\/wp-content\/uploads\/sites\/19\/2024\/10\/BilderGravel8.jpg 640w, https:\/\/scf.se\/gravel\/wp-content\/uploads\/sites\/19\/2024\/10\/BilderGravel8-300x225.jpg 300w\" sizes=\"auto, (max-width: 640px) 100vw, 640px\" \/> <img loading=\"lazy\" decoding=\"async\" class=\"alignnone size-full wp-image-510\" src=\"https:\/\/scf.se\/gravel\/wp-content\/uploads\/sites\/19\/2024\/10\/BilderGravel9.jpg\" alt=\"\" width=\"640\" height=\"480\" srcset=\"https:\/\/scf.se\/gravel\/wp-content\/uploads\/sites\/19\/2024\/10\/BilderGravel9.jpg 640w, https:\/\/scf.se\/gravel\/wp-content\/uploads\/sites\/19\/2024\/10\/BilderGravel9-300x225.jpg 300w\" sizes=\"auto, (max-width: 640px) 100vw, 640px\" \/> <img loading=\"lazy\" decoding=\"async\" class=\"alignnone size-full wp-image-509\" src=\"https:\/\/scf.se\/gravel\/wp-content\/uploads\/sites\/19\/2024\/10\/BilderGravel11.jpg\" alt=\"\" width=\"640\" height=\"480\" srcset=\"https:\/\/scf.se\/gravel\/wp-content\/uploads\/sites\/19\/2024\/10\/BilderGravel11.jpg 640w, https:\/\/scf.se\/gravel\/wp-content\/uploads\/sites\/19\/2024\/10\/BilderGravel11-300x225.jpg 300w\" sizes=\"auto, (max-width: 640px) 100vw, 640px\" \/> <img loading=\"lazy\" decoding=\"async\" class=\"alignnone size-full wp-image-508\" src=\"https:\/\/scf.se\/gravel\/wp-content\/uploads\/sites\/19\/2024\/10\/BilderGravel12.jpg\" alt=\"\" width=\"480\" height=\"640\" srcset=\"https:\/\/scf.se\/gravel\/wp-content\/uploads\/sites\/19\/2024\/10\/BilderGravel12.jpg 480w, https:\/\/scf.se\/gravel\/wp-content\/uploads\/sites\/19\/2024\/10\/BilderGravel12-225x300.jpg 225w\" sizes=\"auto, (max-width: 480px) 100vw, 480px\" \/>\n<p>Michael Tjulander visade \u00e4n en g\u00e5ng p\u00e5 att han med sina m\u00e5nga \u00e5r i cykelsporten, besitter en grym styrka, uth\u00e5llighet och teknik. Han trampade sig f\u00f6rbi minst 100 cyklister och slutade p\u00e5 en 51:a plats. Jag tror att han med en b\u00e4ttre startposition hade haft kapaciteten att hamna bland topp 25.<\/p>\n<p>Michael Tjulander s\u00e4ger sj\u00e4lv s\u00e5 h\u00e4r:<\/p>\n<blockquote><p>&#8221;Jag f\u00f6rs\u00f6kte ta mig fram i starten men det var inte j\u00e4ttel\u00e4tt d\u00e5 293 \u00e5kare t\u00e4nkte precis samma som jag. Till slut hamnade jag i en grupp med Greg Van Avermaet och ett 60-tal andra. N\u00e4r det var 20 kilometer kvar till m\u00e5l lade jag in en st\u00f6t i en av d\u00e5 f\u00e5 backarna som fanns. Jag fick d\u00e5 en liten lucka, men den blev tyv\u00e4rr inte l\u00e5ngvarig och jag blev inh\u00e4mtad efter cirka en kilometer. Efter det hade jag inte s\u00e5 mycket mer att komma med.&#8221;<\/p><\/blockquote>\n<p>Andr\u00e9 Eriksson k\u00f6rde p\u00e5 h\u00e5rt i tio mil men d\u00e4r tog krafterna slut och det handlade mer om att ta sig i m\u00e5l. Andr\u00e9 \u00e4r ung och lovande och jag hoppas att jag f\u00e5 se honom mer p\u00e5 gravelhojen.<\/p>\n<img loading=\"lazy\" decoding=\"async\" class=\"alignnone size-full wp-image-507\" src=\"https:\/\/scf.se\/gravel\/wp-content\/uploads\/sites\/19\/2024\/10\/BilderGravel13.jpg\" alt=\"\" width=\"480\" height=\"640\" srcset=\"https:\/\/scf.se\/gravel\/wp-content\/uploads\/sites\/19\/2024\/10\/BilderGravel13.jpg 480w, https:\/\/scf.se\/gravel\/wp-content\/uploads\/sites\/19\/2024\/10\/BilderGravel13-225x300.jpg 225w\" sizes=\"auto, (max-width: 480px) 100vw, 480px\" \/>\n<p>Johan Nor\u00e9n som n\u00e4rmast tar sikte p\u00e5 VM i E-cycling fick cykelproblem efter en stark start, s\u00e5 h\u00e4r ber\u00e4ttar han sj\u00e4lv om loppet d\u00e4r han i olika skeden var kontakt med de \u00f6vriga tv\u00e5 svenska herrarna:<\/p>\n<blockquote><p>&#8221;Det blev som v\u00e4ntat en kaotisk start. Jag var inst\u00e4lld p\u00e5 att det skulle bli st\u00f6kigt fr\u00e5n min position p\u00e5 175:e plats. Jag lyckades avancera ganska bra till en b\u00f6rjan och var ett tag i rygg p\u00e5 Micke, men f\u00f6ll bak\u00e5t en del p\u00e5 p\u00e5 v\u00e4garna mellan majsf\u00e4lten, d\u00e5 jag blev hindrad en del av vurpor med mera framf\u00f6r mig. Hamnade s\u00e5 sm\u00e5ningom i n\u00e5gon form av tredjegrupp tror jag. D\u00e4r f\u00f6rs\u00f6kte jag och Andr\u00e9 h\u00e5lla farten uppe och det sprack av en del n\u00e5gra mil innan f\u00f6rsta varvningen i Leuven. Fick dock tyv\u00e4rr ett genomslag och tappade lite luft i bakhjulet innan vi n\u00e5dde staden. K\u00f6rde vidare hela f\u00f6rsta varvet i Leuven med f\u00f6r lite luft och hade sv\u00e5rt i framf\u00f6r allt sv\u00e4ngarna pga det. Ut p\u00e5 sista varvet best\u00e4mde jag mig f\u00f6r att stanna och fylla p\u00e5 lite och d\u00e5 tappade jag min grupp d\u00e4r de f\u00f6rsta visade sig hamna p\u00e5 runt 80:e plats i m\u00e5l. Jag k\u00f6rde vidare och det blev en ny mindre grupp efter ett tag, men sen k\u00f6rde jag tyv\u00e4rr p\u00e5 n\u00e5got vasst och punkterade det andra hjulet rej\u00e4lt med n\u00e5gra mil kvar till m\u00e5l. Jag fick hj\u00e4lp att stoppa i en slang men det tog ju sin tid. Efter det var det mest att f\u00f6rs\u00f6ka ta sig till m\u00e5l.&#8221;<\/p><\/blockquote>\n<h2>VM gravel herrelit<\/h2>\n<ul>\n<li><strong>1 Mathieu van der Poel<\/strong> Nederl\u00e4nderna 4:41:23<\/li>\n<li><strong>2 Florian Vermeersch<\/strong> Belgien +1:03<\/li>\n<li><strong>3 Quinten Hermans<\/strong> Belgien +3:47<\/li>\n<li><strong>4 Jasper Stuyven<\/strong> Belgien +3:47<\/li>\n<li><strong>5 Gianni Vermeersch<\/strong> Belgien +3:48<\/li>\n<li><strong>6 Connor Swift<\/strong> Storbritannien +3:48<\/li>\n<li><strong>51 Mikael Tjulander<\/strong> Sverige +14:32<\/li>\n<li><strong>150 Andr\u00e9 Eriksson<\/strong> Sverige +24:33<\/li>\n<li><strong>175 Johan Nor\u00e9n,<\/strong> Sverige +32.32<\/li>\n<\/ul>\n<p>Och s\u00e5 h\u00e4r slutade det i \u00e5ldergrupperna sifferm\u00e4ssigt. F\u00f6rutom Jonas Tells grymma guldlopp och Jessica Clar\u00e9ns silver finns n\u00e5ra ensiffriga resultat med John Nilssons fj\u00e4rdeplats i topp.<\/p>\n<h3>Damer AG\u00a019-34<\/h3>\n<ul>\n<li>12 Maja Johansson<\/li>\n<li>DNF Lovisa Nyman<\/li>\n<\/ul>\n<h3>AG 35-39<\/h3>\n<ul>\n<li>22 Sofia Wickenberg<\/li>\n<\/ul>\n<h3>AG 45-49<\/h3>\n<ul>\n<li>2 Jessica Clar\u00e9n<\/li>\n<li>9 Frida Wikstr\u00f6m<\/li>\n<li>17 Magdalena Blomqvist<\/li>\n<li>21 Karolina Reinhold<\/li>\n<li>28 Sofia Christiansen<\/li>\n<li>DNF Sofia Rosencrantz<\/li>\n<\/ul>\n<h3>AG +50<\/h3>\n<ul>\n<li>7 Annika Kaar<\/li>\n<li>16 \u00c5sa Hjalmarsson<\/li>\n<\/ul>\n<h3>Herrar AG 19-34<\/h3>\n<ul>\n<li>P200 Hjalmar Hultgren<\/li>\n<li>P334 Douglas Lundberg<\/li>\n<li>P335 Martin Aasa<\/li>\n<\/ul>\n<h3>AG 35-39<\/h3>\n<ul>\n<li>P178 Andr\u00e9e Nienkerk<\/li>\n<li>P222 Niklas Gustavsson<\/li>\n<\/ul>\n<h3>AG40-44<\/h3>\n<ul>\n<li>P20 John Midelf<\/li>\n<li>P48 Oscar Ekstam<\/li>\n<li>P50 P\u00e4r Renman<\/li>\n<li>P90 Stefan Dahl<\/li>\n<li>P116 Fredrik Persson<\/li>\n<\/ul>\n<h3>AG 45-49<\/h3>\n<ul>\n<li>P4 John Nilsson<\/li>\n<li>P49 Gustav Lundberg<\/li>\n<\/ul>\n<h3>AG 50-54<\/h3>\n<ul>\n<li>24 Henrik Hagebring<\/li>\n<li>43 Fredrik Dahl<\/li>\n<li>122 Fredrik Wikstr\u00f6m<\/li>\n<li>123 Fredrik Malm\u00e9n<\/li>\n<\/ul>\n<h3>AG 55-59<\/h3>\n<ul>\n<li>1 Jonas Tell<\/li>\n<li>50 Peter Nilsson<\/li>\n<li>129 Henrik Hegender<\/li>\n<li>137 Bj\u00f6rn Drakenward<\/li>\n<\/ul>\n<h3>AG 60-64<\/h3>\n<ul>\n<li>54 Niclas Bjarneg\u00e5rd<\/li>\n<li>66 Conny Johansson<\/li>\n<li>85 Magnus Jansson<\/li>\n<\/ul>\n<h3>AG +65<\/h3>\n<ul>\n<li>14 Thomas \u00c5berg<\/li>\n<li>28 Lars-Erik Karlsson<\/li>\n<\/ul>\n<p>&nbsp;<\/p>\n","protected":false},"excerpt":{"rendered":"<p>De svenska cyklisterna i de stenh\u00e5rda elitklasserna k\u00e4mpade p\u00e5 bra p\u00e5 gravel-VM Hanna Johansson k\u00f6rde upp sig bra och var under 13 minuter fr\u00e5n superduon Marianne Vos och Lotte Kopecky som gjorde upp om guldet. Urstarke Michael Tjulander trampade sig f\u00f6rbi minst 100 cyklister och slutade p\u00e5 en 51:a plats. I age groups hade<a href=\"https:\/\/scf.se\/gravel\/2024\/10\/07\/bra-vm-lopp-av-hanna-och-michael-guld-och-silver-i-age-groups\/\" class=\"news-card__more\"> &#8230;<\/a><\/p>\n","protected":false},"author":41,"featured_media":519,"comment_status":"open","ping_status":"open","sticky":false,"template":"","format":"standard","meta":{"_acf_changed":false,"footnotes":""},"categories":[1],"tags":[],"class_list":["post-499","post","type-post","status-publish","format-standard","hentry","category-okategoriserade"],"acf":[],"_links":{"self":[{"href":"https:\/\/scf.se\/gravel\/wp-json\/wp\/v2\/posts\/499","targetHints":{"allow":["GET"]}}],"collection":[{"href":"https:\/\/scf.se\/gravel\/wp-json\/wp\/v2\/posts"}],"about":[{"href":"https:\/\/scf.se\/gravel\/wp-json\/wp\/v2\/types\/post"}],"author":[{"embeddable":true,"href":"https:\/\/scf.se\/gravel\/wp-json\/wp\/v2\/users\/41"}],"replies":[{"embeddable":true,"href":"https:\/\/scf.se\/gravel\/wp-json\/wp\/v2\/comments?post=499"}],"version-history":[{"count":15,"href":"https:\/\/scf.se\/gravel\/wp-json\/wp\/v2\/posts\/499\/revisions"}],"predecessor-version":[{"id":552,"href":"https:\/\/scf.se\/gravel\/wp-json\/wp\/v2\/posts\/499\/revisions\/552"}],"wp:featuredmedia":[{"embeddable":true,"href":"https:\/\/scf.se\/gravel\/wp-json\/wp\/v2\/media\/519"}],"wp:attachment":[{"href":"https:\/\/scf.se\/gravel\/wp-json\/wp\/v2\/media?parent=499"}],"wp:term":[{"taxonomy":"category","embeddable":true,"href":"https:\/\/scf.se\/gravel\/wp-json\/wp\/v2\/categories?post=499"},{"taxonomy":"post_tag","embeddable":true,"href":"https:\/\/scf.se\/gravel\/wp-json\/wp\/v2\/tags?post=499"}],"curies":[{"name":"wp","href":"https:\/\/api.w.org\/{rel}","templated":true}]}}