
{"id":490,"date":"2024-10-03T11:24:40","date_gmt":"2024-10-03T09:24:40","guid":{"rendered":"https:\/\/scf.se\/gravel\/?p=490"},"modified":"2024-10-03T11:26:02","modified_gmt":"2024-10-03T09:26:02","slug":"rekordmanga-cyklister-deltar-i-gravel-vm-2024","status":"publish","type":"post","link":"https:\/\/scf.se\/gravel\/2024\/10\/03\/rekordmanga-cyklister-deltar-i-gravel-vm-2024\/","title":{"rendered":"Rekordm\u00e5nga cyklister deltar i gravel-VM 2024"},"content":{"rendered":"<p>Gravel-VM, som \u00e4ger rum i Belgien kommande helg f\u00f6rv\u00e4ntas bli ett rekordartat evenemang. Hela 2613 cyklister fr\u00e5n 49 l\u00e4nder st\u00e4ller sig p\u00e5 startlinjen, vilket inneb\u00e4r att deltagarantalet har f\u00f6rdubblats j\u00e4mf\u00f6rt med de f\u00f6reg\u00e5ende tv\u00e5 \u00e5ren.<\/p>\n<p>I damelitklassen: Nyss hemkommen fr\u00e5n sin seger i landsv\u00e4gs-VM siktar Lotte Kopecky p\u00e5 att f\u00e5 ikl\u00e4da sig \u00e4nnu en regnb\u00e5gstr\u00f6ja. Hon kommer m\u00f6ta h\u00e5rd konkurrens genom bland andra cyclocrossv\u00e4rldsm\u00e4staren Fem van Empel, MTB-v\u00e4rldsm\u00e4staren och landsv\u00e4gs\u00a0U23-v\u00e4rldsm\u00e4staren Puck Pieterse samt m\u00e5ngdisciplinv\u00e4rldsm\u00e4starna Marianne Vos och Pauline Ferrand Prevot.<\/p>\n<p>Damernas lopp startar kl. 12:00 i Halle p\u00e5 l\u00f6rdag och g\u00e5r genom Brabants skogar mot Leuven. Banan m\u00e4ter 136 km. De svenska damerna som st\u00e5r p\u00e5 startlinjen \u00e4r Clara Lundmark, svenska gravelm\u00e4starinnan Nathalie Eklund samt Hanna Johansson som knep bronset vid gravel-SM den 21 september. Hanna Nilsson har tyv\u00e4rr f\u00e5tt avb\u00f6ja start i VM d\u00e5 hennes skador efter kraschen under t\u00e4vlingen Binche Chimay Binche i tisdags \u00e4r alltf\u00f6r besv\u00e4rliga. Amanda Bohlin och Karin S\u00f6derqvist har sedan tidigare l\u00e4mnat \u00e5terbud till VM.<\/p>\n<p>I herrelitklassen kommer fjol\u00e5rsm\u00e4staren Matej Mohoric att st\u00e4llas inf\u00f6r en tuff kamp mot bland andra Mathieu van der Poel som nyligen tog brons vid landsv\u00e4gs-VM, den europeiska landsv\u00e4gsm\u00e4staren Tim Merlier, samt den europeiska gravelm\u00e4staren Jasper Stuyven.<\/p>\n<p>Herrarna k\u00f6r sitt lopp p\u00e5 s\u00f6ndag kl. 12:00 och banan m\u00e4ter 182 km. De svenskar som st\u00e5r p\u00e5 startlinjen i herrelit \u00e4r den svenska gravelm\u00e4staren Michael Tjulander, SM-tv\u00e5an Johan Nor\u00e9n samt Andr\u00e9 Eriksson.<\/p>\n<p>Ytterligare 2184 cyklister i \u00e5ldersklasserna kommer att t\u00e4vla om 21 VM-titlar i sina respektive kategorier. Herrar 19-49 k\u00f6r samma bana som elitklassen, medan damer 19-49 och herrar 50-64 k\u00f6r 136 km. De \u00e4ldre kategorierna k\u00f6r 86 km. Bland herrarna finns ca 30 svenskar och bland damerna ca 10 svenskor.<\/p>\n","protected":false},"excerpt":{"rendered":"<p>Gravel-VM, som \u00e4ger rum i Belgien kommande helg f\u00f6rv\u00e4ntas bli ett rekordartat evenemang. Hela 2613 cyklister fr\u00e5n 49 l\u00e4nder st\u00e4ller sig p\u00e5 startlinjen, vilket inneb\u00e4r att deltagarantalet har f\u00f6rdubblats j\u00e4mf\u00f6rt med de f\u00f6reg\u00e5ende tv\u00e5 \u00e5ren. I damelitklassen: Nyss hemkommen fr\u00e5n sin seger i landsv\u00e4gs-VM siktar Lotte Kopecky p\u00e5 att f\u00e5 ikl\u00e4da sig \u00e4nnu en<a href=\"https:\/\/scf.se\/gravel\/2024\/10\/03\/rekordmanga-cyklister-deltar-i-gravel-vm-2024\/\" class=\"news-card__more\"> &#8230;<\/a><\/p>\n","protected":false},"author":30,"featured_media":493,"comment_status":"open","ping_status":"open","sticky":false,"template":"","format":"standard","meta":{"_acf_changed":false,"footnotes":""},"categories":[1],"tags":[],"class_list":["post-490","post","type-post","status-publish","format-standard","hentry","category-okategoriserade"],"acf":[],"_links":{"self":[{"href":"https:\/\/scf.se\/gravel\/wp-json\/wp\/v2\/posts\/490","targetHints":{"allow":["GET"]}}],"collection":[{"href":"https:\/\/scf.se\/gravel\/wp-json\/wp\/v2\/posts"}],"about":[{"href":"https:\/\/scf.se\/gravel\/wp-json\/wp\/v2\/types\/post"}],"author":[{"embeddable":true,"href":"https:\/\/scf.se\/gravel\/wp-json\/wp\/v2\/users\/30"}],"replies":[{"embeddable":true,"href":"https:\/\/scf.se\/gravel\/wp-json\/wp\/v2\/comments?post=490"}],"version-history":[{"count":6,"href":"https:\/\/scf.se\/gravel\/wp-json\/wp\/v2\/posts\/490\/revisions"}],"predecessor-version":[{"id":498,"href":"https:\/\/scf.se\/gravel\/wp-json\/wp\/v2\/posts\/490\/revisions\/498"}],"wp:featuredmedia":[{"embeddable":true,"href":"https:\/\/scf.se\/gravel\/wp-json\/wp\/v2\/media\/493"}],"wp:attachment":[{"href":"https:\/\/scf.se\/gravel\/wp-json\/wp\/v2\/media?parent=490"}],"wp:term":[{"taxonomy":"category","embeddable":true,"href":"https:\/\/scf.se\/gravel\/wp-json\/wp\/v2\/categories?post=490"},{"taxonomy":"post_tag","embeddable":true,"href":"https:\/\/scf.se\/gravel\/wp-json\/wp\/v2\/tags?post=490"}],"curies":[{"name":"wp","href":"https:\/\/api.w.org\/{rel}","templated":true}]}}