
{"id":481,"date":"2024-10-01T16:02:07","date_gmt":"2024-10-01T14:02:07","guid":{"rendered":"https:\/\/scf.se\/gravel\/?p=481"},"modified":"2024-10-09T00:16:38","modified_gmt":"2024-10-08T22:16:38","slug":"sa-summeras-den-allra-forsta-sasongen-for-swe-cup-gravel","status":"publish","type":"post","link":"https:\/\/scf.se\/gravel\/2024\/10\/01\/sa-summeras-den-allra-forsta-sasongen-for-swe-cup-gravel\/","title":{"rendered":"Lyckad premi\u00e4rs\u00e4song f\u00f6r SWE Cup gravel \u2013 och l\u00e4rdomar inf\u00f6r 2025"},"content":{"rendered":"<p><strong>Den allra f\u00f6rsta s\u00e4songen f\u00f6r SWE Cup Gravel 2024 \u00e4r avgjord. H\u00e4r kommer f\u00f6rutom alla resultat \u00e4ven en sumering och fram\u00e5tblick.<\/strong><\/p>\n<blockquote><p>\u201dEn lyckad premi\u00e4rs\u00e4song med diverse utmaningar som f\u00e5tt hanteras under \u00e5ret\u201d, s\u00e5 summerar grengruppens sammankallande Fredrik Kessiakoff n\u00e4r han beskriver cupen.<\/p>\n<p>\u201dTotalt har det varit 386 unika cyklister som deltagit i en eller flera av de tre delt\u00e4vlingarna. I slut\u00e4ndan blev de tre delt\u00e4vlingarna som ingick i cupen Gravel Grit \u2019n Grind etapp 3, Nordic Gravel Series Bergslagen och Dalsland Gravel Race.\u201d<\/p><\/blockquote>\n<p>Formatet med endast tre klasser f\u00f6r respektive k\u00f6n baserat p\u00e5 licenstillh\u00f6righet och \u00e5lder kommer utv\u00e4rderas under h\u00f6sten inf\u00f6r kommande s\u00e4song.<\/p>\n<blockquote><p>&#8221;N\u00e5got som st\u00e4llt till det lite extra i \u00e5r var \u00e4ndringar av delt\u00e4vlingar under s\u00e4songen. P\u00e5 grund av detta samt olika besked om hur totalpo\u00e4ngen av SWE Cup gravel ska r\u00e4knas, s\u00e5 har vi beslutat att i det fall en cyklist hamnat p\u00e5 s\u00e4mre placering inom topp 3 efter po\u00e4ngavdrag fr\u00e5n en delt\u00e4vling, s\u00e5 kommer den cyklisten f\u00e5 samma pris som om po\u00e4ng inte dragits av\u201d, s\u00e4ger Kessiakoff.<\/p><\/blockquote>\n<p>I elitklasserna var det de nykorade svenska m\u00e4starna som \u00e4ven tog hem totalsegern i SWE Cup gravel och de 7 000 kronorna som fanns som f\u00f6rstapris.<\/p>\n<p>Karin S\u00f6derqvist och Johan Nor\u00e9n tog hem andraplatserna och 5 000 kronor som fanns i potten f\u00f6r silverplatsen. P\u00e5 tredje plats hittar vi Xaveline Nirere fr\u00e5n Rwanda (!) och Markus Auvinen fr\u00e5n Finland som f\u00e5r 3 000 kronor var.<\/p>\n<p>I Age Group I, som vinner presentkort fr\u00e5n Sportson och som hade flest deltagare av de tre olika klasserna, har vi Magdalena Blomqvist och Martin Aasa som segrare, b\u00e5de fr\u00e5n G\u00f6teborgsklubben CK Master. P\u00e5 andra plats hittar vi Frida Wikstr\u00f6m fr\u00e5n \u00d6stra Aros CK och Oscar Ekstam, Borgholm CK. Brons gick till Emma Wanberg, Umara Sports Club och John Midelf, L\u00e4nna Sport CK.<\/p>\n<p>I Age Group II, som \u00e4ven h\u00e4r vinner presentkort fr\u00e5n Sportson, hittar vi \u00c5sa Hjalmarsson, CK Sub xx och Niclas Bjarneg\u00e5rd CK Hymer h\u00f6gst upp. P\u00e5 andra plats kom Annika Kaar, Stockholm CK och Lars Wessman, Camp Dalsland. Trea blev Marianne Sanaker, Moss och Peter R\u00f6rfors, \u00c4ngby CC.<\/p>\n<p>H\u00e4r \u00e4r topp tre i samtliga klasser:<\/p>\n<h3><strong>Elit Dam<\/strong><\/h3>\n<ol>\n<li><strong>Nathalie Eklund<\/strong>, Stockholm CK \/ Roland<\/li>\n<li><strong>Karin S\u00f6derqvist<\/strong>, Motala AIF CK<\/li>\n<li><strong>Xaveline Nirere<\/strong>, Team AMANI<\/li>\n<\/ol>\n<h3><strong>Elit Herr<\/strong><\/h3>\n<ol>\n<li><strong>Michael Tjulander<\/strong>, CK Sundet<\/li>\n<li><strong>Johan Nor\u00e9n<\/strong>, Serneke Allebike CK<\/li>\n<li><strong>Markus Auvinen<\/strong>, IK 32<\/li>\n<\/ol>\n<h3><strong>Age Group I Dam<\/strong><\/h3>\n<ol>\n<li><strong>Magdalena Blomqvist<\/strong>, CK Masters<\/li>\n<li><strong>Frida Wikstr\u00f6m<\/strong>, \u00d6stra Aros CK<\/li>\n<li><strong>Emma Wanberg<\/strong>, Umara Sports Club<\/li>\n<\/ol>\n<h3><strong>Age Group I Herr<\/strong><\/h3>\n<ol>\n<li><strong>Martin Aasa<\/strong>, CK Master<\/li>\n<li><strong>Oscar Ekstam<\/strong>, Borgholm CK<\/li>\n<li><strong>John Midelf<\/strong>, L\u00e4nna Sport CK<\/li>\n<\/ol>\n<h3><strong>Age Group II Dam<\/strong><\/h3>\n<ol>\n<li><strong>\u00c5sa Hjalmarsson<\/strong>, CK Sub xx<\/li>\n<li><strong>Annika Kaar<\/strong>, Stockholm CK<\/li>\n<li><strong>Marianne Sandaker<\/strong>, Moss<\/li>\n<\/ol>\n<h3><strong>Age Group II Herr<\/strong><\/h3>\n<ol>\n<li><strong>Niclas Bjarneg\u00e5rd<\/strong>, CK Hymer<\/li>\n<li><strong>Lars Wessman<\/strong>, Camp Dalsland<\/li>\n<li><strong>Peter R\u00f6rfors<\/strong>, \u00c4ngby CC<\/li>\n<\/ol>\n<p>Vi s\u00e4ger tack till alla deltagare, arrang\u00f6rer och alla som varit med och p\u00e5 n\u00e5got s\u00e4tt engagerat sig i SWE Cup gravel 2024! Vi ser redan fram emot en ny s\u00e4song 2025 d\u00e4r kalendern redan nu \u00e4r klar:<\/p>\n<h3>SWE Cup Gravel 2025<\/h3>\n<ul>\n<li><strong>5 juli:<\/strong> Nordic Gravel Series Bergslagen<\/li>\n<li><strong>16 augusti:<\/strong> Gravel Grit n Grind Halmstad<\/li>\n<li><strong>20 september:<\/strong> Dalsland Gravel<\/li>\n<\/ul>\n<section class=\"block single\">\n<div class=\"wrapper\">\n<div class=\"layout\">\n<div class=\"single__content\">\n<div class=\"layout__item single__item\">\n<article class=\"single-card\">\n<div class=\"single-card__content\">\n<div class=\"single-card__title\"><\/div>\n<p><em>Text: SCF<\/em><br \/>\n<em>Foto: Marie Leander<\/em><\/p>\n<hr \/>\n<a href=\"https:\/\/scf.se\/forbundet\/hjalp-oss-sprida-ny-digital-broschyr-om-motionslicensens-fordelar\/\"><img loading=\"lazy\" decoding=\"async\" class=\"alignnone size-full wp-image-7197\" src=\"https:\/\/scf.se\/forbundet\/wp-content\/uploads\/sites\/9\/2024\/03\/Kop-licens-cykelmagasinet4.jpg\" alt=\"\" width=\"2000\" height=\"655\" \/><\/a>\n<\/div>\n<\/article>\n<\/div>\n<\/div>\n<\/div>\n<\/div>\n<\/section>\n","protected":false},"excerpt":{"rendered":"<p>Den allra f\u00f6rsta s\u00e4songen f\u00f6r SWE Cup Gravel 2024 \u00e4r avgjord. H\u00e4r kommer f\u00f6rutom alla resultat \u00e4ven en sumering och fram\u00e5tblick. \u201dEn lyckad premi\u00e4rs\u00e4song med diverse utmaningar som f\u00e5tt hanteras under \u00e5ret\u201d, s\u00e5 summerar grengruppens sammankallande Fredrik Kessiakoff n\u00e4r han beskriver cupen. \u201dTotalt har det varit 386 unika cyklister som deltagit i en eller<a href=\"https:\/\/scf.se\/gravel\/2024\/10\/01\/sa-summeras-den-allra-forsta-sasongen-for-swe-cup-gravel\/\" class=\"news-card__more\"> &#8230;<\/a><\/p>\n","protected":false},"author":41,"featured_media":482,"comment_status":"open","ping_status":"open","sticky":false,"template":"","format":"standard","meta":{"_acf_changed":false,"footnotes":""},"categories":[1],"tags":[],"class_list":["post-481","post","type-post","status-publish","format-standard","hentry","category-okategoriserade"],"acf":[],"_links":{"self":[{"href":"https:\/\/scf.se\/gravel\/wp-json\/wp\/v2\/posts\/481","targetHints":{"allow":["GET"]}}],"collection":[{"href":"https:\/\/scf.se\/gravel\/wp-json\/wp\/v2\/posts"}],"about":[{"href":"https:\/\/scf.se\/gravel\/wp-json\/wp\/v2\/types\/post"}],"author":[{"embeddable":true,"href":"https:\/\/scf.se\/gravel\/wp-json\/wp\/v2\/users\/41"}],"replies":[{"embeddable":true,"href":"https:\/\/scf.se\/gravel\/wp-json\/wp\/v2\/comments?post=481"}],"version-history":[{"count":7,"href":"https:\/\/scf.se\/gravel\/wp-json\/wp\/v2\/posts\/481\/revisions"}],"predecessor-version":[{"id":642,"href":"https:\/\/scf.se\/gravel\/wp-json\/wp\/v2\/posts\/481\/revisions\/642"}],"wp:featuredmedia":[{"embeddable":true,"href":"https:\/\/scf.se\/gravel\/wp-json\/wp\/v2\/media\/482"}],"wp:attachment":[{"href":"https:\/\/scf.se\/gravel\/wp-json\/wp\/v2\/media?parent=481"}],"wp:term":[{"taxonomy":"category","embeddable":true,"href":"https:\/\/scf.se\/gravel\/wp-json\/wp\/v2\/categories?post=481"},{"taxonomy":"post_tag","embeddable":true,"href":"https:\/\/scf.se\/gravel\/wp-json\/wp\/v2\/tags?post=481"}],"curies":[{"name":"wp","href":"https:\/\/api.w.org\/{rel}","templated":true}]}}