
{"id":455,"date":"2024-09-25T16:15:30","date_gmt":"2024-09-25T14:15:30","guid":{"rendered":"https:\/\/scf.se\/gravel\/?p=455"},"modified":"2024-09-25T16:19:25","modified_gmt":"2024-09-25T14:19:25","slug":"laget-till-gravel-vm-fylls-pa-med-tre-damcyklister-och-ett-wildcard","status":"publish","type":"post","link":"https:\/\/scf.se\/gravel\/2024\/09\/25\/laget-till-gravel-vm-fylls-pa-med-tre-damcyklister-och-ett-wildcard\/","title":{"rendered":"De blickar mot gravel-VM i Belgien \u2013 Nathalie Eklund in i Sveriges lag"},"content":{"rendered":"<p><strong>I den andra och sista uttagningen till gravel-VM adderades den nyligen korade svenska m\u00e4starinnan, Nathalie Eklund, tv\u00e5an Amanda Bohlin samt landslagscyklisten i landsv\u00e4g Karin S\u00f6derqvist. Dessutom fick Andr\u00e9 Eriksson ett wildcard. Men Bohlin och S\u00f6derqvist har nu av olika anledningar valt att tacka nej. <\/strong>(Uppdaterad version 25\/9.)<\/p>\n<p>&#8221;Amanda har dragit p\u00e5 sig en f\u00f6rkylning och k\u00e4nner att s\u00e4songens t\u00e4vlingsschema satt sina sp\u00e5r och kroppen vill ha en v\u00e4lf\u00f6rtj\u00e4nt vila. Karin k\u00e4nner ocks\u00e5 att det \u00e4r dags att ta den d\u00e4r v\u00e4lf\u00f6rtj\u00e4nta vilan nu. Vi kommer sakna dem b\u00e5da p\u00e5 VM men jag har full respekt f\u00f6r deras beslut&#8221;, s\u00e4ger f\u00f6rbundskaptenen Anna \u00d6hrstr\u00f6m som \u00e4r f\u00f6rbundskapten i gravel.<\/p>\n<p>Ut\u00f6ver Eklund har \u00e4ven Andr\u00e9 Eriksson tilldelats ett wildcard och erbjuds att delta i m\u00e4sterskapet, dock utanf\u00f6r den officiella truppen. Andr\u00e9 f\u00e5r st\u00f6ttning p\u00e5 plats under t\u00e4vlingen och kommer att t\u00e4vla i landslagets f\u00e4rger, f\u00f6rklarar Anna \u00d6hrstr\u00f6m.<\/p>\n<p>De sedan tidigare uttagna cyklisterna \u00e4r den svenske gravelm\u00e4staren Michael Tjulander, \u00e4ven h\u00e4r silvermedalj\u00f6ren Johan Nor\u00e9n plus damtrion Hanna Nilsson, Hanna Johansson och Clara Lundmark.<\/p>\n<p>M\u00e4sterskapet \u00e4ger rum i Belgien, n\u00e4rmare best\u00e4mt mellan Halle och Leuven, den 5 och 6 oktober. Det tredje VM-racet i gravel genom tiderna k\u00f6rs f\u00f6r damerna p\u00e5 l\u00f6rdagen och herrarna p\u00e5 s\u00f6ndagen.<\/p>\n<p>Under helgen k\u00f6rs \u00e4ven samtliga Age Group-klasser d\u00e4r vi hoppas att m\u00e5nga svenska kommer att vara p\u00e5 plats f\u00f6r att s\u00e4tta Sverige p\u00e5 gravelkartan.<\/p>\n<h2>VM-laget i gravel seniorelit<\/h2>\n<h3>Damer<\/h3>\n<ul>\n<li><strong>Hanna Nilsson<\/strong><\/li>\n<li><strong>Hanna Johansson<\/strong><\/li>\n<li><strong>Clara Lundmark<\/strong><\/li>\n<li><strong>Nathalie Eklund<\/strong><\/li>\n<\/ul>\n<h3>Herrar<\/h3>\n<ul>\n<li><strong>Michael Tjulander<\/strong><\/li>\n<li><strong>Johan Nor\u00e9n<\/strong><\/li>\n<li><strong>Andr\u00e9 Eriksson*<\/strong><\/li>\n<\/ul>\n<p><em>*Har f\u00e5tt wildcard, se ovan!<\/em><\/p>\n<p><em>Text: SCF<br \/>\nFoto: Marie Leander<br \/>\n<\/em><\/p>\n<p>&nbsp;<\/p>\n<p>&nbsp;<\/p>\n","protected":false},"excerpt":{"rendered":"<p>I den andra och sista uttagningen till gravel-VM adderades den nyligen korade svenska m\u00e4starinnan, Nathalie Eklund, tv\u00e5an Amanda Bohlin samt landslagscyklisten i landsv\u00e4g Karin S\u00f6derqvist. Dessutom fick Andr\u00e9 Eriksson ett wildcard. Men Bohlin och S\u00f6derqvist har nu av olika anledningar valt att tacka nej. (Uppdaterad version 25\/9.) &#8221;Amanda har dragit p\u00e5 sig en f\u00f6rkylning<a href=\"https:\/\/scf.se\/gravel\/2024\/09\/25\/laget-till-gravel-vm-fylls-pa-med-tre-damcyklister-och-ett-wildcard\/\" class=\"news-card__more\"> &#8230;<\/a><\/p>\n","protected":false},"author":41,"featured_media":460,"comment_status":"open","ping_status":"open","sticky":false,"template":"","format":"standard","meta":{"_acf_changed":false,"footnotes":""},"categories":[1],"tags":[],"class_list":["post-455","post","type-post","status-publish","format-standard","hentry","category-okategoriserade"],"acf":[],"_links":{"self":[{"href":"https:\/\/scf.se\/gravel\/wp-json\/wp\/v2\/posts\/455","targetHints":{"allow":["GET"]}}],"collection":[{"href":"https:\/\/scf.se\/gravel\/wp-json\/wp\/v2\/posts"}],"about":[{"href":"https:\/\/scf.se\/gravel\/wp-json\/wp\/v2\/types\/post"}],"author":[{"embeddable":true,"href":"https:\/\/scf.se\/gravel\/wp-json\/wp\/v2\/users\/41"}],"replies":[{"embeddable":true,"href":"https:\/\/scf.se\/gravel\/wp-json\/wp\/v2\/comments?post=455"}],"version-history":[{"count":12,"href":"https:\/\/scf.se\/gravel\/wp-json\/wp\/v2\/posts\/455\/revisions"}],"predecessor-version":[{"id":473,"href":"https:\/\/scf.se\/gravel\/wp-json\/wp\/v2\/posts\/455\/revisions\/473"}],"wp:featuredmedia":[{"embeddable":true,"href":"https:\/\/scf.se\/gravel\/wp-json\/wp\/v2\/media\/460"}],"wp:attachment":[{"href":"https:\/\/scf.se\/gravel\/wp-json\/wp\/v2\/media?parent=455"}],"wp:term":[{"taxonomy":"category","embeddable":true,"href":"https:\/\/scf.se\/gravel\/wp-json\/wp\/v2\/categories?post=455"},{"taxonomy":"post_tag","embeddable":true,"href":"https:\/\/scf.se\/gravel\/wp-json\/wp\/v2\/tags?post=455"}],"curies":[{"name":"wp","href":"https:\/\/api.w.org\/{rel}","templated":true}]}}