
{"id":382,"date":"2024-08-16T13:01:35","date_gmt":"2024-08-16T11:01:35","guid":{"rendered":"https:\/\/scf.se\/gravel\/?p=382"},"modified":"2024-08-16T13:09:26","modified_gmt":"2024-08-16T11:09:26","slug":"toppcyklister-till-vm-kvalet-i-gravel-och-swe-cup-pa-sondagen","status":"publish","type":"post","link":"https:\/\/scf.se\/gravel\/2024\/08\/16\/toppcyklister-till-vm-kvalet-i-gravel-och-swe-cup-pa-sondagen\/","title":{"rendered":"Toppcyklister till VM-kvalet i gravel \u2013 och p\u00e5 s\u00f6ndagen k\u00f6rs SWE Cup"},"content":{"rendered":"<p><strong>Denna l\u00e5nghelg genomf\u00f6rs Gravel Grit&#8217;n Grind f\u00f6r tredje \u00e5ret i rad i Halmstad. Etapp 2 p\u00e5 l\u00f6rdag \u00e4r en del av UCI Gravel World Series som \u00e4r VM-kvalificerande med m\u00e5nga toppcyklister p\u00e5 plats \u2013 och tredje etappen p\u00e5 s\u00f6ndag ing\u00e5r i \u00e5rets nyhet SWE Cup Gravel.<\/strong><\/p>\n<p>\u00c5rets t\u00e4vling bjuder p\u00e5 nyheter. Huvudt\u00e4vlingen, etapp 2 som \u00e4r en t\u00e4vling p\u00e5 v\u00e4rldsniv\u00e5, kommer i \u00e5r att ha start och m\u00e5l p\u00e5 Wapn\u00f6 G\u00e5rd. Denna nya banstr\u00e4ckning \u00e4r b\u00e5de vacker och utmanande.<\/p>\n<p>En annan nyhet \u00e4r att etapp 3 f\u00f6r f\u00f6rsta g\u00e5ngen \u00e4r en del av SWE Cup Gravel, den svenska officiella grusv\u00e4gscupen. T\u00e4vlingen kommer att h\u00e5llas vid Mahults Bygdeg\u00e5rd i Siml\u00e5ngsdalen.<\/p>\n<p>P\u00e5 damsidan har vi h\u00f6gt rankade Nicole Frain (Australien) och Ashley Frye (USA) tillsammans med tyska Rosa-Maria Kl\u00f6ser och den starka norskan Mie Bj\u00f8rndal Ottestad (Uno-X Mobility). Bland de svenska cyklisterna ser vi fram emot att f\u00f6lja Karin S\u00f6derqvist (Lifeplus Wahoo), Julia Borgstr\u00f6m (AG Insurance Soudal Team) och svenska m\u00e4starinnan Hanna Johansson (Rule 58 x wmngrvl).<\/p>\n<p>Bland herrarna kan vi v\u00e4lkomna internationellt k\u00e4nda deltagare som f\u00f6rra \u00e5rets vinnare Niki Terpstra (Nederl\u00e4nderna), cykelcross-stj\u00e4rnan Joris Nieuwenhuis (Nederl\u00e4nderna), grusv\u00e4gsspecialisten Ted King (USA) och f\u00f6re detta worldtour-cyklisten Lawrence Naesen (Belgien). \u00c4ven regerande svenska m\u00e4staren Johan Nor\u00e9n (Serneke Allebike CK) och Andr\u00e9 Eriksson som har mycket landslagserfarenhet i MTB d\u00e4r han vann SM i XCO 2023 kommer till start.<\/p>\n<blockquote><p>&#8221;Vi \u00e4r otroligt glada \u00f6ver att kunna l\u00e4gga huvudt\u00e4vlingen med start och m\u00e5l p\u00e5 Wapn\u00f6 G\u00e5rd. Det \u00e4r en perfekt milj\u00f6 f\u00f6r Gravel och vi tror att m\u00e5nga deltagare kommer uppskatta inramningen. Vi har lagt banan delvis p\u00e5 grusv\u00e4gar som vi anv\u00e4nde f\u00f6rra \u00e5ret p\u00e5 Etapp 3 och vi vet att det \u00e4r en utmanande bana som v\u00e4l uppfyller det man kan f\u00f6rv\u00e4nta sig p\u00e5 v\u00e4rldscupniv\u00e5. P\u00e5 s\u00f6ndagens t\u00e4vling premi\u00e4rk\u00f6rs SWE Cup Gravel som vi i Gravel Grit&#8217;n Grind har varit med att bilda tillsammans med Svenska Cykelf\u00f6rbundet och andra arrang\u00f6rer. Mahults Bygdeg\u00e5rd ligger otroligt vackert och jag hoppas att det blir en lyckad plats f\u00f6r start och m\u00e5l f\u00f6r etapp 3&#8221;, s\u00e4ger t\u00e4vlingsledaren Peter Larsson.<\/p><\/blockquote>\n<p>Alla som vill ta del av t\u00e4vlingen \u00e4r hj\u00e4rtligt v\u00e4lkomna. Det \u00e4r kostnadsfritt. B\u00e4st \u00e4r att placera sig vid start eller m\u00e5l. L\u00f6rdagens VM-kvalt\u00e4vling utg\u00e5r fr\u00e5n Wapn\u00f6 G\u00e5rd som i samband med det bjuder in till en familjedag f\u00f6r stora och sm\u00e5.<br \/>\nHedersmedaljer delas ut p\u00e5 s\u00f6ndag<\/p>\n<p>S\u00e4llskapet Gamla T\u00e4vlingscyklister, SGT, kommer att dela ut hedersmedaljer till f\u00f6re detta svenska t\u00e4vlingscyklister. Detta sker p\u00e5 s\u00f6ndag den 18 augusti kl. 14:30 vid Mahults Bygdeg\u00e5rd. Styrelsen f\u00f6r SGT startade Hall of Fame \u00e5r 2023 f\u00f6r att premiera gamla cyklister med m\u00e5nga internationella meriter. Mottagare \u00e4r bland annat Tommy Prim och Marianne Berglund. Prisutdelare \u00e4r Sven-\u00c5ke Nilsson, som \u00e4ven han har en gedigen meritlista.<\/p>\n<ul>\n<li><a href=\"http:\/\/postman.mynewsdesk.com\/ls\/click?upn=u001.GbS2zPO-2Fq39IEaR86NYx9MzhgCb2lSDuhg7MNibHt2YOS0gV6nSJ2lFHK8o-2FIQYSV-ek_H-2F3104F76tQDO2Q4mQeh23ODMXtIMjX-2B73Z4ujOCKkxc0nx2xLbrKg0biJ-2Firt0NStNufyxiDpHuFeOC0lOg4DpUQN35GqWdZyaVZ6sgEx9M1n5BeJjsC8MnOgK3BdX2BcE1Z9mDYdZc9HJBe2JK4GQk3dqu-2BuG4kkl5dIVPkqdBE3En2UGjmo26htF5zL92LN-2BTYi1p-2BKd8KzgLi9PuV3FdKjSmoUQACYuFkAY6KV5Afsy6T4pS-2BcKyGhQ-2BT2JXpZCMu35NP-2By3drm0GxOLxIm-2FvkA-2B5stnQDGN7CsJj0teuos5xbwHUm7i-2FVQ8Ze7PciVBTePomZK5IFAumPvIY5eQ2H2O4cuK6VHFB3sAoQIz-2Bfk2-2FxN30T9vHJp-2FkTE85J2wYqWwpFSqEpcABXCBGw-3D-3D\"><em><strong>Gravel Grit\u00b4n Grind Halmstad<\/strong><\/em><\/a><\/li>\n<li><em><strong><a href=\"http:\/\/postman.mynewsdesk.com\/ls\/click?upn=u001.GbS2zPO-2Fq39IEaR86NYx9MzhgCb2lSDuhg7MNibHt2bzWahPBcavU6AkPGsUpGXaU-Li_H-2F3104F76tQDO2Q4mQeh23ODMXtIMjX-2B73Z4ujOCKkxc0nx2xLbrKg0biJ-2Firt0NStNufyxiDpHuFeOC0lOg4DpUQN35GqWdZyaVZ6sgEx9M1n5BeJjsC8MnOgK3BdX2BcE1Z9mDYdZc9HJBe2JK4GQk3dqu-2BuG4kkl5dIVPkqdBE3En2UGjmo26htF5zL92LN-2BTYi1p-2BKd8KzgLi9PuVzJKtiRAv6iXKUak1OrR-2FiYHsN0VRTP67zpmbbcHsfxPzXWzslUFE0vc4ReoHL0YpisNfNfJ-2BcAeQ4QOgWkfhtiwJd0yrgTIbwlPxX8A0AgdQ0JxPm3cf-2FYshrN6vUoGxbJwh-2FJ53uT31av7OenvvgH2QB-2ByS8fQDjsARAQwdydl0m0n4q0FQfvIO20FRvtIwQ-3D-3D\">T\u00e4vlingsprogram, tider, platser.<\/a><\/strong><\/em><\/li>\n<li><em><strong><a href=\"http:\/\/postman.mynewsdesk.com\/ls\/click?upn=u001.GbS2zPO-2Fq39IEaR86NYx9Gu7Tdki8Z6VMNxSaWJQ5OiB0t9vBBeusVTnkGpCNa2gnGW3_H-2F3104F76tQDO2Q4mQeh23ODMXtIMjX-2B73Z4ujOCKkxc0nx2xLbrKg0biJ-2Firt0NStNufyxiDpHuFeOC0lOg4DpUQN35GqWdZyaVZ6sgEx9M1n5BeJjsC8MnOgK3BdX2BcE1Z9mDYdZc9HJBe2JK4GQk3dqu-2BuG4kkl5dIVPkqdBE3En2UGjmo26htF5zL92LN-2BTYi1p-2BKd8KzgLi9PuVygZppkxlFA3EgUQ2A7doyI15qcHiUkXO2FV2OPlKOCNqsSOeLnVZYjpThV3zoffRSCi8QKwn-2ByC-2B-2FMBohtjFsEBIeUgTXTxPjyL4QXFz8HHBOomgXNuiwpvwFs9lKFiDsygM6w4ekaNs9WEFBu-2FPkZHSsFslApvdIVEJmABd6tBYcgYdjxbdk6LYW-2FRUDMxcQ-3D-3D\">SGT &#8211; S\u00e4llskapet Gamla T\u00e4vlingscyklister<\/a><\/strong><\/em><\/li>\n<li><em><strong><a href=\"http:\/\/postman.mynewsdesk.com\/ls\/click?upn=u001.GbS2zPO-2Fq39IEaR86NYx9IQan6yj976LxAiGajq3l5dzfSNe4HDjZeRSOhpCObHFIsUXh6PI5u0VdN4-2FINiUT8vxz7TM6zzFnGA9cO6Ce-2BC8CVIM9gfHAN9qT5LdHDTqu7TY5qE39Dt9gYzrKmnGgDDyl3Pe45tfJUr330-2B2gYSuZUKpSIYpbHNHXj9Gqw8hGr-2F1HUg8Td3S-2F7KGOv7ZmZQSjkpVFIYO9paaOfhCaVu0e9gPVKd85xFiyqRG8GZsPUsGiIWU-2BA6iHQEiB4Z6bwPnZ16e-2F4Rp1RNLNk21A4OK590Kt-2FTHHgGn5RY8zV-2BSQwWT3KRUSYtn5PQMIQfCYA-3D-3DrnEK_H-2F3104F76tQDO2Q4mQeh23ODMXtIMjX-2B73Z4ujOCKkxc0nx2xLbrKg0biJ-2Firt0NStNufyxiDpHuFeOC0lOg4DpUQN35GqWdZyaVZ6sgEx9M1n5BeJjsC8MnOgK3BdX2BcE1Z9mDYdZc9HJBe2JK4GQk3dqu-2BuG4kkl5dIVPkqdBE3En2UGjmo26htF5zL92LN-2BTYi1p-2BKd8KzgLi9PuV-2FYGo2YBpu0NoHk3nMn6OUagT4-2FkAsGOopa7GoZIu65CNHmw9s0kWZRcIrqewpsvaMVFyZeXIgKiEPjzcrZoX5mDOeeN6KiqAIrwL-2FXOiSn7sXbXiPAq9k5iX6KS2epdqnOOYnlYd7T2aTERwbimkeBFKLUOgY-2F0xZVia4-2BlCC2wP436gMadMA-2BzpOn4FO6vCg-3D-3D\">Kids race och familjedag p\u00e5 Wapn\u00f6 G\u00e5rd<\/a><\/strong><\/em><\/li>\n<li><em><strong><a href=\"http:\/\/postman.mynewsdesk.com\/ls\/click?upn=u001.GbS2zPO-2Fq39IEaR86NYx9KJIQHcweEPPIPQoQwtSBsdjn1z5SdYhpZMltJ0v-2BidtRO7ocGqC6uLwMEYjmmdHX-2Fc3Wezt1HlS2Hcp0qXjMrq73stM1AjH78ATifDj0QdKQfrr_H-2F3104F76tQDO2Q4mQeh23ODMXtIMjX-2B73Z4ujOCKkxc0nx2xLbrKg0biJ-2Firt0NStNufyxiDpHuFeOC0lOg4DpUQN35GqWdZyaVZ6sgEx9M1n5BeJjsC8MnOgK3BdX2BcE1Z9mDYdZc9HJBe2JK4GQk3dqu-2BuG4kkl5dIVPkqdBE3En2UGjmo26htF5zL92LN-2BTYi1p-2BKd8KzgLi9PuV989ZuqlvqrXSCpWbmqK1QAp-2BLyPmsvngEOYxy5VX-2F715REVl99GKqlbdW8y8JDEcWeRt1aEm-2F0g1zVsJ5rqHMozUrloaSjfs5T-2FDNRGXem2PsA0XDeJ93QYAsc6c28iwoHg72NCd7oezsDD9TvA931MRfb76WaUqOhE3mnt7aXHzLdxiX9muqbNAVyb9O4OQA-3D-3D\">Aktuell banstr\u00e4ckning<\/a><\/strong><\/em><\/li>\n<\/ul>\n<p><em>Text: SCF och pressmeddelande<\/em><br \/>\n<em>Foto: Jeppe Kirk_KP<\/em><\/p>\n<p>&nbsp;<\/p>\n","protected":false},"excerpt":{"rendered":"<p>Denna l\u00e5nghelg genomf\u00f6rs Gravel Grit&#8217;n Grind f\u00f6r tredje \u00e5ret i rad i Halmstad. Etapp 2 p\u00e5 l\u00f6rdag \u00e4r en del av UCI Gravel World Series som \u00e4r VM-kvalificerande med m\u00e5nga toppcyklister p\u00e5 plats \u2013 och tredje etappen p\u00e5 s\u00f6ndag ing\u00e5r i \u00e5rets nyhet SWE Cup Gravel. \u00c5rets t\u00e4vling bjuder p\u00e5 nyheter. Huvudt\u00e4vlingen, etapp 2<a href=\"https:\/\/scf.se\/gravel\/2024\/08\/16\/toppcyklister-till-vm-kvalet-i-gravel-och-swe-cup-pa-sondagen\/\" class=\"news-card__more\"> &#8230;<\/a><\/p>\n","protected":false},"author":41,"featured_media":384,"comment_status":"open","ping_status":"open","sticky":false,"template":"","format":"standard","meta":{"_acf_changed":false,"footnotes":""},"categories":[1],"tags":[],"class_list":["post-382","post","type-post","status-publish","format-standard","hentry","category-okategoriserade"],"acf":[],"_links":{"self":[{"href":"https:\/\/scf.se\/gravel\/wp-json\/wp\/v2\/posts\/382","targetHints":{"allow":["GET"]}}],"collection":[{"href":"https:\/\/scf.se\/gravel\/wp-json\/wp\/v2\/posts"}],"about":[{"href":"https:\/\/scf.se\/gravel\/wp-json\/wp\/v2\/types\/post"}],"author":[{"embeddable":true,"href":"https:\/\/scf.se\/gravel\/wp-json\/wp\/v2\/users\/41"}],"replies":[{"embeddable":true,"href":"https:\/\/scf.se\/gravel\/wp-json\/wp\/v2\/comments?post=382"}],"version-history":[{"count":7,"href":"https:\/\/scf.se\/gravel\/wp-json\/wp\/v2\/posts\/382\/revisions"}],"predecessor-version":[{"id":391,"href":"https:\/\/scf.se\/gravel\/wp-json\/wp\/v2\/posts\/382\/revisions\/391"}],"wp:featuredmedia":[{"embeddable":true,"href":"https:\/\/scf.se\/gravel\/wp-json\/wp\/v2\/media\/384"}],"wp:attachment":[{"href":"https:\/\/scf.se\/gravel\/wp-json\/wp\/v2\/media?parent=382"}],"wp:term":[{"taxonomy":"category","embeddable":true,"href":"https:\/\/scf.se\/gravel\/wp-json\/wp\/v2\/categories?post=382"},{"taxonomy":"post_tag","embeddable":true,"href":"https:\/\/scf.se\/gravel\/wp-json\/wp\/v2\/tags?post=382"}],"curies":[{"name":"wp","href":"https:\/\/api.w.org\/{rel}","templated":true}]}}