
{"id":368,"date":"2024-06-26T20:57:41","date_gmt":"2024-06-26T18:57:41","guid":{"rendered":"https:\/\/scf.se\/gravel\/?p=368"},"modified":"2024-06-28T05:58:23","modified_gmt":"2024-06-28T03:58:23","slug":"tre-andringar-infor-premiarsasongen-av-swe-cup-gravel-2024","status":"publish","type":"post","link":"https:\/\/scf.se\/gravel\/2024\/06\/26\/tre-andringar-infor-premiarsasongen-av-swe-cup-gravel-2024\/","title":{"rendered":"Tre \u00e4ndringar i SWE Cup Gravel inf\u00f6r grenens premi\u00e4rs\u00e4song 2024"},"content":{"rendered":"<p><strong>Vi \u00e4ndrar om lite i premi\u00e4rs\u00e4songen av SWE Cup Gravel 2024. Tre \u00e4ndringar s\u00e5 h\u00e4r innan \u00e5rets premi\u00e4rcup drar ig\u00e5ng. Det blir tre stora \u00e4ndringar.<\/strong><\/p>\n<p>Isaberg flyttar \u00e4nnu en g\u00e5ng, 28 september blir nytt datum, dagen innan deras SWE Cup Enduro delt\u00e4vling.<\/p>\n<p>Nordic Gravel Series Bergslagen kommer med som ny delt\u00e4vling i SWE Cup, d\u00e4rmed blir det fyra delt\u00e4vlingar i \u00e5rets SWE Cup. 24:e augusti blir datumet f\u00f6r denna delt\u00e4vling.<\/p>\n<p>D\u00e5 \u00e5rets cup ut\u00f6kas till fyra delt\u00e4vlingar s\u00e5 inf\u00f6r vi m\u00f6jligheten att stryka ett resultat. N\u00e4r s\u00e4songen sammanst\u00e4lls s\u00e5 r\u00e4knas det s\u00e4msta resultatet bort fr\u00e5n sammanst\u00e4llningen. Detta g\u00f6r att det inte \u00e4r hela v\u00e4rlden om man missar en delt\u00e4vling eller r\u00e5kar ha en d\u00e5lig dag en g\u00e5ng, bara man k\u00f6r bra p\u00e5 \u00f6vriga s\u00e5 \u00e4r man med i kampen.<\/p>\n<p>S\u00e4songen blir nu som f\u00f6ljer.<\/p>\n<h3>SWE Cup Gravel 2024<\/h3>\n<ul>\n<li><strong data-bind=\"text: Namn\">#1 Gravel Grit\u00b4n Grind <\/strong>18 augusti<\/li>\n<li><strong data-bind=\"text: Namn\">#2 Nordic Gravel Series Bergslagen <\/strong>24 augusti<\/li>\n<li><strong data-bind=\"text: Namn\">#3 Dalsland Gravel Race <\/strong>21 september<\/li>\n<li><strong data-bind=\"text: Namn\">#4 Isabike Gravel <\/strong>28 september<\/li>\n<\/ul>\n<p>Vi ser nu mycket fram emot fyra fina race p\u00e5 grusv\u00e4gar. P\u00e5minner samtidigt om att ans\u00f6kan till SWE Cup Gravel 2025 \u00e4r \u00f6ppen nu, deadline f\u00f6r att ans\u00f6ka \u00e4r 1 juli,<a href=\"https:\/\/scf.se\/gravel\/2024\/06\/03\/ansokan-for-swe-cup-gravel-2025-oppnar-nu\/\"><em><strong> l\u00e4s mycket mer h\u00e4r!<\/strong><\/em><\/a><\/p>\n<p><em>Text: SCF<br \/>\nText: Privat<br \/>\n<\/em><\/p>\n<hr \/>\n<a href=\"https:\/\/scf.se\/forbundet\/hjalp-oss-sprida-ny-digital-broschyr-om-motionslicensens-fordelar\/\"><img loading=\"lazy\" decoding=\"async\" class=\"alignnone size-full wp-image-7197\" src=\"https:\/\/scf.se\/forbundet\/wp-content\/uploads\/sites\/9\/2024\/03\/Kop-licens-cykelmagasinet4.jpg\" alt=\"\" width=\"2000\" height=\"655\" \/><\/a>\n","protected":false},"excerpt":{"rendered":"<p>Vi \u00e4ndrar om lite i premi\u00e4rs\u00e4songen av SWE Cup Gravel 2024. Tre \u00e4ndringar s\u00e5 h\u00e4r innan \u00e5rets premi\u00e4rcup drar ig\u00e5ng. Det blir tre stora \u00e4ndringar. Isaberg flyttar \u00e4nnu en g\u00e5ng, 28 september blir nytt datum, dagen innan deras SWE Cup Enduro delt\u00e4vling. Nordic Gravel Series Bergslagen kommer med som ny delt\u00e4vling i SWE Cup,<a href=\"https:\/\/scf.se\/gravel\/2024\/06\/26\/tre-andringar-infor-premiarsasongen-av-swe-cup-gravel-2024\/\" class=\"news-card__more\"> &#8230;<\/a><\/p>\n","protected":false},"author":30,"featured_media":369,"comment_status":"open","ping_status":"open","sticky":false,"template":"","format":"standard","meta":{"_acf_changed":false,"footnotes":""},"categories":[1],"tags":[],"class_list":["post-368","post","type-post","status-publish","format-standard","hentry","category-okategoriserade"],"acf":[],"_links":{"self":[{"href":"https:\/\/scf.se\/gravel\/wp-json\/wp\/v2\/posts\/368","targetHints":{"allow":["GET"]}}],"collection":[{"href":"https:\/\/scf.se\/gravel\/wp-json\/wp\/v2\/posts"}],"about":[{"href":"https:\/\/scf.se\/gravel\/wp-json\/wp\/v2\/types\/post"}],"author":[{"embeddable":true,"href":"https:\/\/scf.se\/gravel\/wp-json\/wp\/v2\/users\/30"}],"replies":[{"embeddable":true,"href":"https:\/\/scf.se\/gravel\/wp-json\/wp\/v2\/comments?post=368"}],"version-history":[{"count":6,"href":"https:\/\/scf.se\/gravel\/wp-json\/wp\/v2\/posts\/368\/revisions"}],"predecessor-version":[{"id":376,"href":"https:\/\/scf.se\/gravel\/wp-json\/wp\/v2\/posts\/368\/revisions\/376"}],"wp:featuredmedia":[{"embeddable":true,"href":"https:\/\/scf.se\/gravel\/wp-json\/wp\/v2\/media\/369"}],"wp:attachment":[{"href":"https:\/\/scf.se\/gravel\/wp-json\/wp\/v2\/media?parent=368"}],"wp:term":[{"taxonomy":"category","embeddable":true,"href":"https:\/\/scf.se\/gravel\/wp-json\/wp\/v2\/categories?post=368"},{"taxonomy":"post_tag","embeddable":true,"href":"https:\/\/scf.se\/gravel\/wp-json\/wp\/v2\/tags?post=368"}],"curies":[{"name":"wp","href":"https:\/\/api.w.org\/{rel}","templated":true}]}}