
{"id":358,"date":"2024-06-03T17:26:51","date_gmt":"2024-06-03T15:26:51","guid":{"rendered":"https:\/\/scf.se\/gravel\/?p=358"},"modified":"2024-06-03T21:13:42","modified_gmt":"2024-06-03T19:13:42","slug":"ansokan-for-swe-cup-gravel-2025-oppnar-nu","status":"publish","type":"post","link":"https:\/\/scf.se\/gravel\/2024\/06\/03\/ansokan-for-swe-cup-gravel-2025-oppnar-nu\/","title":{"rendered":"Vill Din f\u00f6rening arrangera SWE Cup gravel 2025? Ans\u00f6kan \u00f6ppnar nu!"},"content":{"rendered":"<div>\n<p><strong>Gravelarrang\u00f6rer! Grengrupp gravel har m\u00f6tts och diskuterat hur vi \u00f6nskar att en bra SWE Cup-kalender kan se ut. Exempelvis b\u00f6r kalendern best\u00e5 av 4-7 delt\u00e4vlingar j\u00e4mnt f\u00f6rdelade under t\u00e4vlingss\u00e4songen, alternativt att n\u00e5gra ligger lite t\u00e4tare mitt i sommaren d\u00e5 det ofta \u00e4r f\u00e4rre antal lopp d\u00e5.<\/strong><\/p>\n<\/div>\n<div>\n<p>Precis som flera andra SWE Cup g\u00f6r s\u00e5 ser vi g\u00e4rna att vi \u00e4r klara med en prelimin\u00e4r kalender redan under sommaren \u00e5ret innan. Allts\u00e5 offentligg\u00f6rs 2025 \u00e5rs prelimin\u00e4ra kalender redan sommaren 2024. D\u00e4rf\u00f6r \u00f6nskar vi ha in ans\u00f6kningar redan innan\u00a0<b><i>1 juli\u00a0<\/i><\/b>f\u00f6r att kunna planera n\u00e4sta \u00e5rs SWE Cup under sommaren 2024.<\/p>\n<p>Kalendern blir p\u00e5 s\u00e5 s\u00e4tt klar tidigt, med reservation f\u00f6r om det skulle komma ok\u00e4nda krockar med exempelvis en UCI Gravel World Series t\u00e4vling i Norden, internationella m\u00e4sterskap samt andra viktiga lopp i den nordiska regionen.<\/p>\n<\/div>\n<p>Distanserna och klasserna avser vi beh\u00e5lla som vi har under 2024, men vi planerar att under 2025 l\u00e5ta deltagarna stryka resultatet i en delt\u00e4vling i totalen. Detta f\u00f6r att deltagarna ska ha m\u00f6jligheten att st\u00e5 \u00f6ver en delt\u00e4vling och\/eller ha \u00f6verseende med exempelvis skada, sjukdom eller tekniska problem.<\/p>\n<div>\n<p>N\u00e5gra medskick till ans\u00f6kande arrang\u00f6rer:<\/p>\n<\/div>\n<ul type=\"disc\">\n<li>Positivt \u00e4r de t\u00e4vlingar som vill arrangera mitt i sommaren. Dessa tenderar att f\u00e5 mindre konkurrens med andra arrang\u00f6rer, inte minst fr\u00e5n andra grenar s\u00e5 som LVG och XCM.<\/li>\n<li>Man b\u00f6r ha genomf\u00f6rt en gravelt\u00e4vling minst en g\u00e5ng tidigare.<\/li>\n<li>F\u00f6ruts\u00e4ttningsdokument f\u00f6r att arrangera en SWE Cup gravel (2024:\u00e5rs version) finns h\u00e4r: <a href=\"https:\/\/scf.se\/gravel\/wp-content\/uploads\/sites\/19\/2024\/06\/Forutsattningar-SWE-Cup-Gravel-2024.pdf\">f\u00f6ruts\u00e4ttningsdokument<\/a><\/li>\n<li>Ans\u00f6kningsblanketter finns h\u00e4r <a href=\"https:\/\/scf.se\/gravel\/wp-content\/uploads\/sites\/19\/2024\/06\/SWE-Cup-blankett_final2025.pdf\">del1<\/a> <a href=\"https:\/\/scf.se\/gravel\/wp-content\/uploads\/sites\/19\/2024\/06\/Bilaga-2-Overgripande-tavlingsorganisation-blankett-1.pdf\">del2<\/a><\/li>\n<\/ul>\n<div>\n<p>Deadline f\u00f6r att ans\u00f6ka om SWE Cup gravel 2025 \u00e4r den 1 juli 2024. Det inneb\u00e4r att vi f\u00f6rhoppningsvis kan publicera n\u00e4sta \u00e5rs SWE Cup gravel under senare delen av sommaren 2024. Information om ans\u00f6kningsprocessen kommer finnas h\u00e4r:\u00a0<u><a href=\"https:\/\/scf.se\/gravel\/arrangera-swe-cup-gravel\/\" target=\"_blank\" rel=\"noopener noreferrer\" data-auth=\"NotApplicable\" data-linkindex=\"0\">Arrangera SWE Cup gravel &#8211; Gravel &#8211; Svenska Cykelf\u00f6rbundet (scf.se)<\/a><\/u><\/p>\n<p>Ans\u00f6kningar och fr\u00e5gor om ans\u00f6kningsprocessen skickas till t\u00e4vlingsansvarige Jonas Haglund:\u00a0<em><strong><u><a href=\"mailto:jonas.haglund@scf.se\" data-linkindex=\"1\">jonas.haglund@scf.se<\/a><\/u><\/strong><\/em><\/p>\n<p><em>Text och arkivbild: SCF<\/em><\/p>\n<\/div>\n","protected":false},"excerpt":{"rendered":"<p>Gravelarrang\u00f6rer! Grengrupp gravel har m\u00f6tts och diskuterat hur vi \u00f6nskar att en bra SWE Cup-kalender kan se ut. Exempelvis b\u00f6r kalendern best\u00e5 av 4-7 delt\u00e4vlingar j\u00e4mnt f\u00f6rdelade under t\u00e4vlingss\u00e4songen, alternativt att n\u00e5gra ligger lite t\u00e4tare mitt i sommaren d\u00e5 det ofta \u00e4r f\u00e4rre antal lopp d\u00e5. Precis som flera andra SWE Cup g\u00f6r s\u00e5<a href=\"https:\/\/scf.se\/gravel\/2024\/06\/03\/ansokan-for-swe-cup-gravel-2025-oppnar-nu\/\" class=\"news-card__more\"> &#8230;<\/a><\/p>\n","protected":false},"author":58,"featured_media":316,"comment_status":"open","ping_status":"open","sticky":false,"template":"","format":"standard","meta":{"_acf_changed":false,"footnotes":""},"categories":[1],"tags":[],"class_list":["post-358","post","type-post","status-publish","format-standard","hentry","category-okategoriserade"],"acf":[],"_links":{"self":[{"href":"https:\/\/scf.se\/gravel\/wp-json\/wp\/v2\/posts\/358","targetHints":{"allow":["GET"]}}],"collection":[{"href":"https:\/\/scf.se\/gravel\/wp-json\/wp\/v2\/posts"}],"about":[{"href":"https:\/\/scf.se\/gravel\/wp-json\/wp\/v2\/types\/post"}],"author":[{"embeddable":true,"href":"https:\/\/scf.se\/gravel\/wp-json\/wp\/v2\/users\/58"}],"replies":[{"embeddable":true,"href":"https:\/\/scf.se\/gravel\/wp-json\/wp\/v2\/comments?post=358"}],"version-history":[{"count":6,"href":"https:\/\/scf.se\/gravel\/wp-json\/wp\/v2\/posts\/358\/revisions"}],"predecessor-version":[{"id":365,"href":"https:\/\/scf.se\/gravel\/wp-json\/wp\/v2\/posts\/358\/revisions\/365"}],"wp:featuredmedia":[{"embeddable":true,"href":"https:\/\/scf.se\/gravel\/wp-json\/wp\/v2\/media\/316"}],"wp:attachment":[{"href":"https:\/\/scf.se\/gravel\/wp-json\/wp\/v2\/media?parent=358"}],"wp:term":[{"taxonomy":"category","embeddable":true,"href":"https:\/\/scf.se\/gravel\/wp-json\/wp\/v2\/categories?post=358"},{"taxonomy":"post_tag","embeddable":true,"href":"https:\/\/scf.se\/gravel\/wp-json\/wp\/v2\/tags?post=358"}],"curies":[{"name":"wp","href":"https:\/\/api.w.org\/{rel}","templated":true}]}}