
{"id":303,"date":"2024-03-06T17:27:40","date_gmt":"2024-03-06T16:27:40","guid":{"rendered":"https:\/\/scf.se\/gravel\/?p=303"},"modified":"2024-03-06T17:36:17","modified_gmt":"2024-03-06T16:36:17","slug":"har-ar-kvalreglerna-infor-gravel-vm-i-belgien-och-em-i-italien","status":"publish","type":"post","link":"https:\/\/scf.se\/gravel\/2024\/03\/06\/har-ar-kvalreglerna-infor-gravel-vm-i-belgien-och-em-i-italien\/","title":{"rendered":"H\u00e4r \u00e4r kvalreglerna inf\u00f6r gravel-VM i Halle-Leuven och \u00e4ven EM i Asiago"},"content":{"rendered":"<p><strong>Cyklister som uttagningskommitt\u00e9n anser uppfylla n\u00e5gon eller flera av kriterierna nedan kan komma att erbjudas att representera Sverige vid gravel-VM i belgiska Halle-Leuven 5\u20136 oktober <\/strong><strong>och\/eller vid -EM i italienska Asiago 12\u201313 oktober.<\/strong><\/p>\n<h3>Kriterierna f\u00f6r uttagning<\/h3>\n<ul>\n<li>Cyklisten ska ha resultat i elitklass fr\u00e5n minst tv\u00e5 delt\u00e4vlingar i Trek UCI Gravel World<br \/>\nSeries 2024, d\u00e4r placering, tidsdifferenser och konkurrens tas i beaktande.<\/li>\n<li>Cyklisten ska ha framst\u00e5ende resultat vid Svenska M\u00e4sterskapen 2024.<\/li>\n<li>Kommitt\u00e9n kan \u00e4ven i vissa fall att titta p\u00e5 relevanta resultat i v\u00e4rldscup- och m\u00e4sterskapssammanhang i grenarna CX, XCO, XCM och landsv\u00e4g.<\/li>\n<\/ul>\n<h3><a href=\"https:\/\/scf.se\/gravel\/wp-content\/uploads\/sites\/19\/2024\/03\/Uttagningskriterier-for-VM-2024.pdf\"><em>Mera om uttagningarna hittar ni h\u00e4r!<\/em><\/a><\/h3>\n<p>Cyklist som anm\u00e4ler sig till elitklass i Trek UCI Gravel World Series, kan endast kvalificera sig till elitklass i VM.<\/p>\n<p>Cyklist som anm\u00e4ler sig till Age Group i Trek UCI Gravel World Series, kan endast kvalificera sig till Age Group i VM.<\/p>\n<p>Cyklist som startar i elitklass i Trek UCI Gravel World Series och inte kvalificerar sig, kan inte h\u00e4vda kvalificering i sin Age Group om hans\/hennes sluttid skulle vara inom de 25 procent b\u00e4sta i sin \u00e5lderskategori.<\/p>\n<p>De nationella f\u00f6rbunden har inte l\u00e4ngre n\u00e5gra VM-platser (quotas) att f\u00f6rdela till Age Group.<\/p>\n<h3>Uttagningskommitt\u00e9n<\/h3>\n<ul>\n<li><strong>Anna \u00d6hrstr\u00f6m<\/strong>, f\u00f6rbundskapten.<\/li>\n<li><strong>Fredrik Kessiakoff,<\/strong> grengruppsansvarig gravel.<\/li>\n<li><strong>Peter Larsson,<\/strong> SCF:s samordnare gravel-EM 2023.<\/li>\n<li><strong>Dennis Wahlqvist,<\/strong> f\u00f6re detta f\u00f6rbundskapten CX.<\/li>\n<\/ul>\n<p>Grengrupp gravel ser g\u00e4rna att uttagningskommitt\u00e9n f\u00e5r in en kvinna till i gruppen, intresserade kan mejla en intresseanm\u00e4lan till: <em><strong>Anna.Ohrstrom@scf.se<\/strong><\/em><\/p>\n<p><em>Text och foto: SCF<br \/>\n<\/em><\/p>\n<hr \/>\n<div>\n<p><em><strong>Svenska Cykelf\u00f6rbundet \u00e4r stolta \u00f6ver att presentera v\u00e5ra samarbetspartners. Tack vare dessa fantastiska f\u00f6retag kan v\u00e5ra cyklister oftare ta sig l\u00e4ngre ut i v\u00e4rlden.<\/strong><\/em><\/p>\n<h2><a href=\"https:\/\/scf.se\/forbundet\/sponsorer\/\"><img loading=\"lazy\" decoding=\"async\" class=\"alignnone size-full wp-image-3872\" src=\"https:\/\/scf.se\/landsvag\/wp-content\/uploads\/sites\/5\/2023\/02\/LiggandeBannerNyheterHemsida2023.png\" alt=\"\" width=\"1200\" height=\"200\" \/><\/a><\/h2>\n<\/div>\n","protected":false},"excerpt":{"rendered":"<p>Cyklister som uttagningskommitt\u00e9n anser uppfylla n\u00e5gon eller flera av kriterierna nedan kan komma att erbjudas att representera Sverige vid gravel-VM i belgiska Halle-Leuven 5\u20136 oktober och\/eller vid -EM i italienska Asiago 12\u201313 oktober. Kriterierna f\u00f6r uttagning Cyklisten ska ha resultat i elitklass fr\u00e5n minst tv\u00e5 delt\u00e4vlingar i Trek UCI Gravel World Series 2024, d\u00e4r<a href=\"https:\/\/scf.se\/gravel\/2024\/03\/06\/har-ar-kvalreglerna-infor-gravel-vm-i-belgien-och-em-i-italien\/\" class=\"news-card__more\"> &#8230;<\/a><\/p>\n","protected":false},"author":41,"featured_media":185,"comment_status":"open","ping_status":"open","sticky":false,"template":"","format":"standard","meta":{"_acf_changed":false,"footnotes":""},"categories":[1],"tags":[],"class_list":["post-303","post","type-post","status-publish","format-standard","hentry","category-okategoriserade"],"acf":[],"_links":{"self":[{"href":"https:\/\/scf.se\/gravel\/wp-json\/wp\/v2\/posts\/303","targetHints":{"allow":["GET"]}}],"collection":[{"href":"https:\/\/scf.se\/gravel\/wp-json\/wp\/v2\/posts"}],"about":[{"href":"https:\/\/scf.se\/gravel\/wp-json\/wp\/v2\/types\/post"}],"author":[{"embeddable":true,"href":"https:\/\/scf.se\/gravel\/wp-json\/wp\/v2\/users\/41"}],"replies":[{"embeddable":true,"href":"https:\/\/scf.se\/gravel\/wp-json\/wp\/v2\/comments?post=303"}],"version-history":[{"count":0,"href":"https:\/\/scf.se\/gravel\/wp-json\/wp\/v2\/posts\/303\/revisions"}],"wp:featuredmedia":[{"embeddable":true,"href":"https:\/\/scf.se\/gravel\/wp-json\/wp\/v2\/media\/185"}],"wp:attachment":[{"href":"https:\/\/scf.se\/gravel\/wp-json\/wp\/v2\/media?parent=303"}],"wp:term":[{"taxonomy":"category","embeddable":true,"href":"https:\/\/scf.se\/gravel\/wp-json\/wp\/v2\/categories?post=303"},{"taxonomy":"post_tag","embeddable":true,"href":"https:\/\/scf.se\/gravel\/wp-json\/wp\/v2\/tags?post=303"}],"curies":[{"name":"wp","href":"https:\/\/api.w.org\/{rel}","templated":true}]}}