
{"id":263,"date":"2023-11-24T14:50:24","date_gmt":"2023-11-24T13:50:24","guid":{"rendered":"https:\/\/scf.se\/gravel\/?p=263"},"modified":"2023-11-24T15:23:04","modified_gmt":"2023-11-24T14:23:04","slug":"nu-finns-aven-helt-nya-regler-for-gravel-har-pa-scf-se","status":"publish","type":"post","link":"https:\/\/scf.se\/gravel\/2023\/11\/24\/nu-finns-aven-helt-nya-regler-for-gravel-har-pa-scf-se\/","title":{"rendered":"Nu hittar ni \u00e4ven helt nya regler f\u00f6r gravel h\u00e4r p\u00e5 SCF.se"},"content":{"rendered":"<p><strong>F\u00f6r n\u00e5gon m\u00e5nad sedan sl\u00e4pptes de nya, uppdaterade reglerna f\u00f6r motionslopp p\u00e5 landsv\u00e4g och MTB. Nu har vi \u00e4ven sl\u00e4ppt de helt nya reglerna f\u00f6r gravel, som riktar sig mot b\u00e5de motionslopp och t\u00e4vlingsklass (sportmotion) med resultat<\/strong>.<\/p>\n<ul>\n<li><a href=\"https:\/\/scf.se\/forbundet\/motionsregler\/\"><em><strong>De helt nya gravelreglerna hittar ni h\u00e4r!<\/strong> <\/em><\/a><\/li>\n<\/ul>\n<p>Fredrik Kessiakoff, som \u00e4r grengruppsansvarig i gravel, s\u00e4ger s\u00e5 h\u00e4r om de nya reglerna:<\/p>\n<blockquote><p>\u201dDe nya gravelreglerna skiljer sig lite \u00e5t i strukturen mot landsv\u00e4g och MTB d\u00e5 dessa \u00e4r uppdelade i en skall- och en b\u00f6r-del. Allt f\u00f6r att f\u00f6rtydliga och f\u00f6renkla s\u00e5 mycket det g\u00e5r f\u00f6r arrang\u00f6rerna. Vi \u00e4r alltid \u00f6ppna f\u00f6r synpunkter och f\u00f6rslag, s\u00e5 vill man kontakta oss (grengruppen) g\u00f6r man det b\u00e4st via mejl till <a href=\"mailto:gravel@scf.se\"><em><strong>gravel@scf.se<\/strong><\/em><\/a>.\u201d<\/p><\/blockquote>\n<p>Och f\u00f6r er som gillar gravel kan vi redan nu ber\u00e4tta att vi i n\u00e4sta vecka sl\u00e4pper all information om helt nya SWE Cup gravel som har premi\u00e4r 2024!<\/p>\n<p>Det \u00e4r redan klart att SM-arrangemanget i samband med Dalsland Gravel Race l\u00f6rdag 21 september blir en av delt\u00e4vlingarna.<\/p>\n<ul>\n<li><a href=\"https:\/\/scf.se\/gravel\/2023\/10\/20\/klart-for-cykelfest-gravel-sm-2024-kors-vid-dalsland-gravel-race\/\"><em><strong>L\u00e4s mera om 2024 \u00e5rs SM i gravel h\u00e4r!<\/strong><\/em><\/a><\/li>\n<\/ul>\n<p><em>Text: SCF<\/em><br \/>\n<em>Foto: Marie Leander<\/em><\/p>\n<hr \/>\n<p><em><strong>Svenska Cykelf\u00f6rbundet \u00e4r stolta \u00f6ver att presentera v\u00e5ra samarbetspartners.\u00a0<\/strong><\/em><\/p>\n<h2><a href=\"https:\/\/scf.se\/forbundet\/sponsorer\/\"><img loading=\"lazy\" decoding=\"async\" class=\"alignnone size-full wp-image-3872\" src=\"https:\/\/scf.se\/landsvag\/wp-content\/uploads\/sites\/5\/2023\/02\/LiggandeBannerNyheterHemsida2023.png\" alt=\"\" width=\"1200\" height=\"200\" \/><\/a><\/h2>\n","protected":false},"excerpt":{"rendered":"<p>F\u00f6r n\u00e5gon m\u00e5nad sedan sl\u00e4pptes de nya, uppdaterade reglerna f\u00f6r motionslopp p\u00e5 landsv\u00e4g och MTB. Nu har vi \u00e4ven sl\u00e4ppt de helt nya reglerna f\u00f6r gravel, som riktar sig mot b\u00e5de motionslopp och t\u00e4vlingsklass (sportmotion) med resultat. De helt nya gravelreglerna hittar ni h\u00e4r! Fredrik Kessiakoff, som \u00e4r grengruppsansvarig i gravel, s\u00e4ger s\u00e5 h\u00e4r<a href=\"https:\/\/scf.se\/gravel\/2023\/11\/24\/nu-finns-aven-helt-nya-regler-for-gravel-har-pa-scf-se\/\" class=\"news-card__more\"> &#8230;<\/a><\/p>\n","protected":false},"author":41,"featured_media":264,"comment_status":"open","ping_status":"open","sticky":false,"template":"","format":"standard","meta":{"_acf_changed":false,"footnotes":""},"categories":[1],"tags":[],"class_list":["post-263","post","type-post","status-publish","format-standard","hentry","category-okategoriserade"],"acf":[],"_links":{"self":[{"href":"https:\/\/scf.se\/gravel\/wp-json\/wp\/v2\/posts\/263","targetHints":{"allow":["GET"]}}],"collection":[{"href":"https:\/\/scf.se\/gravel\/wp-json\/wp\/v2\/posts"}],"about":[{"href":"https:\/\/scf.se\/gravel\/wp-json\/wp\/v2\/types\/post"}],"author":[{"embeddable":true,"href":"https:\/\/scf.se\/gravel\/wp-json\/wp\/v2\/users\/41"}],"replies":[{"embeddable":true,"href":"https:\/\/scf.se\/gravel\/wp-json\/wp\/v2\/comments?post=263"}],"version-history":[{"count":0,"href":"https:\/\/scf.se\/gravel\/wp-json\/wp\/v2\/posts\/263\/revisions"}],"wp:featuredmedia":[{"embeddable":true,"href":"https:\/\/scf.se\/gravel\/wp-json\/wp\/v2\/media\/264"}],"wp:attachment":[{"href":"https:\/\/scf.se\/gravel\/wp-json\/wp\/v2\/media?parent=263"}],"wp:term":[{"taxonomy":"category","embeddable":true,"href":"https:\/\/scf.se\/gravel\/wp-json\/wp\/v2\/categories?post=263"},{"taxonomy":"post_tag","embeddable":true,"href":"https:\/\/scf.se\/gravel\/wp-json\/wp\/v2\/tags?post=263"}],"curies":[{"name":"wp","href":"https:\/\/api.w.org\/{rel}","templated":true}]}}