
{"id":215,"date":"2023-10-20T08:50:51","date_gmt":"2023-10-20T06:50:51","guid":{"rendered":"https:\/\/scf.se\/gravel\/?p=215"},"modified":"2024-03-07T14:32:23","modified_gmt":"2024-03-07T13:32:23","slug":"klart-for-cykelfest-gravel-sm-2024-kors-vid-dalsland-gravel-race","status":"publish","type":"post","link":"https:\/\/scf.se\/gravel\/2023\/10\/20\/klart-for-cykelfest-gravel-sm-2024-kors-vid-dalsland-gravel-race\/","title":{"rendered":"Klart f\u00f6r cykelfest p\u00e5 fina grusv\u00e4gar n\u00e4r gravel-SM 2024 k\u00f6rs i Dalsland"},"content":{"rendered":"<p>Utmanande<strong> och kuperad terr\u00e4ng och storslagen natur. Det \u00e4r nu klart att historiens andra gravel-SM kommer att avg\u00f6ras i samband med Dalsland Gravel Race l\u00f6rdag 21 september 2024. T\u00e4vlingsledaren Bo Petterson utlovar en &#8221;h\u00e4pnadsv\u00e4ckande vacker bana som ringlar sig fram mellan de dalsl\u00e4ndska sj\u00f6arna&#8221; samt \u00e4ven f\u00f6rfest dagen innan och sk\u00f6nt cykelh\u00e4ng p\u00e5 kv\u00e4llen efter SM-t\u00e4vlingarna.\u00a0<\/strong><\/p>\n<p>SM-arrang\u00f6ren blir med andra ord Camp Dalsland. Start- och m\u00e5lplatsen kommer att vara bel\u00e4gen inne i Bengtsfors.<\/p>\n<blockquote><p>&#8221;Det k\u00e4nns j\u00e4ttesk\u00f6nt att ha en SM-arrang\u00f6r 2024 p\u00e5 plats. Det h\u00e4r \u00e4r en av de arrang\u00f6rer som har arrangerat gravellopp under l\u00e4ngst tid i Sverige. B\u00e5de banprofilen och de fina omgivningarna har funnits med i beslutet att tilldela Camp Dalsland SM&#8221;, s\u00e4ger Fredrik Kessiakoff som \u00e4r sammankallande i tf grengrupp gravel p\u00e5 Svenska Cykelf\u00f6rbundet.<\/p>\n<p>&#8221;Vi \u00e4r fantastiskt stolta \u00f6ver att f\u00e5 arrangera SM i gravel. Dels f\u00f6r att ett SM alltid \u00e4r ett SM men framf\u00f6r allt f\u00f6r att f\u00e5 bjuda p\u00e5 v\u00e5r Dalsl\u00e4ndska natur till alla duktiga cyklister. Vi kommer att bjuda p\u00e5 en h\u00e4pnadsv\u00e4ckande vacker bana som ringlar sig fram mellan de dalsl\u00e4ndska sj\u00f6arna. Mycket grusv\u00e4g, n\u00e5gra teknikpartier och underbara backar. Om den backen du \u00e4r i tar slut, h\u00e5ll ut, det kommer snart en ny. Vi hoppas det b\u00e5de blir utslagsgivande och r\u00e4ttvisa f\u00f6ruts\u00e4ttningar&#8221;, s\u00e4ger Bo Pettersson som \u00e4r t\u00e4vlingsledare p\u00e5 Dalsland Gravel Race.<\/p><\/blockquote>\n<img loading=\"lazy\" decoding=\"async\" class=\"alignnone size-full wp-image-228\" src=\"https:\/\/scf.se\/gravel\/wp-content\/uploads\/sites\/19\/2023\/10\/marie_leander-6726.jpg\" alt=\"\" width=\"2048\" height=\"1367\" srcset=\"https:\/\/scf.se\/gravel\/wp-content\/uploads\/sites\/19\/2023\/10\/marie_leander-6726.jpg 2048w, https:\/\/scf.se\/gravel\/wp-content\/uploads\/sites\/19\/2023\/10\/marie_leander-6726-300x200.jpg 300w, https:\/\/scf.se\/gravel\/wp-content\/uploads\/sites\/19\/2023\/10\/marie_leander-6726-1024x684.jpg 1024w, https:\/\/scf.se\/gravel\/wp-content\/uploads\/sites\/19\/2023\/10\/marie_leander-6726-768x513.jpg 768w, https:\/\/scf.se\/gravel\/wp-content\/uploads\/sites\/19\/2023\/10\/marie_leander-6726-1536x1025.jpg 1536w\" sizes=\"auto, (max-width: 2048px) 100vw, 2048px\" \/>\n<img loading=\"lazy\" decoding=\"async\" class=\"alignnone size-full wp-image-224\" src=\"https:\/\/scf.se\/gravel\/wp-content\/uploads\/sites\/19\/2023\/10\/marie_leander-7220.jpg\" alt=\"\" width=\"2048\" height=\"1365\" srcset=\"https:\/\/scf.se\/gravel\/wp-content\/uploads\/sites\/19\/2023\/10\/marie_leander-7220.jpg 2048w, https:\/\/scf.se\/gravel\/wp-content\/uploads\/sites\/19\/2023\/10\/marie_leander-7220-300x200.jpg 300w, https:\/\/scf.se\/gravel\/wp-content\/uploads\/sites\/19\/2023\/10\/marie_leander-7220-1024x683.jpg 1024w, https:\/\/scf.se\/gravel\/wp-content\/uploads\/sites\/19\/2023\/10\/marie_leander-7220-768x512.jpg 768w, https:\/\/scf.se\/gravel\/wp-content\/uploads\/sites\/19\/2023\/10\/marie_leander-7220-1536x1024.jpg 1536w\" sizes=\"auto, (max-width: 2048px) 100vw, 2048px\" \/>\u00a0<img loading=\"lazy\" decoding=\"async\" class=\"alignnone size-full wp-image-223\" src=\"https:\/\/scf.se\/gravel\/wp-content\/uploads\/sites\/19\/2023\/10\/marie_leander-7113.jpg\" alt=\"\" width=\"2048\" height=\"1365\" srcset=\"https:\/\/scf.se\/gravel\/wp-content\/uploads\/sites\/19\/2023\/10\/marie_leander-7113.jpg 2048w, https:\/\/scf.se\/gravel\/wp-content\/uploads\/sites\/19\/2023\/10\/marie_leander-7113-300x200.jpg 300w, https:\/\/scf.se\/gravel\/wp-content\/uploads\/sites\/19\/2023\/10\/marie_leander-7113-1024x683.jpg 1024w, https:\/\/scf.se\/gravel\/wp-content\/uploads\/sites\/19\/2023\/10\/marie_leander-7113-768x512.jpg 768w, https:\/\/scf.se\/gravel\/wp-content\/uploads\/sites\/19\/2023\/10\/marie_leander-7113-1536x1024.jpg 1536w\" sizes=\"auto, (max-width: 2048px) 100vw, 2048px\" \/>\n<p>Arrang\u00f6ren vill ge SM-cyklisterna en helhetsupplevelse och l\u00e4gger \u00e4ven kraft p\u00e5 aktiviteter vid sidan om grusv\u00e4garna.<\/p>\n<blockquote><p>&#8221;Vi kommer att bjuda in till f\u00f6rfest dagen innan och naturligtvis ett sk\u00f6nt cykelh\u00e4ng p\u00e5 kv\u00e4llen efter t\u00e4vlingen. En helhelg f\u00f6r oss som gillar att cykla helt enkelt. Vi rustar Bengtsfors f\u00f6r b\u00e5de t\u00e4vling och fest den 21 september&#8221;, s\u00e4ger Bo Pettersson.<\/p><\/blockquote>\n<ul>\n<li><a href=\"https:\/\/www.campdalsland.se\/loppen\/gravel-race-2\/\"><em><strong>L\u00e4s mera om n\u00e4sta \u00e5rs upplaga av Dalsland Gravel Race och kolla in terr\u00e4ngen h\u00e4r!<\/strong><\/em><\/a><\/li>\n<\/ul>\n<p>Vi \u00e5terkommer till banl\u00e4ngd och exakt vilka klasser som kommer att ing\u00e5. \u00c4r man intresserad s\u00e5 finns en GPX fil f\u00f6r nedladdning p\u00e5 arrang\u00f6rens hemsida. Dock ska den anses som prelimin\u00e4r eftersom man troligtvis kommer g\u00f6ra n\u00e5gra mindre justeringar.<\/p>\n<blockquote><p>&#8221;Klasserna kommer i stort sett vara som 2023, m\u00f6jligen med en anpassning beroende p\u00e5 om UCI g\u00f6r en f\u00f6r\u00e4ndring. Dessutom f\u00f6rs det en diskussion om att k\u00f6ra en juniorklass p\u00e5 SM men det f\u00e5r vi \u00e5terkomma till&#8221;, s\u00e4ger Fredrik Kessiakoff.<\/p><\/blockquote>\n<p>Dessutom finns det l\u00e5ngt g\u00e5ngna planer p\u00e5 tre SWE Cup-delt\u00e4vlingar gravel under n\u00e4sta \u00e5r d\u00e4r i s\u00e5 fall SM blir en av dem. Vi kommer att presentera datum och \u00f6vriga tv\u00e5 orter f\u00f6r hela SWE Cup 2024 i gravel inom kort h\u00e4r \u00e5p SCF.se och i v\u00e5ra sociala medier.<\/p>\n<p><em>Text: SCF<br \/>\nFoto: Marie Leander<br \/>\n<\/em><\/p>\n<hr \/>\n<p><em><strong>Svenska Cykelf\u00f6rbundet \u00e4r stolta \u00f6ver att presentera v\u00e5ra samarbetspartners.\u00a0<\/strong><\/em><\/p>\n<h2><a href=\"https:\/\/scf.se\/forbundet\/sponsorer\/\"><img loading=\"lazy\" decoding=\"async\" class=\"alignnone size-full wp-image-3872\" src=\"https:\/\/scf.se\/landsvag\/wp-content\/uploads\/sites\/5\/2023\/02\/LiggandeBannerNyheterHemsida2023.png\" alt=\"\" width=\"1200\" height=\"200\" \/><\/a><\/h2>\n<p>&nbsp;<\/p>\n<p>&nbsp;<\/p>\n<p>&nbsp;<\/p>\n<p>&nbsp;<\/p>\n","protected":false},"excerpt":{"rendered":"<p>Utmanande och kuperad terr\u00e4ng och storslagen natur. Det \u00e4r nu klart att historiens andra gravel-SM kommer att avg\u00f6ras i samband med Dalsland Gravel Race l\u00f6rdag 21 september 2024. T\u00e4vlingsledaren Bo Petterson utlovar en &#8221;h\u00e4pnadsv\u00e4ckande vacker bana som ringlar sig fram mellan de dalsl\u00e4ndska sj\u00f6arna&#8221; samt \u00e4ven f\u00f6rfest dagen innan och sk\u00f6nt cykelh\u00e4ng p\u00e5 kv\u00e4llen<a href=\"https:\/\/scf.se\/gravel\/2023\/10\/20\/klart-for-cykelfest-gravel-sm-2024-kors-vid-dalsland-gravel-race\/\" class=\"news-card__more\"> &#8230;<\/a><\/p>\n","protected":false},"author":41,"featured_media":217,"comment_status":"open","ping_status":"open","sticky":false,"template":"","format":"standard","meta":{"_acf_changed":false,"footnotes":""},"categories":[1],"tags":[],"class_list":["post-215","post","type-post","status-publish","format-standard","hentry","category-okategoriserade"],"acf":[],"_links":{"self":[{"href":"https:\/\/scf.se\/gravel\/wp-json\/wp\/v2\/posts\/215","targetHints":{"allow":["GET"]}}],"collection":[{"href":"https:\/\/scf.se\/gravel\/wp-json\/wp\/v2\/posts"}],"about":[{"href":"https:\/\/scf.se\/gravel\/wp-json\/wp\/v2\/types\/post"}],"author":[{"embeddable":true,"href":"https:\/\/scf.se\/gravel\/wp-json\/wp\/v2\/users\/41"}],"replies":[{"embeddable":true,"href":"https:\/\/scf.se\/gravel\/wp-json\/wp\/v2\/comments?post=215"}],"version-history":[{"count":0,"href":"https:\/\/scf.se\/gravel\/wp-json\/wp\/v2\/posts\/215\/revisions"}],"wp:featuredmedia":[{"embeddable":true,"href":"https:\/\/scf.se\/gravel\/wp-json\/wp\/v2\/media\/217"}],"wp:attachment":[{"href":"https:\/\/scf.se\/gravel\/wp-json\/wp\/v2\/media?parent=215"}],"wp:term":[{"taxonomy":"category","embeddable":true,"href":"https:\/\/scf.se\/gravel\/wp-json\/wp\/v2\/categories?post=215"},{"taxonomy":"post_tag","embeddable":true,"href":"https:\/\/scf.se\/gravel\/wp-json\/wp\/v2\/tags?post=215"}],"curies":[{"name":"wp","href":"https:\/\/api.w.org\/{rel}","templated":true}]}}