
{"id":158,"date":"2023-10-02T10:38:41","date_gmt":"2023-10-02T08:38:41","guid":{"rendered":"https:\/\/scf.se\/gravel\/?p=158"},"modified":"2023-10-02T15:36:44","modified_gmt":"2023-10-02T13:36:44","slug":"amanda-bohlin-stark-aven-i-gravel-14e-i-vasst-startfalt-pa-em","status":"publish","type":"post","link":"https:\/\/scf.se\/gravel\/2023\/10\/02\/amanda-bohlin-stark-aven-i-gravel-14e-i-vasst-startfalt-pa-em\/","title":{"rendered":"Amanda Bohlin \u00e4r stark \u00e4ven i gravel \u2013 slutade 14:e i vasst startf\u00e4lt p\u00e5 EM"},"content":{"rendered":"<p><strong>Amanda Bohlin, som vann Cykelvasan och XCM-SM i mountainbike, \u00e4r vass \u00e4ven i gravel och var 14:e p\u00e5 EM som avgjordes i Oud-Heverlee utanf\u00f6r Leuven i Belgien. Fina insatser \u00e4ven av Clara Lundmark och Mika S\u00f6derstr\u00f6m i damelit. Tv\u00e5 svenska bronsmedaljer i \u00e5ldersklasserna genom Maja Johansson och Bo Dertell samt lika m\u00e5nga fj\u00e4rdeplatser.<\/strong><\/p>\n<p>I damelit hade vi fyra svenska startande; Hanna Johansson, Amanda Bohlin, Clara Lundmark och Mika S\u00f6derstr\u00f6m.<\/p>\n<p>I age group hade vi nio cyklister till start; Karolina Reinhold, Maja Johansson, Lovisa Nyman, \u00c5sa Hjalmarsson, Bj\u00f6rn Drakenward, Bo Dertell, Rolf Berglund, H\u00e5kan Samuelsson, G\u00f6ran Lennartsson.<\/p>\n<p>Loppet blev ungef\u00e4r som f\u00f6rv\u00e4ntat med h\u00f6gt tempo fr\u00e5n start. Ganska tidigt blandades klasserna ihop och det blev en t\u00e4vling med mixade klasser.<\/p>\n<p>Amanda Bohlin, som f\u00f6rst denna s\u00e4song har bytt fullt ut fr\u00e5n triathlon till olika l\u00e5nglopp p\u00e5 cykel d\u00e4r segrarna p\u00e5 Cykelvasan och XCM-SM sticker ut, visade styrka fr\u00e5n start och l\u00e5g bra placerad l\u00e4nge.<\/p>\n<p>Mot slutet av loppet tappade hon placeringar, men lyckades v\u00e4nda trenden och tog placeringar mot slutet. Amanda kom in p\u00e5 en 14:e plats vilket \u00e4r mycket meriterande i detta starka startf\u00e4lt d\u00e4r Lorena Wiebes vann den nederl\u00e4ndska EM-guldkampen i spurten mot Fem van Empel. Vann loppet gjorde Tiffany Cromwell, som \u00e4r australiensare och inte k\u00f6rde om EM-medaljerna.<\/p>\n<img loading=\"lazy\" decoding=\"async\" class=\"alignnone size-full wp-image-171\" src=\"https:\/\/scf.se\/gravel\/wp-content\/uploads\/sites\/19\/2023\/10\/IMG-6619.jpg\" alt=\"\" width=\"2300\" height=\"2415\" srcset=\"https:\/\/scf.se\/gravel\/wp-content\/uploads\/sites\/19\/2023\/10\/IMG-6619.jpg 2300w, https:\/\/scf.se\/gravel\/wp-content\/uploads\/sites\/19\/2023\/10\/IMG-6619-286x300.jpg 286w, https:\/\/scf.se\/gravel\/wp-content\/uploads\/sites\/19\/2023\/10\/IMG-6619-975x1024.jpg 975w, https:\/\/scf.se\/gravel\/wp-content\/uploads\/sites\/19\/2023\/10\/IMG-6619-768x806.jpg 768w, https:\/\/scf.se\/gravel\/wp-content\/uploads\/sites\/19\/2023\/10\/IMG-6619-1463x1536.jpg 1463w, https:\/\/scf.se\/gravel\/wp-content\/uploads\/sites\/19\/2023\/10\/IMG-6619-1950x2048.jpg 1950w\" sizes=\"auto, (max-width: 2300px) 100vw, 2300px\" \/>\n<img loading=\"lazy\" decoding=\"async\" class=\"alignnone size-full wp-image-172\" src=\"https:\/\/scf.se\/gravel\/wp-content\/uploads\/sites\/19\/2023\/10\/IMG-6617-1.jpg\" alt=\"\" width=\"1725\" height=\"2300\" srcset=\"https:\/\/scf.se\/gravel\/wp-content\/uploads\/sites\/19\/2023\/10\/IMG-6617-1.jpg 1725w, https:\/\/scf.se\/gravel\/wp-content\/uploads\/sites\/19\/2023\/10\/IMG-6617-1-225x300.jpg 225w, https:\/\/scf.se\/gravel\/wp-content\/uploads\/sites\/19\/2023\/10\/IMG-6617-1-768x1024.jpg 768w, https:\/\/scf.se\/gravel\/wp-content\/uploads\/sites\/19\/2023\/10\/IMG-6617-1-1152x1536.jpg 1152w, https:\/\/scf.se\/gravel\/wp-content\/uploads\/sites\/19\/2023\/10\/IMG-6617-1-1536x2048.jpg 1536w\" sizes=\"auto, (max-width: 1725px) 100vw, 1725px\" \/> <img loading=\"lazy\" decoding=\"async\" class=\"alignnone size-full wp-image-170\" src=\"https:\/\/scf.se\/gravel\/wp-content\/uploads\/sites\/19\/2023\/10\/IMG-6612.jpg\" alt=\"\" width=\"1725\" height=\"2300\" srcset=\"https:\/\/scf.se\/gravel\/wp-content\/uploads\/sites\/19\/2023\/10\/IMG-6612.jpg 1725w, https:\/\/scf.se\/gravel\/wp-content\/uploads\/sites\/19\/2023\/10\/IMG-6612-225x300.jpg 225w, https:\/\/scf.se\/gravel\/wp-content\/uploads\/sites\/19\/2023\/10\/IMG-6612-768x1024.jpg 768w, https:\/\/scf.se\/gravel\/wp-content\/uploads\/sites\/19\/2023\/10\/IMG-6612-1152x1536.jpg 1152w, https:\/\/scf.se\/gravel\/wp-content\/uploads\/sites\/19\/2023\/10\/IMG-6612-1536x2048.jpg 1536w\" sizes=\"auto, (max-width: 1725px) 100vw, 1725px\" \/> <img loading=\"lazy\" decoding=\"async\" class=\"alignnone size-full wp-image-169\" src=\"https:\/\/scf.se\/gravel\/wp-content\/uploads\/sites\/19\/2023\/10\/IMG-6621.jpg\" alt=\"\" width=\"2300\" height=\"1725\" srcset=\"https:\/\/scf.se\/gravel\/wp-content\/uploads\/sites\/19\/2023\/10\/IMG-6621.jpg 2300w, https:\/\/scf.se\/gravel\/wp-content\/uploads\/sites\/19\/2023\/10\/IMG-6621-300x225.jpg 300w, https:\/\/scf.se\/gravel\/wp-content\/uploads\/sites\/19\/2023\/10\/IMG-6621-1024x768.jpg 1024w, https:\/\/scf.se\/gravel\/wp-content\/uploads\/sites\/19\/2023\/10\/IMG-6621-768x576.jpg 768w, https:\/\/scf.se\/gravel\/wp-content\/uploads\/sites\/19\/2023\/10\/IMG-6621-1536x1152.jpg 1536w, https:\/\/scf.se\/gravel\/wp-content\/uploads\/sites\/19\/2023\/10\/IMG-6621-2048x1536.jpg 2048w\" sizes=\"auto, (max-width: 2300px) 100vw, 2300px\" \/> <img loading=\"lazy\" decoding=\"async\" class=\"alignnone size-full wp-image-162\" src=\"https:\/\/scf.se\/gravel\/wp-content\/uploads\/sites\/19\/2023\/10\/IMG-6615-1.jpg\" alt=\"\" width=\"1650\" height=\"2200\" srcset=\"https:\/\/scf.se\/gravel\/wp-content\/uploads\/sites\/19\/2023\/10\/IMG-6615-1.jpg 1650w, https:\/\/scf.se\/gravel\/wp-content\/uploads\/sites\/19\/2023\/10\/IMG-6615-1-225x300.jpg 225w, https:\/\/scf.se\/gravel\/wp-content\/uploads\/sites\/19\/2023\/10\/IMG-6615-1-768x1024.jpg 768w, https:\/\/scf.se\/gravel\/wp-content\/uploads\/sites\/19\/2023\/10\/IMG-6615-1-1152x1536.jpg 1152w, https:\/\/scf.se\/gravel\/wp-content\/uploads\/sites\/19\/2023\/10\/IMG-6615-1-1536x2048.jpg 1536w\" sizes=\"auto, (max-width: 1650px) 100vw, 1650px\" \/> <img loading=\"lazy\" decoding=\"async\" class=\"alignnone size-full wp-image-167\" src=\"https:\/\/scf.se\/gravel\/wp-content\/uploads\/sites\/19\/2023\/10\/efter.jpg\" alt=\"\" width=\"1948\" height=\"2300\" srcset=\"https:\/\/scf.se\/gravel\/wp-content\/uploads\/sites\/19\/2023\/10\/efter.jpg 1948w, https:\/\/scf.se\/gravel\/wp-content\/uploads\/sites\/19\/2023\/10\/efter-254x300.jpg 254w, https:\/\/scf.se\/gravel\/wp-content\/uploads\/sites\/19\/2023\/10\/efter-867x1024.jpg 867w, https:\/\/scf.se\/gravel\/wp-content\/uploads\/sites\/19\/2023\/10\/efter-768x907.jpg 768w, https:\/\/scf.se\/gravel\/wp-content\/uploads\/sites\/19\/2023\/10\/efter-1301x1536.jpg 1301w, https:\/\/scf.se\/gravel\/wp-content\/uploads\/sites\/19\/2023\/10\/efter-1735x2048.jpg 1735w\" sizes=\"auto, (max-width: 1948px) 100vw, 1948px\" \/>\n<p>Clara Lundmark gjorde ett stabilt lopp och blev 24:a. Mika S\u00f6derstr\u00f6m gjorde ocks\u00e5 ett bra lopp och k\u00f6rde in p\u00e5 en 30:e plats \u2013 d\u00e4rmed ocks\u00e5 hon p\u00e5 \u00f6vre halvan i startf\u00e4ltet.<br \/>\nHanna Johansson klev av efter tv\u00e5 varv med en k\u00e4nsla i kroppen som inte var riktigt bra. Hon valde att ta det s\u00e4kra f\u00f6re det os\u00e4kra och klev av f\u00f6r att inte riskera VM-starten i helgen som kommer.<\/p>\n<h3>Gravel-EM damelit<\/h3>\n<ul>\n<li>1<strong> Lorena Wiebes<\/strong>, Nederl\u00e4nderna 3.50.14<\/li>\n<li>2 <strong>Fem van Empel<\/strong>, Nederl\u00e4nderna +0<\/li>\n<li>3 <strong>Elena Checchini,<\/strong> Italien +0.02<\/li>\n<li>14 <strong>Amanda Bohlin,<\/strong> Sverige +17:37<\/li>\n<li>23 <strong>Clara Lundmark,<\/strong> Sverige +23:15<\/li>\n<li>29 <strong>Mika S\u00f6derstr\u00f6m<\/strong>, Sverige +33:30<\/li>\n<li>DNF<strong> Hanna Johansson<\/strong>, Sverige<\/li>\n<\/ul>\n<p>Europam\u00e4staren p\u00e5 herrsidan d\u00e4r det inte fanns svenskt deltagande i seniorelit blev belgaren Jasper Stuyven. Noteras: STOR hemmadominans.<\/p>\n<img loading=\"lazy\" decoding=\"async\" class=\"alignnone size-full wp-image-168\" src=\"https:\/\/scf.se\/gravel\/wp-content\/uploads\/sites\/19\/2023\/10\/bo.jpg\" alt=\"\" width=\"1536\" height=\"1385\" srcset=\"https:\/\/scf.se\/gravel\/wp-content\/uploads\/sites\/19\/2023\/10\/bo.jpg 1536w, https:\/\/scf.se\/gravel\/wp-content\/uploads\/sites\/19\/2023\/10\/bo-300x271.jpg 300w, https:\/\/scf.se\/gravel\/wp-content\/uploads\/sites\/19\/2023\/10\/bo-1024x923.jpg 1024w, https:\/\/scf.se\/gravel\/wp-content\/uploads\/sites\/19\/2023\/10\/bo-768x693.jpg 768w\" sizes=\"auto, (max-width: 1536px) 100vw, 1536px\" \/>\n<p>I age group-loppen m\u00e4rks att Maja Johansson blev trea och Lovisa Nyman i \u00e5ldersklass 19\u201334. Kul! Brons ocks\u00e5 till regerande v\u00e4rldsm\u00e4staren Bo Dertell i herrar 65\u201379. Karolina Reinhold var fyra i damer 45\u201349.<\/p>\n<ul>\n<li><a href=\"https:\/\/www.uec.ch\/en\/event\/212\/2023-uec-gravel-european-championships\"><em><strong>Alla resultat fr\u00e5n gravel-EM h\u00e4r!<\/strong><\/em><\/a><\/li>\n<\/ul>\n<p>Tidernas f\u00f6rsta officiella gravel-EM var ett utm\u00e4rkt genrep f\u00f6r VM i Italien som avg\u00f6rs 7\u20138 oktober. Av de uttagna som vi har presenterat sedan tidigare avst\u00e5r Tilde Hammarstr\u00f6m, Vincents CC, deltagande p\u00e5 grund av skada.<\/p>\n<p>H\u00e4r \u00e4r alla cyklister som k\u00f6r f\u00f6r Sverige i elitklasserna i Treviso, damerna p\u00e5 l\u00f6rdagen och herrarnas lopp avg\u00f6rs under s\u00f6ndagen.<\/p>\n<h3>VM-truppen damer elit<\/h3>\n<ul>\n<li><strong>Hanna Johansson<\/strong>, Baroudeur Fietsclub<\/li>\n<li><strong>Amanda Bohlin,<\/strong> CK Hymer<\/li>\n<li><strong>Hanna Nilsson<\/strong>, \u00c5hus Cykelklubb<\/li>\n<li><strong>Clara Lundmark,<\/strong> Norbergs CK<\/li>\n<\/ul>\n<h3>VM-truppen herrar elit<\/h3>\n<ul>\n<li><strong>Johan Nor\u00e9n, <\/strong>Serneke Allebike CK<\/li>\n<li><strong>Michael Tjulander,<\/strong> CK Sundet<\/li>\n<li><strong>Richard Lars\u00e9n<\/strong>,\u00a0Motala AIF Serneke Allebike<\/li>\n<li><strong>Eric Pedersen<\/strong>, Motala AIF Serneke Allebike<\/li>\n<\/ul>\n<p><em>Text och foto: SCF<br \/>\n<\/em><\/p>\n<hr \/>\n<p><em><strong>Svenska Cykelf\u00f6rbundet \u00e4r stolta \u00f6ver att presentera v\u00e5ra samarbetspartners. Tack vare dessa fantastiska f\u00f6retag kan v\u00e5ra cyklister oftare ta sig l\u00e4ngre ut i v\u00e4rlden.<\/strong><\/em><\/p>\n<h2><a href=\"https:\/\/scf.se\/forbundet\/sponsorer\/\"><img loading=\"lazy\" decoding=\"async\" class=\"alignnone size-full wp-image-3872\" src=\"https:\/\/scf.se\/landsvag\/wp-content\/uploads\/sites\/5\/2023\/02\/LiggandeBannerNyheterHemsida2023.png\" alt=\"\" width=\"1200\" height=\"200\" \/><\/a><\/h2>\n","protected":false},"excerpt":{"rendered":"<p>Amanda Bohlin, som vann Cykelvasan och XCM-SM i mountainbike, \u00e4r vass \u00e4ven i gravel och var 14:e p\u00e5 EM som avgjordes i Oud-Heverlee utanf\u00f6r Leuven i Belgien. Fina insatser \u00e4ven av Clara Lundmark och Mika S\u00f6derstr\u00f6m i damelit. Tv\u00e5 svenska bronsmedaljer i \u00e5ldersklasserna genom Maja Johansson och Bo Dertell samt lika m\u00e5nga fj\u00e4rdeplatser. I<a href=\"https:\/\/scf.se\/gravel\/2023\/10\/02\/amanda-bohlin-stark-aven-i-gravel-14e-i-vasst-startfalt-pa-em\/\" class=\"news-card__more\"> &#8230;<\/a><\/p>\n","protected":false},"author":41,"featured_media":165,"comment_status":"open","ping_status":"open","sticky":false,"template":"","format":"standard","meta":{"_acf_changed":false,"footnotes":""},"categories":[1],"tags":[],"class_list":["post-158","post","type-post","status-publish","format-standard","hentry","category-okategoriserade"],"acf":[],"_links":{"self":[{"href":"https:\/\/scf.se\/gravel\/wp-json\/wp\/v2\/posts\/158","targetHints":{"allow":["GET"]}}],"collection":[{"href":"https:\/\/scf.se\/gravel\/wp-json\/wp\/v2\/posts"}],"about":[{"href":"https:\/\/scf.se\/gravel\/wp-json\/wp\/v2\/types\/post"}],"author":[{"embeddable":true,"href":"https:\/\/scf.se\/gravel\/wp-json\/wp\/v2\/users\/41"}],"replies":[{"embeddable":true,"href":"https:\/\/scf.se\/gravel\/wp-json\/wp\/v2\/comments?post=158"}],"version-history":[{"count":0,"href":"https:\/\/scf.se\/gravel\/wp-json\/wp\/v2\/posts\/158\/revisions"}],"wp:featuredmedia":[{"embeddable":true,"href":"https:\/\/scf.se\/gravel\/wp-json\/wp\/v2\/media\/165"}],"wp:attachment":[{"href":"https:\/\/scf.se\/gravel\/wp-json\/wp\/v2\/media?parent=158"}],"wp:term":[{"taxonomy":"category","embeddable":true,"href":"https:\/\/scf.se\/gravel\/wp-json\/wp\/v2\/categories?post=158"},{"taxonomy":"post_tag","embeddable":true,"href":"https:\/\/scf.se\/gravel\/wp-json\/wp\/v2\/tags?post=158"}],"curies":[{"name":"wp","href":"https:\/\/api.w.org\/{rel}","templated":true}]}}