
{"id":145,"date":"2023-09-19T12:29:11","date_gmt":"2023-09-19T10:29:11","guid":{"rendered":"https:\/\/scf.se\/gravel\/?p=145"},"modified":"2023-09-19T14:58:47","modified_gmt":"2023-09-19T12:58:47","slug":"eric-pedersen-och-richard-larsen-uttagna-till-sitt-andra-gravel-vm","status":"publish","type":"post","link":"https:\/\/scf.se\/gravel\/2023\/09\/19\/eric-pedersen-och-richard-larsen-uttagna-till-sitt-andra-gravel-vm\/","title":{"rendered":"Eric Pedersen och Richard Lars\u00e9n uttagna till sitt andra gravel-VM"},"content":{"rendered":"<p><strong>Ytterligare tv\u00e5 cyklister klara f\u00f6r gravel-VM i elitklassen. Det blir f\u00f6rra \u00e5rets VM-cyklister i herrarnas elitklass, unga Eric Pedersen och rutinerade Richard Lars\u00e9n, som f\u00e5r de tv\u00e5 sista platserna i det svenska VM-laget till Italien 7\u20138 oktober.<\/strong><\/p>\n<p>Som meddelats tidigare fanns ytterligare en cyklist som uttagningskommitt\u00e9n f\u00f6ljt och f\u00f6rt en dialog med, n\u00e4mligen Richard Lars\u00e9n, som t\u00e4vlar f\u00f6r Motala AIF Serneke Allebike p\u00e5 landsv\u00e4g och Serneke Allebike CK n\u00e4r det g\u00e4ller XCM. Richard har nu erbjudits att ing\u00e5 i elittruppen att representera Sverige vid gravel-VM i italienska Treviso.<\/p>\n<p>Uttagningskommitt\u00e9n best\u00e5r av Anna \u00d6hrstr\u00f6m, f\u00f6rbundskapten gravel, Fredrik Kessiakoff, sammankallande grengrupp gravel samt Peter Larsson, tidigare SCF samordnare Gravel-VM 2022. De motiverar uttagningen s\u00e5 h\u00e4r:<\/p>\n<blockquote><p>&#8221;Richard visar p\u00e5 god form och har i helgen hunnit k\u00f6ra ytterligare en t\u00e4vling. En tuff delt\u00e4vling i v\u00e4rldscupens XCM och har d\u00e4rmed f\u00e5tt en bra genomk\u00f6rare till v\u00e4rldsm\u00e4sterskapen om knappt tre veckor. I fredags kom besked fr\u00e5n UCI om m\u00e4sterskapets bankarakt\u00e4r, en bana som vi tror kan passa Lars\u00e9n mycket bra och d\u00e4r han kan ha goda f\u00f6ruts\u00e4ttningar till en bra prestation.&#8221;<\/p><\/blockquote>\n<p>Lars\u00e9n var 35:a i det d\u00e4r XCM-v\u00e4rldscuploppet. Ut\u00f6ver Richard har det \u00e4ven funnits en underhandskontakt med ytterligare en \u00e5kare, snart 20-\u00e5riga Eric Pedersen, som gjorde ett piggt VM-lopp under 2022\u00a0 \u2013 f\u00f6rsta \u00e5ret ett officiellt gravel-VM arrangerades.<\/p>\n<p>Eric t\u00e4vlar \u00e4ven han f\u00f6r det UCI-registrerade laget Motala AIF Serneke Allebike och enligt Internationella cykelf\u00f6rbundets reglemente f\u00e5r han d\u00e4rf\u00f6r inte delta i \u00e5ldersgruppsklass. Uttagningskommitt\u00e9n v\u00e4ljer att ta ut \u00e4ven Eric i elittruppen.<\/p>\n<blockquote><p>&#8221;Vi har tagit h\u00e4nsyn till hans goda vilja att k\u00f6ra gravel-SM i \u00e5r, dit han var anm\u00e4ld, men tyv\u00e4rr inte kunde komma till start d\u00e5 m\u00e4sterskapet kolliderade med annan t\u00e4vling f\u00f6r hans UCI-lag. Vi har f\u00f6rst\u00e5else f\u00f6r att lagets planerade race kan beh\u00f6va prioriteras. Eric kommer \u00e4ven att k\u00f6ra gravel-EM helgen f\u00f6re VM och vi ser bara positivt p\u00e5 att ge honom m\u00f6jligheten att komma till start i VM \u00e4ven i \u00e5r, d\u00e5 han ifjol k\u00f6rde i elitklassen som den yngsta deltagaren.&#8221;<\/p><\/blockquote>\n<h3>VM-truppen damer elit<\/h3>\n<ul>\n<li><strong>Hanna Johansson<\/strong>, Baroudeur Fietsclub<\/li>\n<li><strong>Amanda Bohlin,<\/strong> CK Hymer<\/li>\n<li><strong>Hanna Nilsson<\/strong>, \u00c5hus Cykelklubb<\/li>\n<li><strong>Clara Lundmark,<\/strong> Norbergs CK<\/li>\n<li><strong>Tilde Hammarstr\u00f6m<\/strong>, Vincents CC<\/li>\n<\/ul>\n<h3>VM-truppen herrar elit<\/h3>\n<ul>\n<li><strong>Johan Nor\u00e9n,<\/strong> Serneke Allebike CK<\/li>\n<li><strong>Michael Tjulander,<\/strong> Cykelklubben Sundet<\/li>\n<li><strong>Richard Lars\u00e9n<\/strong>, Motala AIF Serneke Allebike<\/li>\n<li><strong>Eric Pedersen<\/strong>, Motala AIF Serneke Allebike<\/li>\n<\/ul>\n<p>Detta inneb\u00e4r att samtliga cyklister som anm\u00e4lt intresse f\u00f6r att k\u00f6ra Gravel VM b\u00e5de i seniorelit och agegroup nu f\u00e5r chansen att delta. Damerna (elit och alla \u00e5ldersklasser) samt herrarna i \u00e5ldersklasserna 50+ kommer att t\u00e4vla i Treviso l\u00f6rdag 7 oktober. De \u00e5terst\u00e5ende herrkategorierna (elit och \u00e5ldersgrupperna 19\u201349 \u00e5r) t\u00e4vlar s\u00f6ndag 8 oktober.<\/p>\n<p><em>Text och arkivbild: SCF<\/em><\/p>\n<hr \/>\n<p><em><strong>Svenska Cykelf\u00f6rbundet \u00e4r stolta \u00f6ver att presentera v\u00e5ra samarbetspartners. Tack vare dessa fantastiska f\u00f6retag kan v\u00e5ra cyklister oftare ta sig l\u00e4ngre ut i v\u00e4rlden.<\/strong><\/em><\/p>\n<h2><a href=\"https:\/\/scf.se\/forbundet\/sponsorer\/\"><img loading=\"lazy\" decoding=\"async\" class=\"alignnone size-full wp-image-3872\" src=\"https:\/\/scf.se\/landsvag\/wp-content\/uploads\/sites\/5\/2023\/02\/LiggandeBannerNyheterHemsida2023.png\" alt=\"\" width=\"1200\" height=\"200\" \/><\/a><\/h2>\n<p>&nbsp;<\/p>\n","protected":false},"excerpt":{"rendered":"<p>Ytterligare tv\u00e5 cyklister klara f\u00f6r gravel-VM i elitklassen. Det blir f\u00f6rra \u00e5rets VM-cyklister i herrarnas elitklass, unga Eric Pedersen och rutinerade Richard Lars\u00e9n, som f\u00e5r de tv\u00e5 sista platserna i det svenska VM-laget till Italien 7\u20138 oktober. Som meddelats tidigare fanns ytterligare en cyklist som uttagningskommitt\u00e9n f\u00f6ljt och f\u00f6rt en dialog med, n\u00e4mligen Richard<a href=\"https:\/\/scf.se\/gravel\/2023\/09\/19\/eric-pedersen-och-richard-larsen-uttagna-till-sitt-andra-gravel-vm\/\" class=\"news-card__more\"> &#8230;<\/a><\/p>\n","protected":false},"author":41,"featured_media":149,"comment_status":"open","ping_status":"open","sticky":false,"template":"","format":"standard","meta":{"_acf_changed":false,"footnotes":""},"categories":[1],"tags":[],"class_list":["post-145","post","type-post","status-publish","format-standard","hentry","category-okategoriserade"],"acf":[],"_links":{"self":[{"href":"https:\/\/scf.se\/gravel\/wp-json\/wp\/v2\/posts\/145","targetHints":{"allow":["GET"]}}],"collection":[{"href":"https:\/\/scf.se\/gravel\/wp-json\/wp\/v2\/posts"}],"about":[{"href":"https:\/\/scf.se\/gravel\/wp-json\/wp\/v2\/types\/post"}],"author":[{"embeddable":true,"href":"https:\/\/scf.se\/gravel\/wp-json\/wp\/v2\/users\/41"}],"replies":[{"embeddable":true,"href":"https:\/\/scf.se\/gravel\/wp-json\/wp\/v2\/comments?post=145"}],"version-history":[{"count":0,"href":"https:\/\/scf.se\/gravel\/wp-json\/wp\/v2\/posts\/145\/revisions"}],"wp:featuredmedia":[{"embeddable":true,"href":"https:\/\/scf.se\/gravel\/wp-json\/wp\/v2\/media\/149"}],"wp:attachment":[{"href":"https:\/\/scf.se\/gravel\/wp-json\/wp\/v2\/media?parent=145"}],"wp:term":[{"taxonomy":"category","embeddable":true,"href":"https:\/\/scf.se\/gravel\/wp-json\/wp\/v2\/categories?post=145"},{"taxonomy":"post_tag","embeddable":true,"href":"https:\/\/scf.se\/gravel\/wp-json\/wp\/v2\/tags?post=145"}],"curies":[{"name":"wp","href":"https:\/\/api.w.org\/{rel}","templated":true}]}}