
{"id":118,"date":"2023-08-07T10:43:32","date_gmt":"2023-08-07T08:43:32","guid":{"rendered":"https:\/\/scf.se\/gravel\/?p=118"},"modified":"2023-09-14T15:37:30","modified_gmt":"2023-09-14T13:37:30","slug":"uttagningskriterier-for-gravel-vm-och-representera-landslaget-vid-em","status":"publish","type":"post","link":"https:\/\/scf.se\/gravel\/2023\/08\/07\/uttagningskriterier-for-gravel-vm-och-representera-landslaget-vid-em\/","title":{"rendered":"Uttagningskriterier f\u00f6r gravel-VM och representera landslaget vid EM"},"content":{"rendered":"<p><strong>Cyklister som uttagningskommitt\u00e9n gravel anser uppfylla n\u00e5gon eller flera av kriterierna nedan kommer att erbjudas att representera Sverige vid Europam\u00e4sterskapen i belgiska Oud-Heverlee 1 oktober och\/eller V\u00e4rldsm\u00e4sterskapen i italienska Veneto den 7\u20138 oktober 2023.<\/strong><\/p>\n<h3><strong>Uttagningskommitt\u00e9n<\/strong><\/h3>\n<p>Uttagningarna meddelas ca 3 veckor f\u00f6re m\u00e4sterskapet och g\u00f6rs av representanter fr\u00e5n grengrupp Gravel genom Anna \u00d6hrstr\u00f6m, f\u00f6rbundskapten, Fredrik Kessiakoff, key account manager SCF samt Peter Larsson, SCF samordnare Gravel-VM 2022.<\/p>\n<h3><strong>Uttagningskommitt\u00e9n kommer att beakta<\/strong><\/h3>\n<ul>\n<li>Cyklistens resultat (placering, tidsdifferens, antal startande) i internationella delt\u00e4vlingar i Trek UCI Gravel World Series 2023.<\/li>\n<li>Resultat i Svenska M\u00e4sterskapen i gravel 2023.<\/li>\n<li>Om aktuellt, kommer kommitt\u00e9n \u00e4ven att titta p\u00e5 relevanta resultat i v\u00e4rldscup -och m\u00e4sterskapssammanhang i grenarna CX, XCO, XCM och Lvg.<\/li>\n<\/ul>\n<h3><strong>Intresseanm\u00e4lan n\u00f6dv\u00e4ndig<br \/>\n<\/strong><\/h3>\n<p>Cyklist som vill delta i VM (och representera Sverige vid EM) som anser sig ha de resultat som kr\u00e4vs enligt ovan uttagningskriterier b\u00f6r skicka intresseanm\u00e4lan till f\u00f6rbundskaptenen (<a href=\"mailto:anna.ohrstrom@scf.se\">anna.ohrstrom@scf.se<\/a>) senast 1 september f\u00f6r att kunna bli uttagen. De svenska m\u00e4starna (dam och herr) blir direktkvalificerade till VM av UCI.<\/p>\n<h3><strong>EM \u00f6ppet f\u00f6r alla<br \/>\n<\/strong><\/h3>\n<p>UEC (Europeiska cykelf\u00f6rbundet) har inte samma krav som UCI p\u00e5 att anm\u00e4lan till Elit-klasserna ska g\u00f6ras av det nationella f\u00f6rbundet. Beh\u00f6riga cyklister kan anm\u00e4la sig sj\u00e4lva till EM direkt hos arrang\u00f6ren, \u00e4ven de som avser k\u00f6ra Elit-klass. Trots detta kommer uttagningskommitt\u00e9n erbjuda de uttagna cyklisterna till VM samma uppl\u00e4gg vid EM. L\u00e4s mer om anm\u00e4lan hos arrang\u00f6ren: <a href=\"https:\/\/gravelchampionshipsflanders.com\/en\/registrations\/\">Registrations &#8211; Gravel Championships Flanders 2023<\/a><\/p>\n<h3><strong>Gravel \u2013 ny gren inom cykel<br \/>\n<\/strong><\/h3>\n<p>D\u00e5 gravel \u00e4r en ny gren inom cykling, kommer uttagningskriterierna vara f\u00f6r\u00e4nderliga i takt med att grenen etableras. Till \u00e5rets EM \u2013 och VM-representation kommer uttagna cyklister f\u00e5 anm\u00e4lningsavgiften betald av SCF, l\u00e5n av landslagskl\u00e4der samt viss support av ledare p\u00e5 plats. Resa och boende betalas och arrangeras av cyklisten sj\u00e4lv.<\/p>\n<p><em>Text: Grengrupp gravel\/SCF<\/em><\/p>\n","protected":false},"excerpt":{"rendered":"<p>Cyklister som uttagningskommitt\u00e9n gravel anser uppfylla n\u00e5gon eller flera av kriterierna nedan kommer att erbjudas att representera Sverige vid Europam\u00e4sterskapen i belgiska Oud-Heverlee 1 oktober och\/eller V\u00e4rldsm\u00e4sterskapen i italienska Veneto den 7\u20138 oktober 2023. Uttagningskommitt\u00e9n Uttagningarna meddelas ca 3 veckor f\u00f6re m\u00e4sterskapet och g\u00f6rs av representanter fr\u00e5n grengrupp Gravel genom Anna \u00d6hrstr\u00f6m, f\u00f6rbundskapten, Fredrik<a href=\"https:\/\/scf.se\/gravel\/2023\/08\/07\/uttagningskriterier-for-gravel-vm-och-representera-landslaget-vid-em\/\" class=\"news-card__more\"> &#8230;<\/a><\/p>\n","protected":false},"author":41,"featured_media":111,"comment_status":"open","ping_status":"open","sticky":false,"template":"","format":"standard","meta":{"_acf_changed":false,"footnotes":""},"categories":[1],"tags":[],"class_list":["post-118","post","type-post","status-publish","format-standard","hentry","category-okategoriserade"],"acf":[],"_links":{"self":[{"href":"https:\/\/scf.se\/gravel\/wp-json\/wp\/v2\/posts\/118","targetHints":{"allow":["GET"]}}],"collection":[{"href":"https:\/\/scf.se\/gravel\/wp-json\/wp\/v2\/posts"}],"about":[{"href":"https:\/\/scf.se\/gravel\/wp-json\/wp\/v2\/types\/post"}],"author":[{"embeddable":true,"href":"https:\/\/scf.se\/gravel\/wp-json\/wp\/v2\/users\/41"}],"replies":[{"embeddable":true,"href":"https:\/\/scf.se\/gravel\/wp-json\/wp\/v2\/comments?post=118"}],"version-history":[{"count":0,"href":"https:\/\/scf.se\/gravel\/wp-json\/wp\/v2\/posts\/118\/revisions"}],"wp:featuredmedia":[{"embeddable":true,"href":"https:\/\/scf.se\/gravel\/wp-json\/wp\/v2\/media\/111"}],"wp:attachment":[{"href":"https:\/\/scf.se\/gravel\/wp-json\/wp\/v2\/media?parent=118"}],"wp:term":[{"taxonomy":"category","embeddable":true,"href":"https:\/\/scf.se\/gravel\/wp-json\/wp\/v2\/categories?post=118"},{"taxonomy":"post_tag","embeddable":true,"href":"https:\/\/scf.se\/gravel\/wp-json\/wp\/v2\/tags?post=118"}],"curies":[{"name":"wp","href":"https:\/\/api.w.org\/{rel}","templated":true}]}}