
{"id":114,"date":"2023-08-30T09:00:15","date_gmt":"2023-08-30T07:00:15","guid":{"rendered":"https:\/\/scf.se\/gravel\/?p=114"},"modified":"2023-09-14T13:51:19","modified_gmt":"2023-09-14T11:51:19","slug":"intresseanmalan-for-landslaget-till-gravel-vm-mejlas-snarast","status":"publish","type":"post","link":"https:\/\/scf.se\/gravel\/2023\/08\/30\/intresseanmalan-for-landslaget-till-gravel-vm-mejlas-snarast\/","title":{"rendered":"Intresseanm\u00e4lan f\u00f6r landslaget som ska k\u00f6ra gravel-VM mejlas snarast!"},"content":{"rendered":"<p><strong>Nyligen avverkades gravel-SM i Halmstad, som ocks\u00e5 var uttagningsgrundande till VM. N\u00e4r det g\u00e4ller landslagsplatserna i seniorelit \u00e4r det nya f\u00f6rbundskaptenen Anna \u00d6hrstr\u00f6m som inom kort ska ta ut VM-laget \u2013 och man m\u00e5ste ocks\u00e5 skicka in en intresseanm\u00e4lan senast fredag 1 september.<\/strong><\/p>\n<p>H\u00e4r kommer h\u00e4lsningar fr\u00e5n f\u00f6rbundskapten gravel, Anna \u00d6hrstr\u00f6m. Hoppas ni har en fin sensommar och att hojarna f\u00e5r rulla, trots mycket regn p\u00e5 sina h\u00e5ll.<\/p>\n<p>Genom dessa rader vill jag v\u00e4nligen p\u00e5minna dig, som \u00e4nnu inte har skickat in din intresseanm\u00e4lan om \u00f6nskat deltagande i VM och representation vid EM, att g\u00f6ra detta till mig p\u00e5 <em><strong>anna.ohrstrom@scf.se<\/strong><\/em> senast fredag 1 september. Detta g\u00e4ller om du anser dig ha de resultat som kr\u00e4vs enligt de tidigare publicerade <a href=\"https:\/\/scf.se\/forbundet\/uttagningskriterier-for-vm-och-representera-landslaget-vid-em-i-gravel\/\"><em><strong>uttagningskriterierna som ni hittar H\u00c4R!<\/strong><\/em><\/a><\/p>\n<p>D\u00e5 uttagningarna kommer att meddelas cirka tre veckor f\u00f6re VM som ska k\u00f6ras 7 oktober i italienska Veneto, uppmuntrar vi dig s\u00e5klart att ta chansen att t\u00e4vla den n\u00e4rmaste tiden f\u00f6re uttagningarna och \u00e5terkomma med resultat fr\u00e5n dessa race.<\/p>\n<p>Som s\u00e4kert flera av er har noterat, finns hittills v\u00e4ldigt knapph\u00e4ndig information kring \u00e5rets v\u00e4rldsm\u00e4sterskap i gravel och det r\u00e5der en del os\u00e4kerhet kring arrangemanget. Vi f\u00e5r helt enkelt f\u00f6lja utvecklingen och inv\u00e4nta information fr\u00e5n UCI.<\/p>\n<p>Lycka till med tr\u00e4ningen och t\u00e4vlandet fram\u00f6ver!<\/p>\n<p><em><strong>Anna \u00d6hrstr\u00f6m<br \/>\n<\/strong>f\u00f6rbundskapten gravel<\/em><\/p>\n<p>&nbsp;<\/p>\n<p><em>Foto: Gravel Grit\u2019n Grind\/ jeppekirk.com<\/em><\/p>\n<hr \/>\n<p><em><strong>Svenska Cykelf\u00f6rbundet \u00e4r stolta \u00f6ver att presentera v\u00e5ra samarbetspartners. Tack vare dessa fantastiska f\u00f6retag kan v\u00e5ra cyklister oftare ta sig l\u00e4ngre ut i v\u00e4rlden.<\/strong><\/em><\/p>\n<h2><a href=\"https:\/\/scf.se\/forbundet\/sponsorer\/\"><img loading=\"lazy\" decoding=\"async\" class=\"alignnone size-full wp-image-3872\" src=\"https:\/\/scf.se\/landsvag\/wp-content\/uploads\/sites\/5\/2023\/02\/LiggandeBannerNyheterHemsida2023.png\" alt=\"\" width=\"1200\" height=\"200\" \/><\/a><\/h2>\n","protected":false},"excerpt":{"rendered":"<p>Nyligen avverkades gravel-SM i Halmstad, som ocks\u00e5 var uttagningsgrundande till VM. N\u00e4r det g\u00e4ller landslagsplatserna i seniorelit \u00e4r det nya f\u00f6rbundskaptenen Anna \u00d6hrstr\u00f6m som inom kort ska ta ut VM-laget \u2013 och man m\u00e5ste ocks\u00e5 skicka in en intresseanm\u00e4lan senast fredag 1 september. H\u00e4r kommer h\u00e4lsningar fr\u00e5n f\u00f6rbundskapten gravel, Anna \u00d6hrstr\u00f6m. Hoppas ni har<a href=\"https:\/\/scf.se\/gravel\/2023\/08\/30\/intresseanmalan-for-landslaget-till-gravel-vm-mejlas-snarast\/\" class=\"news-card__more\"> &#8230;<\/a><\/p>\n","protected":false},"author":41,"featured_media":115,"comment_status":"open","ping_status":"open","sticky":false,"template":"","format":"standard","meta":{"_acf_changed":false,"footnotes":""},"categories":[1],"tags":[],"class_list":["post-114","post","type-post","status-publish","format-standard","hentry","category-okategoriserade"],"acf":[],"_links":{"self":[{"href":"https:\/\/scf.se\/gravel\/wp-json\/wp\/v2\/posts\/114","targetHints":{"allow":["GET"]}}],"collection":[{"href":"https:\/\/scf.se\/gravel\/wp-json\/wp\/v2\/posts"}],"about":[{"href":"https:\/\/scf.se\/gravel\/wp-json\/wp\/v2\/types\/post"}],"author":[{"embeddable":true,"href":"https:\/\/scf.se\/gravel\/wp-json\/wp\/v2\/users\/41"}],"replies":[{"embeddable":true,"href":"https:\/\/scf.se\/gravel\/wp-json\/wp\/v2\/comments?post=114"}],"version-history":[{"count":1,"href":"https:\/\/scf.se\/gravel\/wp-json\/wp\/v2\/posts\/114\/revisions"}],"predecessor-version":[{"id":605,"href":"https:\/\/scf.se\/gravel\/wp-json\/wp\/v2\/posts\/114\/revisions\/605"}],"wp:featuredmedia":[{"embeddable":true,"href":"https:\/\/scf.se\/gravel\/wp-json\/wp\/v2\/media\/115"}],"wp:attachment":[{"href":"https:\/\/scf.se\/gravel\/wp-json\/wp\/v2\/media?parent=114"}],"wp:term":[{"taxonomy":"category","embeddable":true,"href":"https:\/\/scf.se\/gravel\/wp-json\/wp\/v2\/categories?post=114"},{"taxonomy":"post_tag","embeddable":true,"href":"https:\/\/scf.se\/gravel\/wp-json\/wp\/v2\/tags?post=114"}],"curies":[{"name":"wp","href":"https:\/\/api.w.org\/{rel}","templated":true}]}}