
{"id":9910,"date":"2025-03-08T17:42:40","date_gmt":"2025-03-08T16:42:40","guid":{"rendered":"https:\/\/scf.se\/forbundet\/?p=9910"},"modified":"2025-03-08T18:26:57","modified_gmt":"2025-03-08T17:26:57","slug":"cykelforum-jenny-rissveds-och-soderqvist-arets-cyklist-2024","status":"publish","type":"post","link":"https:\/\/scf.se\/forbundet\/cykelforum-jenny-rissveds-och-soderqvist-arets-cyklist-2024\/","title":{"rendered":"CYKELFORUM: Jenny Rissveds och Jakob S\u00f6derqvist \u00c5rets cyklist 2024"},"content":{"rendered":"<p><strong>Under tidig l\u00f6rdagskv\u00e4ll presenterades vinnarna av \u00c5rets cyklist 2024: Jenny Rissveds och Jakob S\u00f6derqvist. Det skedde vid SCF:s Cykelforum i J\u00f6nk\u00f6ping. Via stream fick vi se tv\u00e5 cyklister som var p\u00e5tagligt n\u00f6jda med sina s\u00e4songer under ett v\u00e4ldigt fint svenskt cykel\u00e5r.<\/strong><\/p>\n<p>Urvalsprocessen har varit noggrann. F\u00f6rst nominerade Svenska Cykelf\u00f6rbundets grengrupper cyklister. D\u00e4refter r\u00f6stade Cykelsverige fram sin dam- och en herrfavorit. Med st\u00f6d av folkets r\u00f6ster valdes vinnarna slutligen fram av juryn.<\/p>\n<p>Det var jurymedlemmen Fredrik Kessiakoff som presenterade pristagarna. \u00d6vriga i juryn var Emma Johansson och Roberto Vacchi.<\/p>\n<p>Konkurrensen var h\u00e5rd efter ett starkt \u00e5r f\u00f6r svensk cykelsport. H\u00e4r \u00e4r grunden till motiveringarna fr\u00e5n f\u00f6rbundskaptener och jury kring varf\u00f6r Jenny Rissveds och Jakob S\u00f6derqvist tilldelas priset.<\/p>\n<p><div class=\"video-wrapper\"><iframe loading=\"lazy\" title=\"\u00c5rets kvinnliga cyklist 2024: Jenny Rissveds\" width=\"500\" height=\"375\" src=\"https:\/\/www.youtube.com\/embed\/7JcO_fKcsfk?feature=oembed\" frameborder=\"0\" allow=\"accelerometer; autoplay; clipboard-write; encrypted-media; gyroscope; picture-in-picture; web-share\" referrerpolicy=\"strict-origin-when-cross-origin\" allowfullscreen><\/iframe><\/div><\/p>\n<h2><strong>\u00c5rets kvinnliga cyklist 2024: Jenny Rissveds<\/strong><\/h2>\n<p>Jenny Rissveds gjorde en enast\u00e5ende s\u00e4song med bland annat OS-brons efter ett dramatiskt XCO-lopp i Paris. Senare blev det ytterligare ett brons, denna g\u00e5ng i XCC p\u00e5 VM i Andorra.<\/p>\n<a href=\"https:\/\/scf.se\/forbundet\/wp-content\/uploads\/sites\/9\/2025\/03\/PA_AndorraWorlds2024_XCCWE_SWE-9-2.jpg\"><img loading=\"lazy\" decoding=\"async\" class=\"alignnone size-full wp-image-9913\" src=\"https:\/\/scf.se\/forbundet\/wp-content\/uploads\/sites\/9\/2025\/03\/PA_AndorraWorlds2024_XCCWE_SWE-9-2.jpg\" alt=\"\" width=\"1362\" height=\"1026\" srcset=\"https:\/\/scf.se\/forbundet\/wp-content\/uploads\/sites\/9\/2025\/03\/PA_AndorraWorlds2024_XCCWE_SWE-9-2.jpg 1362w, https:\/\/scf.se\/forbundet\/wp-content\/uploads\/sites\/9\/2025\/03\/PA_AndorraWorlds2024_XCCWE_SWE-9-2-300x226.jpg 300w, https:\/\/scf.se\/forbundet\/wp-content\/uploads\/sites\/9\/2025\/03\/PA_AndorraWorlds2024_XCCWE_SWE-9-2-1024x771.jpg 1024w, https:\/\/scf.se\/forbundet\/wp-content\/uploads\/sites\/9\/2025\/03\/PA_AndorraWorlds2024_XCCWE_SWE-9-2-768x579.jpg 768w\" sizes=\"auto, (max-width: 1362px) 100vw, 1362px\" \/><\/a>\n<p>Juryn lyfter s\u00e4rskilt fram hennes f\u00f6rm\u00e5ga att \u00e5terv\u00e4nda till OS-medaljniv\u00e5, b\u00e5de sett till karri\u00e4ren som helhet \u2013 hon tog OS-guld redan 2016 \u2013 och under den specifika s\u00e4songen 2024.<\/p>\n<p>Efter en stark start p\u00e5 v\u00e4rldscups\u00e4songen i Brasilien, d\u00e4r hon en g\u00e5ng tog sitt OS-guld, drabbades hon av tv\u00e5 ot\u00e4cka krascher och hj\u00e4rnskakningar inom kort tid. Men Jenny Rissveds k\u00e4mpade sig tillbaka.<\/p>\n<a href=\"https:\/\/scf.se\/forbundet\/wp-content\/uploads\/sites\/9\/2025\/03\/PA_AndorraWorlds2024_XCOWE_SWE-71.jpg\"><img loading=\"lazy\" decoding=\"async\" class=\"alignnone size-full wp-image-9915\" src=\"https:\/\/scf.se\/forbundet\/wp-content\/uploads\/sites\/9\/2025\/03\/PA_AndorraWorlds2024_XCOWE_SWE-71.jpg\" alt=\"\" width=\"2400\" height=\"1600\" srcset=\"https:\/\/scf.se\/forbundet\/wp-content\/uploads\/sites\/9\/2025\/03\/PA_AndorraWorlds2024_XCOWE_SWE-71.jpg 2400w, https:\/\/scf.se\/forbundet\/wp-content\/uploads\/sites\/9\/2025\/03\/PA_AndorraWorlds2024_XCOWE_SWE-71-300x200.jpg 300w, https:\/\/scf.se\/forbundet\/wp-content\/uploads\/sites\/9\/2025\/03\/PA_AndorraWorlds2024_XCOWE_SWE-71-1024x683.jpg 1024w, https:\/\/scf.se\/forbundet\/wp-content\/uploads\/sites\/9\/2025\/03\/PA_AndorraWorlds2024_XCOWE_SWE-71-768x512.jpg 768w, https:\/\/scf.se\/forbundet\/wp-content\/uploads\/sites\/9\/2025\/03\/PA_AndorraWorlds2024_XCOWE_SWE-71-1536x1024.jpg 1536w, https:\/\/scf.se\/forbundet\/wp-content\/uploads\/sites\/9\/2025\/03\/PA_AndorraWorlds2024_XCOWE_SWE-71-2048x1365.jpg 2048w\" sizes=\"auto, (max-width: 2400px) 100vw, 2400px\" \/><\/a>\n<p>Det var en kamp mot klockan, men efter uppvisningen i Alings\u00e5s och sitt elfte SM-guld k\u00e4nde hon sig redo f\u00f6r OS. &#8221;Jag \u00e4r p\u00e5 r\u00e4tt plats&#8221;, sa hon i Cykelstudion by SCF inf\u00f6r spelen. Det r\u00e4ckte till en OS-medalj i ett klassiskt lopp \u2013 med stor gl\u00e4dje och stolthet n\u00e4r tv\u00e5 av v\u00e5ra medalj\u00f6rer togs emot p\u00e5 hemmaplan. Redan d\u00e5 pratade hon om OS i Los Angeles 2028.<\/p>\n<p>Jenny Rissveds var \u00e4ven nominerad till \u00c5rets kvinnliga idrottare p\u00e5 Idrottsgalan efter ett \u00e5r med stenh\u00e5rd internationell konkurrens. Nu prisas hon allts\u00e5 som \u00c5rets cyklist 2024 och s\u00e4ger s\u00e5 h\u00e4r.<\/p>\n<blockquote><p>&#8221;Jag kan tyv\u00e4rr inte medverka vid denna sammankomst men skickar med en liten h\u00e4lsning som tack i st\u00e4llet. S\u00e5 tack till grengruppen, juryn och alla som har r\u00f6stat p\u00e5 mig. F\u00f6rra \u00e5ret var ett fint cykel\u00e5r f\u00f6r mig och det \u00e4r s\u00e5klart roligt att det uppm\u00e4rksammas&#8221;, s\u00e4ger Jenny Rissveds fr\u00e5n sin nya bas i Andorra.<\/p><\/blockquote>\n<a href=\"https:\/\/scf.se\/forbundet\/wp-content\/uploads\/sites\/9\/2025\/03\/Priset-Rissveds.jpg\"><img loading=\"lazy\" decoding=\"async\" class=\"alignnone size-full wp-image-9926\" src=\"https:\/\/scf.se\/forbundet\/wp-content\/uploads\/sites\/9\/2025\/03\/Priset-Rissveds.jpg\" alt=\"\" width=\"1708\" height=\"1512\" srcset=\"https:\/\/scf.se\/forbundet\/wp-content\/uploads\/sites\/9\/2025\/03\/Priset-Rissveds.jpg 1708w, https:\/\/scf.se\/forbundet\/wp-content\/uploads\/sites\/9\/2025\/03\/Priset-Rissveds-300x266.jpg 300w, https:\/\/scf.se\/forbundet\/wp-content\/uploads\/sites\/9\/2025\/03\/Priset-Rissveds-1024x906.jpg 1024w, https:\/\/scf.se\/forbundet\/wp-content\/uploads\/sites\/9\/2025\/03\/Priset-Rissveds-768x680.jpg 768w, https:\/\/scf.se\/forbundet\/wp-content\/uploads\/sites\/9\/2025\/03\/Priset-Rissveds-1536x1360.jpg 1536w\" sizes=\"auto, (max-width: 1708px) 100vw, 1708px\" \/><\/a>\n<p>Priset togs emot av den administrative f\u00f6rbundskaptenen Johan Nielsen vid Cykelforumet i J\u00f6nk\u00f6ping.<\/p>\n<h2>* * *<\/h2>\n<a href=\"https:\/\/scf.se\/forbundet\/wp-content\/uploads\/sites\/9\/2025\/03\/Jakob-Staende-scaled.jpg\"><img loading=\"lazy\" decoding=\"async\" class=\"alignnone size-full wp-image-9902\" src=\"https:\/\/scf.se\/forbundet\/wp-content\/uploads\/sites\/9\/2025\/03\/Jakob-Staende-scaled.jpg\" alt=\"\" width=\"2560\" height=\"1915\" srcset=\"https:\/\/scf.se\/forbundet\/wp-content\/uploads\/sites\/9\/2025\/03\/Jakob-Staende-scaled.jpg 2560w, https:\/\/scf.se\/forbundet\/wp-content\/uploads\/sites\/9\/2025\/03\/Jakob-Staende-300x224.jpg 300w, https:\/\/scf.se\/forbundet\/wp-content\/uploads\/sites\/9\/2025\/03\/Jakob-Staende-1024x766.jpg 1024w, https:\/\/scf.se\/forbundet\/wp-content\/uploads\/sites\/9\/2025\/03\/Jakob-Staende-768x574.jpg 768w, https:\/\/scf.se\/forbundet\/wp-content\/uploads\/sites\/9\/2025\/03\/Jakob-Staende-1536x1149.jpg 1536w, https:\/\/scf.se\/forbundet\/wp-content\/uploads\/sites\/9\/2025\/03\/Jakob-Staende-2048x1532.jpg 2048w\" sizes=\"auto, (max-width: 2560px) 100vw, 2560px\" \/><\/a>\n<h2><strong>\u00c5rets manliga cyklist 2024: Jakob S\u00f6derqvist<\/strong><\/h2>\n<p>Jakob S\u00f6derqvist f\u00f6ljde upp genombrotts\u00e5ret 2023 med en otroligt framg\u00e5ngsrik s\u00e4song. H\u00f6jdpunkterna inom landslaget var silver i b\u00e5de U23-VM och U23-EM i tempo. P\u00e5 den tuffa och varierande VM-banan i Z\u00fcrich visade han sin f\u00f6rm\u00e5ga att bem\u00e4stra alla terr\u00e4ngtyper.<\/p>\n<a href=\"https:\/\/scf.se\/forbundet\/wp-content\/uploads\/sites\/9\/2025\/03\/JakobSTARTAR-1.jpg\"><img loading=\"lazy\" decoding=\"async\" class=\"alignnone size-full wp-image-9930\" src=\"https:\/\/scf.se\/forbundet\/wp-content\/uploads\/sites\/9\/2025\/03\/JakobSTARTAR-1.jpg\" alt=\"\" width=\"661\" height=\"1095\" srcset=\"https:\/\/scf.se\/forbundet\/wp-content\/uploads\/sites\/9\/2025\/03\/JakobSTARTAR-1.jpg 661w, https:\/\/scf.se\/forbundet\/wp-content\/uploads\/sites\/9\/2025\/03\/JakobSTARTAR-1-181x300.jpg 181w, https:\/\/scf.se\/forbundet\/wp-content\/uploads\/sites\/9\/2025\/03\/JakobSTARTAR-1-618x1024.jpg 618w\" sizes=\"auto, (max-width: 661px) 100vw, 661px\" \/><\/a>\n<p>&#8221;K\u00e4nslan av att f\u00e5 ut i stort sett allt jag har i kroppen \u00e4ven p\u00e5 stora m\u00e4sterskap k\u00e4nns trygg att ha med sig. I VM-loppet v\u00e5gade jag g\u00e5 ut lite lugnare \u00e4n vissa konkurrenter, och n\u00e4r jag n\u00e5r m\u00e5llinjen har jag verkligen f\u00e5tt ut allt jag hade den dagen&#8221;, sa Jakob n\u00e4r han summerade s\u00e4songen i samband med nomineringen till \u00c5rets nykomling p\u00e5 Idrottsgalan.<\/p>\n<a href=\"https:\/\/scf.se\/forbundet\/wp-content\/uploads\/sites\/9\/2025\/03\/jakob-VM-fantastiskt-3-2.jpg\"><img loading=\"lazy\" decoding=\"async\" class=\"alignnone size-full wp-image-9931\" src=\"https:\/\/scf.se\/forbundet\/wp-content\/uploads\/sites\/9\/2025\/03\/jakob-VM-fantastiskt-3-2.jpg\" alt=\"\" width=\"1536\" height=\"1710\" srcset=\"https:\/\/scf.se\/forbundet\/wp-content\/uploads\/sites\/9\/2025\/03\/jakob-VM-fantastiskt-3-2.jpg 1536w, https:\/\/scf.se\/forbundet\/wp-content\/uploads\/sites\/9\/2025\/03\/jakob-VM-fantastiskt-3-2-269x300.jpg 269w, https:\/\/scf.se\/forbundet\/wp-content\/uploads\/sites\/9\/2025\/03\/jakob-VM-fantastiskt-3-2-920x1024.jpg 920w, https:\/\/scf.se\/forbundet\/wp-content\/uploads\/sites\/9\/2025\/03\/jakob-VM-fantastiskt-3-2-768x855.jpg 768w, https:\/\/scf.se\/forbundet\/wp-content\/uploads\/sites\/9\/2025\/03\/jakob-VM-fantastiskt-3-2-1380x1536.jpg 1380w\" sizes=\"auto, (max-width: 1536px) 100vw, 1536px\" \/><\/a>\n<p>Han representerade Sverige p\u00e5 OS och bidrog aktivt till t\u00e4vlingen. Under sin f\u00f6rsta s\u00e4song i Lidl-Trek Future Racing gjorde han flera imponerande insatser, b\u00e5de individuellt och som en viktig del av laget. Bland h\u00f6jdpunkterna:<\/p>\n<ul>\n<li>Etappseger i tempoprologen p\u00e5 Giro d\u2019Italia Next Gen.<\/li>\n<li>Totalseger i Le Tour de Bretagne Cycliste, inklusive seger p\u00e5 tredje etappen.<\/li>\n<li>Tv\u00e5 etappsegrar i Fl\u00e8che du Sud.<\/li>\n<li>Andraplats p\u00e5 prologen i Tour de la Provence, samt \u00e5tta totalt.<\/li>\n<\/ul>\n<p>Jakob S\u00f6derqvists starka laginsatser 2024 har gett honom en st\u00f6rre roll i Lidl-Trek under inledningen av 2025, med flera framtr\u00e4danden i World Tour-teamet. Denna utveckling har ocks\u00e5 varit en viktig faktor i juryns beslut att utse Jakob S\u00f6derqvist till \u00c5rets cyklist 2024.<\/p>\n<blockquote><p>&#8221;Det k\u00e4nns det som att jag har st\u00e4mplat ut fr\u00e5n tre s\u00e4songer inom loppet av en, som var ifjol. Det var v\u00e4ldigt mycket som hann h\u00e4nda. Framg\u00e5ngar, \u00e4ven lite motg\u00e5ngar \u2013 och alla intryck. Det \u00e4r v\u00e4ldigt l\u00e4tt att bli fartblind, men en s\u00e5dan h\u00e4r grej f\u00e5r en att kunna stanna upp och uppskatta den resa man \u00e4r p\u00e5&#8221;, s\u00e4ger Jakob S\u00f6derqvist n\u00e4r han tog emot priset av SCF-styrelsens Nizze Gustavsson p\u00e5 visit vid hemmabasen i Falun<\/p><\/blockquote>\n<p>H\u00e4r \u00e4r hela kortintervjun.<\/p>\n<p><div class=\"video-wrapper\"><iframe loading=\"lazy\" title=\"\u00c5rets cyklist 2024: Jakob S\u00f6derqvist\" width=\"500\" height=\"281\" src=\"https:\/\/www.youtube.com\/embed\/3HgmTSIsz4I?feature=oembed\" frameborder=\"0\" allow=\"accelerometer; autoplay; clipboard-write; encrypted-media; gyroscope; picture-in-picture; web-share\" referrerpolicy=\"strict-origin-when-cross-origin\" allowfullscreen><\/iframe><\/div><\/p>\n<h3><strong>Juryn i \u00c5rets cyklist 2024<\/strong><\/h3>\n<ul>\n<li><strong>Emma Johansson<\/strong>, &#8221;Silver-Emma&#8221; \u00e4r en av v\u00e5ra mest meriterade cyklister genom tiderna med bland annat tv\u00e5 OS-silver och tre individuella VM-medaljer.<\/li>\n<li><strong>Roberto Vacchi<\/strong>, f\u00f6re detta elitcyklist och sedan m\u00e5nga \u00e5r Sveriges ledande cykelkommentator.<\/li>\n<li><strong>Fredrik Kessiakoff<\/strong>, VM-medalj\u00f6r i XCO och framg\u00e5ngsrik proffskarri\u00e4r i s\u00e5v\u00e4l MTB som landsv\u00e4g.<\/li>\n<li>Juryn har valt mellan de toppkandidater som SCF:s grengrupper har lagt fram med st\u00f6d av folkets r\u00f6ster.<\/li>\n<li><strong><a href=\"https:\/\/scf.se\/forbundet\/de-bagge-vinnarna-i-arets-cyklist-presenteras-pa-cykelforum-8-mars\/\"><em>H\u00e4r \u00e4r de cyklister som var nominerade samt motiveringarna till varf\u00f6r de finns med.<\/em><\/a><\/strong><\/li>\n<\/ul>\n<p><em>Text: SCF<br \/>\nFoto: Piper Albrecht och SCF<\/em><\/p>\n","protected":false},"excerpt":{"rendered":"<p>Under tidig l\u00f6rdagskv\u00e4ll presenterades vinnarna av \u00c5rets cyklist 2024: Jenny Rissveds och Jakob S\u00f6derqvist. Det skedde vid SCF:s Cykelforum i J\u00f6nk\u00f6ping. Via stream fick vi se tv\u00e5 cyklister som var p\u00e5tagligt n\u00f6jda med sina s\u00e4songer under ett v\u00e4ldigt fint svenskt cykel\u00e5r. Urvalsprocessen har varit noggrann. F\u00f6rst nominerade Svenska Cykelf\u00f6rbundets grengrupper cyklister. D\u00e4refter r\u00f6stade Cykelsverige<a href=\"https:\/\/scf.se\/forbundet\/cykelforum-jenny-rissveds-och-soderqvist-arets-cyklist-2024\/\" class=\"news-card__more\"> &#8230;<\/a><\/p>\n","protected":false},"author":41,"featured_media":9908,"comment_status":"open","ping_status":"open","sticky":false,"template":"","format":"standard","meta":{"_acf_changed":false,"footnotes":""},"categories":[1],"tags":[],"class_list":["post-9910","post","type-post","status-publish","format-standard","hentry","category-forbundet"],"acf":[],"_links":{"self":[{"href":"https:\/\/scf.se\/forbundet\/wp-json\/wp\/v2\/posts\/9910","targetHints":{"allow":["GET"]}}],"collection":[{"href":"https:\/\/scf.se\/forbundet\/wp-json\/wp\/v2\/posts"}],"about":[{"href":"https:\/\/scf.se\/forbundet\/wp-json\/wp\/v2\/types\/post"}],"author":[{"embeddable":true,"href":"https:\/\/scf.se\/forbundet\/wp-json\/wp\/v2\/users\/41"}],"replies":[{"embeddable":true,"href":"https:\/\/scf.se\/forbundet\/wp-json\/wp\/v2\/comments?post=9910"}],"version-history":[{"count":17,"href":"https:\/\/scf.se\/forbundet\/wp-json\/wp\/v2\/posts\/9910\/revisions"}],"predecessor-version":[{"id":9933,"href":"https:\/\/scf.se\/forbundet\/wp-json\/wp\/v2\/posts\/9910\/revisions\/9933"}],"wp:featuredmedia":[{"embeddable":true,"href":"https:\/\/scf.se\/forbundet\/wp-json\/wp\/v2\/media\/9908"}],"wp:attachment":[{"href":"https:\/\/scf.se\/forbundet\/wp-json\/wp\/v2\/media?parent=9910"}],"wp:term":[{"taxonomy":"category","embeddable":true,"href":"https:\/\/scf.se\/forbundet\/wp-json\/wp\/v2\/categories?post=9910"},{"taxonomy":"post_tag","embeddable":true,"href":"https:\/\/scf.se\/forbundet\/wp-json\/wp\/v2\/tags?post=9910"}],"curies":[{"name":"wp","href":"https:\/\/api.w.org\/{rel}","templated":true}]}}