
{"id":9732,"date":"2025-02-20T16:56:59","date_gmt":"2025-02-20T15:56:59","guid":{"rendered":"https:\/\/scf.se\/forbundet\/?p=9732"},"modified":"2025-02-26T16:16:11","modified_gmt":"2025-02-26T15:16:11","slug":"har-ar-ytterligare-handlingar-infor-scfs-forbundsmote-den-9-mars","status":"publish","type":"post","link":"https:\/\/scf.se\/forbundet\/har-ar-ytterligare-handlingar-infor-scfs-forbundsmote-den-9-mars\/","title":{"rendered":"Missa inte sista anm\u00e4lningsdatum till SCF:s f\u00f6rbundsm\u00f6te: 27 februari"},"content":{"rendered":"<p><strong>Missa inte sista anm\u00e4lningstiden f\u00f6r deltagande och fullmakt, torsdag 27 februari klockan 23.59. Nu finns ocks\u00e5 ytterligare handlingar inf\u00f6r Svenska Cykelf\u00f6rbundets 122:a f\u00f6rbundsm\u00f6te den 9 mars 2025.\u00a0<\/strong><\/p>\n<ul>\n<li>Enligt g\u00e4llande tidsschema f\u00f6r f\u00f6rbundsm\u00f6teshandlingar skickades tidigare i dag torsdag <a href=\"https:\/\/scf.se\/forbundet\/wp-content\/uploads\/sites\/9\/2025\/02\/Arsredovisning-och-revisionsberattelse-2024-01-01\u20132024-12-31.pdf\"><em><strong>\u00e5rsredovisningen<\/strong><\/em> <\/a>ut till alla distrikt och f\u00f6reningar, det dokumentet inneh\u00e5ller \u00e4ven revisionsber\u00e4ttelsen.<\/li>\n<li>Nu finns ocks\u00e5 verksamhetsrevisorns <a href=\"https:\/\/scf.se\/forbundet\/wp-content\/uploads\/sites\/9\/2025\/02\/Nomineringar-till-Valberedning-for-SCF-verksamhetsaret-2025.pdf\"><em><strong>nomineringar till valberedningen<\/strong> <\/em><\/a>f\u00f6r Svenska Cykelf\u00f6rbundets verksamhets\u00e5r 2025\u201326.<\/li>\n<li>N\u00e4r det g\u00e4ller nya handlingar finns ocks\u00e5 en liten justering i den <a href=\"https:\/\/scf.se\/forbundet\/wp-content\/uploads\/sites\/9\/2025\/02\/Ekonomisk-plan-SCF-2025-med-korrigering.pdf\"><em><strong>ekonomiska planen<\/strong><\/em>.<\/a><\/li>\n<\/ul>\n<h2>Missa inte det viktiga datumet 27 februari<\/h2>\n<p>Det \u00e4r v\u00e4ldigt viktigt att s\u00e5v\u00e4l deltagaranm\u00e4lan och fullmakter \u00e4r SCF:s kansli tillhanda senast <strong>10 dagar f\u00f6re f\u00f6rbundsm\u00f6tet<\/strong>, allts\u00e5 den <strong>27 februari 2025<\/strong>.<\/p>\n<ul>\n<li>Vid anm\u00e4lan av ombud f\u00f6r distrikt ska ett protokoll med beslut om vem som ska vara ombud bifogas.<\/li>\n<li>Samtliga dokument skickas till: <em><strong><a href=\"mailto:kansli@scf.se\">kansli@scf.se<\/a><\/strong>.<\/em><\/li>\n<li>Observera dels att det inte finns n\u00e5gon m\u00f6jlighet att delta eller r\u00f6sta digitalt, dels att definitiv deadline f\u00f6r anm\u00e4lan och fullmakter just \u00e4r 27 februari kl. 23.59. Det finns ingen m\u00f6jlighet till efteranm\u00e4lan.<\/li>\n<\/ul>\n<h3><em>Samtliga handlingar och l\u00e4nkar som beh\u00f6vs inf\u00f6r f\u00f6rbundsm\u00f6tet finns samlade digitalt h\u00e4r: <strong><a href=\"https:\/\/scf.se\/forbundet\/kalender\/scfs-forbundsmote-2025\/\">SCF:s f\u00f6rbundsm\u00f6te 2025<\/a><\/strong><\/em><\/h3>\n<p>F\u00f6rbundsm\u00f6tet h\u00e5lls sedan s\u00f6ndagen den<strong> 9 mars 2025<\/strong> p\u00e5 Elite Stora Hotellet J\u00f6nk\u00f6pings%20f\u00f6rbundsm\u00f6te%202025. M\u00f6tet startar kl. <strong>10.00<\/strong>. Vi rekommenderar att ni kommer i god tid.<\/p>\n<p>Dagen innan h\u00e5lls Cykelforum p\u00e5 samma plats kl 13.00\u201318.00. <a href=\"https:\/\/scf.se\/forbundet\/forma-framtiden-for-svensk-cykel-och-mot-cykelvanner-pa-cykelforum\/\"><em><strong>L\u00e4s mycket mera om program och anm\u00e4lan till Cykelforum h\u00e4r!<\/strong><\/em><\/a><\/p>\n<p><em>Varmt v\u00e4lkomna,<\/em><br \/>\n<strong><em>Svenska Cykelf\u00f6rbundet<\/em><\/strong><\/p>\n","protected":false},"excerpt":{"rendered":"<p>Missa inte sista anm\u00e4lningstiden f\u00f6r deltagande och fullmakt, torsdag 27 februari klockan 23.59. Nu finns ocks\u00e5 ytterligare handlingar inf\u00f6r Svenska Cykelf\u00f6rbundets 122:a f\u00f6rbundsm\u00f6te den 9 mars 2025.\u00a0 Enligt g\u00e4llande tidsschema f\u00f6r f\u00f6rbundsm\u00f6teshandlingar skickades tidigare i dag torsdag \u00e5rsredovisningen ut till alla distrikt och f\u00f6reningar, det dokumentet inneh\u00e5ller \u00e4ven revisionsber\u00e4ttelsen. Nu finns ocks\u00e5 verksamhetsrevisorns nomineringar<a href=\"https:\/\/scf.se\/forbundet\/har-ar-ytterligare-handlingar-infor-scfs-forbundsmote-den-9-mars\/\" class=\"news-card__more\"> &#8230;<\/a><\/p>\n","protected":false},"author":41,"featured_media":9740,"comment_status":"open","ping_status":"open","sticky":false,"template":"","format":"standard","meta":{"_acf_changed":false,"footnotes":""},"categories":[1],"tags":[],"class_list":["post-9732","post","type-post","status-publish","format-standard","hentry","category-forbundet"],"acf":[],"_links":{"self":[{"href":"https:\/\/scf.se\/forbundet\/wp-json\/wp\/v2\/posts\/9732","targetHints":{"allow":["GET"]}}],"collection":[{"href":"https:\/\/scf.se\/forbundet\/wp-json\/wp\/v2\/posts"}],"about":[{"href":"https:\/\/scf.se\/forbundet\/wp-json\/wp\/v2\/types\/post"}],"author":[{"embeddable":true,"href":"https:\/\/scf.se\/forbundet\/wp-json\/wp\/v2\/users\/41"}],"replies":[{"embeddable":true,"href":"https:\/\/scf.se\/forbundet\/wp-json\/wp\/v2\/comments?post=9732"}],"version-history":[{"count":16,"href":"https:\/\/scf.se\/forbundet\/wp-json\/wp\/v2\/posts\/9732\/revisions"}],"predecessor-version":[{"id":9806,"href":"https:\/\/scf.se\/forbundet\/wp-json\/wp\/v2\/posts\/9732\/revisions\/9806"}],"wp:featuredmedia":[{"embeddable":true,"href":"https:\/\/scf.se\/forbundet\/wp-json\/wp\/v2\/media\/9740"}],"wp:attachment":[{"href":"https:\/\/scf.se\/forbundet\/wp-json\/wp\/v2\/media?parent=9732"}],"wp:term":[{"taxonomy":"category","embeddable":true,"href":"https:\/\/scf.se\/forbundet\/wp-json\/wp\/v2\/categories?post=9732"},{"taxonomy":"post_tag","embeddable":true,"href":"https:\/\/scf.se\/forbundet\/wp-json\/wp\/v2\/tags?post=9732"}],"curies":[{"name":"wp","href":"https:\/\/api.w.org\/{rel}","templated":true}]}}