
{"id":9631,"date":"2025-02-06T21:01:06","date_gmt":"2025-02-06T20:01:06","guid":{"rendered":"https:\/\/scf.se\/forbundet\/?p=9631"},"modified":"2025-02-21T11:26:42","modified_gmt":"2025-02-21T10:26:42","slug":"valkomna-till-scfs-forbundsmote-i-jonkoping-och-cykelforum","status":"publish","type":"post","link":"https:\/\/scf.se\/forbundet\/valkomna-till-scfs-forbundsmote-i-jonkoping-och-cykelforum\/","title":{"rendered":"Kallelse till SCF:s f\u00f6rbundsm\u00f6te 2025 som h\u00e5lls p\u00e5 plats i J\u00f6nk\u00f6ping"},"content":{"rendered":"<div class=\"single-card__title\">\n<p><strong>SCF:s distrikt och f\u00f6reningar h\u00e4lsas varmt v\u00e4lkomna till Svenska Cykelf\u00f6rbundets 122:a f\u00f6rbundsm\u00f6te. S\u00f6ndagen den 9 mars 2025 ses vi\u00a0 i J\u00f6nk\u00f6ping. M\u00f6tet startar klockan 10.00. Var d\u00e4r i god tid \u2013 d\u00f6rrarna till m\u00f6teslokalen \u00f6ppnas cirka 09.00.<\/strong><\/p>\n<p>SCF:s f\u00f6rbundsm\u00f6te 2025 kommer att h\u00e5llas p\u00e5 plats i Elite Stora Hotellet J\u00f6nk\u00f6ping. Observera att det inte finns n\u00e5gon m\u00f6jlighet att medverka eller r\u00f6sta digitalt.<\/p>\n<\/div>\n<h3>SCF:s f\u00f6rbundsm\u00f6te 2025<\/h3>\n<ul>\n<li><strong>Dag<\/strong>: S\u00f6ndag 9 mars.<\/li>\n<li><strong>Tid:<\/strong> 10.00, d\u00f6rrarna till m\u00f6teslokalen \u00f6ppnas en timme innan f\u00f6rbundsm\u00f6tet.<\/li>\n<li><strong>Plats:<\/strong> Elite Stora Hotellet J\u00f6nk\u00f6ping.<\/li>\n<\/ul>\n<div class=\"single-card__title\">\n<p>Enligt SCF:s stadgar kan f\u00f6rening genom fullmakt \u00f6verl\u00e5ta sin r\u00f6str\u00e4tt till distriktsrepresentant inom det egna distriktet. Fullmakt laddas ner enligt l\u00e4nkar nedan och h\u00e4r kr\u00e4vs underskrift av f\u00f6reningens ordf\u00f6rande.<\/p>\n<\/div>\n<div class=\"single-card__title\">\n<p>Fullmakt f\u00f6r f\u00f6renings eget ombud, underskrivet av f\u00f6reningens ordf\u00f6rande, ska vara SCF:s kansli tillhanda senast 27 februari 2025, mejla till: <a href=\"mailto:kansli@scf.se\"><em><strong>kansli@scf.se<\/strong><\/em><\/a><\/p>\n<\/div>\n<h3>Anm\u00e4lan och fullmakt<\/h3>\n<div class=\"single-card__title\">\n<div class=\"single-card__title\">\n<ul>\n<li><strong>Anm\u00e4lan<\/strong> till f\u00f6rbundsm\u00f6tet som <strong>f\u00f6rening<\/strong>: <em><strong><a href=\"https:\/\/scf.se\/forbundet\/wp-content\/uploads\/sites\/9\/2024\/11\/Anmalan-forening-till-Forbundsmote-2025.docx\">Word <\/a><\/strong><\/em>eller <em><strong><a href=\"https:\/\/scf.se\/forbundet\/wp-content\/uploads\/sites\/9\/2024\/11\/Anmalan-forening-till-Forbundsmote-2025.pdf\">pdf<\/a><\/strong><\/em><\/li>\n<li><strong>Anm\u00e4lan<\/strong> till f\u00f6rbundsm\u00f6tet som <strong>distrikt<\/strong>: <em><strong><a href=\"https:\/\/scf.se\/forbundet\/wp-content\/uploads\/sites\/9\/2024\/11\/Anmalan-distrikt-till-Forbundsmote-2025.docx\">Word<\/a> <\/strong><\/em>eller<em><strong><a href=\"https:\/\/scf.se\/forbundet\/wp-content\/uploads\/sites\/9\/2024\/11\/Anmalan-distrikt-till-Forbundsmote-2025.pdf\"> pdf<\/a><\/strong><\/em><\/li>\n<li><strong>Anm\u00e4lan<\/strong> till f\u00f6rbundsm\u00f6tet som <strong>n\u00e4mnd\/kommitt\u00e9<\/strong>: <a href=\"https:\/\/scf.se\/forbundet\/wp-content\/uploads\/sites\/9\/2024\/11\/Anmalan-namnd-kommitte-till-Forbundsmote-2025.docx\"><em><strong>Word<\/strong><\/em><\/a> eller <strong><em><a href=\"https:\/\/scf.se\/forbundet\/wp-content\/uploads\/sites\/9\/2024\/11\/Anmalan-namnd-kommitte-till-Forbundsmote-2025.pdf\">pdf<\/a><\/em><\/strong><\/li>\n<li><strong>Fullmakt<\/strong> fr\u00e5n f\u00f6rening till distrikt: <em><strong><a href=\"https:\/\/scf.se\/forbundet\/wp-content\/uploads\/sites\/9\/2024\/11\/Fullmakt-vid-SCF-Forbundsmote-2025.docx\">Word<\/a><\/strong><\/em> eller <em><strong><a href=\"https:\/\/scf.se\/forbundet\/wp-content\/uploads\/sites\/9\/2024\/11\/Fullmakt-vid-SCF-Forbundsmote-2025.pdf\">pdf<\/a><\/strong><\/em><\/li>\n<\/ul>\n<\/div>\n<p>Protokoll fr\u00e5n DCF-m\u00f6te, d\u00e4r det framg\u00e5r vem som representerar distriktet vid f\u00f6rbundsm\u00f6tet, ska mejlas till SCF:s kansli p\u00e5 <a href=\"mailto:kansli@scf.se\"><em><strong>kansli@scf.se<\/strong><\/em><\/a> senast 2 mars 2025 kl 12.00. Om DCF:s m\u00f6te \u00f6verl\u00e5tit till dess styrelse att utse representant ska detta protokoll ocks\u00e5 skickas in.<\/p>\n<h3><em><a href=\"https:\/\/scf.se\/forbundet\/kalender\/scfs-forbundsmote-2025\/\">H\u00e4r finner ni hela tiden uppdaterade handlingar och datum som ber\u00f6r f\u00f6rbundsm\u00f6tet 2025!<\/a><\/em><\/h3>\n<\/div>\n<p>Dessa \u00e4r sedan tidigare utlagda p\u00e5 SCF.se samt mejlade till distrikt och f\u00f6reningar. H\u00e4r nedan f\u00f6ljer ocks\u00e5 alla\u00a0 handlingar som valberedningen har inkommit med inf\u00f6r f\u00f6rbundsm\u00f6tet 2025.<\/p>\n<h3>Handlingar fr\u00e5n valberedningen<\/h3>\n<ul>\n<li><strong><a href=\"https:\/\/scf.se\/forbundet\/wp-content\/uploads\/sites\/9\/2024\/11\/Valb2025_utskick_20250131_V2.pdf\">Utskick 1<\/a>.<\/strong><\/li>\n<li><strong><a href=\"https:\/\/scf.se\/forbundet\/wp-content\/uploads\/sites\/9\/2025\/01\/Valb2025_Nomineringar_V2.pdf\">Nomineringar.<\/a><\/strong><\/li>\n<li><strong><em><a href=\"https:\/\/scf.se\/forbundet\/wp-content\/uploads\/sites\/9\/2024\/11\/Valb2025_Punkt12.pdf\">Punkt 12.<\/a><\/em><\/strong><\/li>\n<li><strong><em><a href=\"https:\/\/scf.se\/forbundet\/wp-content\/uploads\/sites\/9\/2024\/11\/Valb2025_Punkt13.pdf\">Punkt13.<\/a><\/em><\/strong><\/li>\n<li><strong><em><a href=\"https:\/\/scf.se\/forbundet\/wp-content\/uploads\/sites\/9\/2024\/11\/Valb2025_Punkt14.pdf\">Punkt14.<\/a><\/em><\/strong><\/li>\n<li><strong><em><a href=\"https:\/\/scf.se\/forbundet\/wp-content\/uploads\/sites\/9\/2024\/11\/Valb2025_Punkt1516.pdf\">Punkt15 och 16.<\/a><\/em><\/strong><\/li>\n<li><a href=\"https:\/\/scf.se\/forbundet\/wp-content\/uploads\/sites\/9\/2024\/11\/Valb_Utskick_241128_v2.pdf\"><em><strong>Valberedningens st\u00f6rre utskick inf\u00f6r f\u00f6rbundsm\u00f6tet 2025.<\/strong><\/em><\/a><\/li>\n<\/ul>\n<div class=\"single-card__title\">\n<p>SCF-styrelsen passar p\u00e5 att samtidigt bjuda in till Cykelforum, dagen innan f\u00f6rbundsm\u00f6tet p\u00e5 samma hotell i J\u00f6nk\u00f6ping.<\/p>\n<h3>SCF:s Cykelforum 2025<\/h3>\n<ul>\n<li><strong>Tid:<\/strong> L\u00f6rdag 8 mars kl 13\u201318 med efterf\u00f6ljande middag kl 19. Liksom fika under dagen ing\u00e5r middagen men den kr\u00e4ver separat anm\u00e4lan, se nedan. (Observera att det \u00e4r begr\u00e4nsat antal\u00a0 middagsplatser!)<\/li>\n<li><strong>Plats<\/strong>: Elite Stora Hotellet J\u00f6nk\u00f6ping,<a href=\"https:\/\/bookings.elite.se\/ibe\/details.aspx?propertyid=16746&amp;nights=2&amp;checkin=2025-03-07&amp;group=9248564&amp;lang=sv\"><em><strong> med denna bokningsl\u00e4nk<\/strong><\/em><\/a> f\u00e5r ni 15 procent rabatt p\u00e5 alla rumsbokningar.<\/li>\n<li><strong>Sista anm\u00e4lningsdag:<\/strong> 3 mars, kl 23.59<\/li>\n<li><strong>Fr\u00e5gor:<\/strong> Mejla <a href=\"mailto:kansli@scf.se\"><em><strong>kansli@scf.se <\/strong><\/em><\/a>om ni har n\u00e5gra fr\u00e5gor eller funderingar, s\u00e5 l\u00f6ser vi det!<\/li>\n<li>Ta chansen att tr\u00e4ffa nya och gamla cykelbekanta under l\u00f6rdagen p\u00e5 Stora Hotellet J\u00f6nk\u00f6ping. Grundprogrammet inneh\u00e5ller s\u00e5v\u00e4l inspirerande punkter som extremt viktiga f\u00f6r hela SCF:s framtid.<\/li>\n<\/ul>\n<p>Eftersom middagsmatsalen har begr\u00e4nsat utrymme, prioriteras g\u00e4ster som deltar p\u00e5 s\u00f6ndagens f\u00f6rbundsm\u00f6te vid fler anm\u00e4lningar \u00e4n platser. I \u00f6vrigt g\u00e4ller f\u00f6rst till kvarn. Men vi h\u00e4lsar alla varmt v\u00e4lkomna till b\u00e5de l\u00f6rdagens Cykelforum och s\u00f6ndagens f\u00f6rbundsm\u00f6te.<\/p>\n<\/div>\n<div class=\"single-card__title\">\n<h3>Program f\u00f6r Cykelforum<\/h3>\n<ul>\n<li><strong>M\u00f6t Tobias Ludvigsson<\/strong> som just har avslutat en l\u00e5ng och fin proffskarri\u00e4r och en h\u00f6g med SM-medaljer, varav tre raka guld p\u00e5 tempo-SM 2017\u201319.<\/li>\n<li><strong>S\u00e5 arbetar de olika grengrupperna<\/strong>, vilken roll och vilket syfte de har. Ange i anm\u00e4lan till Cykelforum vilken av grengrupperna som \u00e4r mest intressant f\u00f6r dig.<\/li>\n<li><strong>SCF:s attitydsunders\u00f6kning<\/strong>. Ni blir f\u00f6rst att f\u00e5 en redovisning av den nyligen genomf\u00f6rda attitydunders\u00f6kningen; diskussion om hur vi jobbar vidare efter gl\u00e4djande m\u00e5nga enk\u00e4tsvar.<\/li>\n<li><strong>S\u00e5 n\u00e5r vi sj\u00e4lvfinansiering<\/strong> \u2013 var med och ge f\u00f6rslag p\u00e5 l\u00f6sningar.<\/li>\n<li><strong>Vilka krav har Riksidrottsf\u00f6rbundet (RF) p\u00e5 SCF<\/strong> \u2013 s\u00e5 m\u00e4ts vi mot RF med avseende p\u00e5 olika ekonomiskt st\u00f6d.<\/li>\n<li><strong>S\u00e5 jobbar RF-SISU i distrikten.<\/strong> Sm\u00e5lands RF-SISU-organisation som utvecklar och st\u00f6djer idrottsr\u00f6relsen regionalt, finns p\u00e5 plats.<\/li>\n<\/ul>\n<h3><strong><em><a href=\"https:\/\/docs.google.com\/forms\/d\/e\/1FAIpQLScz0QZ7WZNF79cvW8Bqy4kpPK1WwCZo7DvEORy3CdWovVUuew\/viewform?usp=sharing\">Anm\u00e4l dig till Cykelforum l\u00f6rdan 8 mars h\u00e4r!<\/a><\/em><\/strong><\/h3>\n<p>V\u00e4lkomna till s\u00e5v\u00e4l Cykelforum p\u00e5 l\u00f6rdagen och s\u00f6ndagens f\u00f6rbundsm\u00f6te.<\/p>\n<p><strong><em>Stefhan Klang<\/em><\/strong><br \/>\n<em>Styrelseordf\u00f6rande, Svenska Cykelf\u00f6rbundet<\/em><\/p>\n<\/div>\n","protected":false},"excerpt":{"rendered":"<p>SCF:s distrikt och f\u00f6reningar h\u00e4lsas varmt v\u00e4lkomna till Svenska Cykelf\u00f6rbundets 122:a f\u00f6rbundsm\u00f6te. S\u00f6ndagen den 9 mars 2025 ses vi\u00a0 i J\u00f6nk\u00f6ping. M\u00f6tet startar klockan 10.00. Var d\u00e4r i god tid \u2013 d\u00f6rrarna till m\u00f6teslokalen \u00f6ppnas cirka 09.00. SCF:s f\u00f6rbundsm\u00f6te 2025 kommer att h\u00e5llas p\u00e5 plats i Elite Stora Hotellet J\u00f6nk\u00f6ping. Observera att det inte<a href=\"https:\/\/scf.se\/forbundet\/valkomna-till-scfs-forbundsmote-i-jonkoping-och-cykelforum\/\" class=\"news-card__more\"> &#8230;<\/a><\/p>\n","protected":false},"author":41,"featured_media":9554,"comment_status":"open","ping_status":"open","sticky":false,"template":"","format":"standard","meta":{"_acf_changed":false,"footnotes":""},"categories":[1],"tags":[],"class_list":["post-9631","post","type-post","status-publish","format-standard","hentry","category-forbundet"],"acf":[],"_links":{"self":[{"href":"https:\/\/scf.se\/forbundet\/wp-json\/wp\/v2\/posts\/9631","targetHints":{"allow":["GET"]}}],"collection":[{"href":"https:\/\/scf.se\/forbundet\/wp-json\/wp\/v2\/posts"}],"about":[{"href":"https:\/\/scf.se\/forbundet\/wp-json\/wp\/v2\/types\/post"}],"author":[{"embeddable":true,"href":"https:\/\/scf.se\/forbundet\/wp-json\/wp\/v2\/users\/41"}],"replies":[{"embeddable":true,"href":"https:\/\/scf.se\/forbundet\/wp-json\/wp\/v2\/comments?post=9631"}],"version-history":[{"count":20,"href":"https:\/\/scf.se\/forbundet\/wp-json\/wp\/v2\/posts\/9631\/revisions"}],"predecessor-version":[{"id":9777,"href":"https:\/\/scf.se\/forbundet\/wp-json\/wp\/v2\/posts\/9631\/revisions\/9777"}],"wp:featuredmedia":[{"embeddable":true,"href":"https:\/\/scf.se\/forbundet\/wp-json\/wp\/v2\/media\/9554"}],"wp:attachment":[{"href":"https:\/\/scf.se\/forbundet\/wp-json\/wp\/v2\/media?parent=9631"}],"wp:term":[{"taxonomy":"category","embeddable":true,"href":"https:\/\/scf.se\/forbundet\/wp-json\/wp\/v2\/categories?post=9631"},{"taxonomy":"post_tag","embeddable":true,"href":"https:\/\/scf.se\/forbundet\/wp-json\/wp\/v2\/tags?post=9631"}],"curies":[{"name":"wp","href":"https:\/\/api.w.org\/{rel}","templated":true}]}}