
{"id":9608,"date":"2025-02-18T14:45:52","date_gmt":"2025-02-18T13:45:52","guid":{"rendered":"https:\/\/scf.se\/forbundet\/?p=9608"},"modified":"2025-02-18T23:42:31","modified_gmt":"2025-02-18T22:42:31","slug":"lvg-har-antidopingforelasning-den-26-februari-alla-valkomna","status":"publish","type":"post","link":"https:\/\/scf.se\/forbundet\/lvg-har-antidopingforelasning-den-26-februari-alla-valkomna\/","title":{"rendered":"LVG har antidopingf\u00f6rel\u00e4sning den 26 februari \u2013 alla grenar v\u00e4lkomna!"},"content":{"rendered":"<p><strong>Svenska Cykelf\u00f6rbundets grengrupp landsv\u00e4g kommer att ha en digital antidopingf\u00f6rel\u00e4sning f\u00f6r alla landslagsaktuella 2025. Men alla cyklister och ledare fr\u00e5n ALLA grenar \u00e4r v\u00e4ldigt v\u00e4lkomna att lyssna p\u00e5 detta viktiga \u00e4mne den 26 februari. <\/strong>(Publicerad 5\/2, uppdaterad 18\/2.)<\/p>\n<p>Deltagande \u00e4r obligatoriskt f\u00f6r alla som ska k\u00f6ra i landslaget f\u00f6r landsv\u00e4g. Men alla andra i Cykelsverige \u00e4r \u00e4ven v\u00e4lkomna att lyssna n\u00e4r representanter f\u00f6r Antidoping Sverige h\u00e5ller f\u00f6rel\u00e4sning.<\/p>\n<p>Lucas Persson, som \u00e4r f\u00f6rbundskapten f\u00f6r landsv\u00e4g och en av de tre medlemmarna i Antidopingkommitt\u00e9n, \u00f6nskar att alla SCF-grenar \u00e4r med och lyssnar p\u00e5 detta.<\/p>\n<h2>Antidopningsf\u00f6rel\u00e4sning<\/h2>\n<ul>\n<li><strong>Datum:<\/strong> 26 februari<\/li>\n<li><strong>Var<\/strong>: Teams, l\u00e4nk nedan!<\/li>\n<li><strong>N\u00e4r:<\/strong> 19.00\u201320.00.<\/li>\n<\/ul>\n<h3><em><strong><a href=\"https:\/\/teams.microsoft.com\/l\/meetup-join\/19%3ameeting_NmQ2ZWM0Y2YtNjE0My00ZWM3LThkZmUtNTIxOWNkZmEwMzRh%40thread.v2\/0?context=%7b%22Tid%22%3a%22eb5b2d6e-028e-454d-b878-0c055adbeb2a%22%2c%22Oid%22%3a%22ace10d4d-3df9-4679-90b5-55901cb35c5d%22%7d\">L\u00e4nk till f\u00f6rel\u00e4sningen och samtal kring dopning p\u00e5 Teams h\u00e4r!<\/a><\/strong><\/em><\/h3>\n<h2>L\u00e4s mycket mera om antidoping<\/h2>\n<ul>\n<li><a href=\"https:\/\/scf.se\/forbundet\/tavlingsverksamhet\/antidoping\/ren-vinnare\/\"><em><strong>SCF:s uppdaterade antidopingplan och info om Ren vinnare.<\/strong><\/em><\/a><\/li>\n<li><a href=\"https:\/\/www.mynewsdesk.com\/se\/antidoping-sverige\/pressreleases\/dopinglistan-2025-paa-svenska-3358670\"><em><strong>Nu finns Dopinglistan 2025 p\u00e5 svenska.<\/strong><\/em><\/a><\/li>\n<li><a href=\"https:\/\/www.antidoping.se\/dispens-laekemedelssoek\/dopinglistan\/\"><strong><em>Information om dess inneh\u00e5ll och uppbyggnad.<\/em><\/strong><\/a><\/li>\n<li><em><strong>Rapport efter Antidopingskonferensen, inklusive l\u00e4kemedelss\u00f6k och SCF:s uppdaterade antidopningsprogram, se nedan!<\/strong><\/em><\/li>\n<\/ul>\n<blockquote class=\"wp-embedded-content\" data-secret=\"VFh8FWhvil\"><p><a href=\"https:\/\/scf.se\/forbundet\/flera-konkreta-punkter-att-jobba-med-efter-antidopingskonferensen\/\">Flera konkreta punkter att jobba med efter antidopingskonferensen<\/a><\/p><\/blockquote>\n<p><div class=\"video-wrapper\"><iframe loading=\"lazy\" class=\"wp-embedded-content\" sandbox=\"allow-scripts\" security=\"restricted\" style=\"position: absolute; visibility: hidden;\" title=\"\u201dFlera konkreta punkter att jobba med efter antidopingskonferensen\u201d &ndash; F\u00f6rbundet\" src=\"https:\/\/scf.se\/forbundet\/flera-konkreta-punkter-att-jobba-med-efter-antidopingskonferensen\/embed\/#?secret=zLyCLxjdrb#?secret=VFh8FWhvil\" data-secret=\"VFh8FWhvil\" width=\"500\" height=\"282\" frameborder=\"0\" marginwidth=\"0\" marginheight=\"0\" scrolling=\"no\"><\/iframe><\/div><\/p>\n<ul>\n<li><a href=\"https:\/\/antidoping.se\/lakemedelssok\"><em><strong>Direktl\u00e4nk till Antidoping Sveriges l\u00e4kemedelss\u00f6k h\u00e4r!<\/strong><\/em><\/a><\/li>\n<\/ul>\n<p><em>Text: SCF<\/em><\/p>\n","protected":false},"excerpt":{"rendered":"<p>Svenska Cykelf\u00f6rbundets grengrupp landsv\u00e4g kommer att ha en digital antidopingf\u00f6rel\u00e4sning f\u00f6r alla landslagsaktuella 2025. Men alla cyklister och ledare fr\u00e5n ALLA grenar \u00e4r v\u00e4ldigt v\u00e4lkomna att lyssna p\u00e5 detta viktiga \u00e4mne den 26 februari. (Publicerad 5\/2, uppdaterad 18\/2.) Deltagande \u00e4r obligatoriskt f\u00f6r alla som ska k\u00f6ra i landslaget f\u00f6r landsv\u00e4g. Men alla andra i<a href=\"https:\/\/scf.se\/forbundet\/lvg-har-antidopingforelasning-den-26-februari-alla-valkomna\/\" class=\"news-card__more\"> &#8230;<\/a><\/p>\n","protected":false},"author":41,"featured_media":7140,"comment_status":"open","ping_status":"open","sticky":false,"template":"","format":"standard","meta":{"_acf_changed":false,"footnotes":""},"categories":[1],"tags":[],"class_list":["post-9608","post","type-post","status-publish","format-standard","hentry","category-forbundet"],"acf":[],"_links":{"self":[{"href":"https:\/\/scf.se\/forbundet\/wp-json\/wp\/v2\/posts\/9608","targetHints":{"allow":["GET"]}}],"collection":[{"href":"https:\/\/scf.se\/forbundet\/wp-json\/wp\/v2\/posts"}],"about":[{"href":"https:\/\/scf.se\/forbundet\/wp-json\/wp\/v2\/types\/post"}],"author":[{"embeddable":true,"href":"https:\/\/scf.se\/forbundet\/wp-json\/wp\/v2\/users\/41"}],"replies":[{"embeddable":true,"href":"https:\/\/scf.se\/forbundet\/wp-json\/wp\/v2\/comments?post=9608"}],"version-history":[{"count":15,"href":"https:\/\/scf.se\/forbundet\/wp-json\/wp\/v2\/posts\/9608\/revisions"}],"predecessor-version":[{"id":9725,"href":"https:\/\/scf.se\/forbundet\/wp-json\/wp\/v2\/posts\/9608\/revisions\/9725"}],"wp:featuredmedia":[{"embeddable":true,"href":"https:\/\/scf.se\/forbundet\/wp-json\/wp\/v2\/media\/7140"}],"wp:attachment":[{"href":"https:\/\/scf.se\/forbundet\/wp-json\/wp\/v2\/media?parent=9608"}],"wp:term":[{"taxonomy":"category","embeddable":true,"href":"https:\/\/scf.se\/forbundet\/wp-json\/wp\/v2\/categories?post=9608"},{"taxonomy":"post_tag","embeddable":true,"href":"https:\/\/scf.se\/forbundet\/wp-json\/wp\/v2\/tags?post=9608"}],"curies":[{"name":"wp","href":"https:\/\/api.w.org\/{rel}","templated":true}]}}