
{"id":9578,"date":"2025-02-18T13:15:21","date_gmt":"2025-02-18T12:15:21","guid":{"rendered":"https:\/\/scf.se\/forbundet\/?p=9578"},"modified":"2025-04-18T08:48:10","modified_gmt":"2025-04-18T06:48:10","slug":"eyof-lager-ersatts-med-teamsmote-18-mars-for-bade-landsvag-och-mtb","status":"publish","type":"post","link":"https:\/\/scf.se\/forbundet\/eyof-lager-ersatts-med-teamsmote-18-mars-for-bade-landsvag-och-mtb\/","title":{"rendered":"EYOF-l\u00e4ger ers\u00e4tts med Teamsm\u00f6te 18 mars f\u00f6r b\u00e5de landsv\u00e4g och MTB"},"content":{"rendered":"<p><strong>Landslagsledningarna f\u00f6r landsv\u00e4g och mountainbike har tagit beslut att st\u00e4lla in v\u00e5r EYOF-tr\u00e4ff i Skara den 14 mars. Vi kommer att h\u00e5lla ett informationsm\u00f6te ang\u00e5ende uttagningen till Europaungdoms-OS den 18 mars via Teams.<\/strong> (Uppdaterad version 18 februari.)<\/p>\n<blockquote><p>&#8221;Tack f\u00f6r ert intresse och f\u00f6r era presentationer av er sj\u00e4lva. Vi sparar detta och tar med oss detta inf\u00f6r sommarens uttagningar till EYOF&#8221;, s\u00e4ger Lucas Persson och Johan Nielsen, som \u00e4r huvudansvarig f\u00f6rbundskapten f\u00f6r landsv\u00e4g respektive administrativ f\u00f6rbundskapten i MTB.<\/p><\/blockquote>\n<p>En av anledningarna till att vi st\u00e4ller in tr\u00e4ffen \u00e4r att m\u00e5nga inte har best\u00e4mt sig f\u00f6r att k\u00f6ra uttagningst\u00e4vlingarna.<\/p>\n<p>F\u00f6r att bli aktuell till EYOF p\u00e5 landsv\u00e4g s\u00e5 kommer man att beh\u00f6va k\u00f6ra v\u00e5ra uttagningst\u00e4vlingar.<\/p>\n<p>Om man vill bli aktuell f\u00f6r EYOF i landsv\u00e4g s\u00e5 b\u00f6r man k\u00f6ra tre av fyra observationslopp. T\u00e4vlar man \u00e4ven i MTB s\u00e5 b\u00f6r man k\u00f6ra tv\u00e5 av fyra observationslopp. H\u00e4r \u00e4r de testt\u00e4vlingar som g\u00e4ller.<\/p>\n<h3>Landsv\u00e4g<\/h3>\n<ul>\n<li><strong>26 april<\/strong>: Kinnekulle Energiloppet. Info och anm\u00e4lan: https:\/\/www.sportstiming.se\/event\/15612<\/li>\n<li><strong>27 april:<\/strong> G\u00f6tenetempot. Info och anm\u00e4lan:<\/li>\n<li><strong>11 maj:<\/strong> Lyngbyloppet. Info och anm\u00e4lan: https:\/\/www.sportstiming.se\/event\/15613 https:\/\/www.sportstiming.se\/event\/16049<\/li>\n<li><strong>6 juni:<\/strong> Nationaldagsloppet. Info och anm\u00e4lan: https:\/\/www.sportstiming.se\/event\/16210<\/li>\n<\/ul>\n<h3>Mountanbike<\/h3>\n<ul>\n<li><strong>25-27 april<\/strong>: SWE Cup #1, Huskvarna.<br \/>\nInfo och anm\u00e4lan: https:\/\/www.sportstiming.se\/event\/15599<\/li>\n<li><strong>10-11 maj:<\/strong> SWE Cup XCO och XCC #3\u20134, Gothenburg MTB Race<br \/>\nInfo och anm\u00e4lan: https:\/\/www.sportstiming.se\/event\/15674<\/li>\n<li><strong>31 maj<\/strong>: SWE Cup XCO och XCC #5\u20136, Lugnet Falun<br \/>\nInfo och anm\u00e4lan: https:\/\/www.sportstiming.se\/event\/15908<\/li>\n<li><strong>6 juni:<\/strong> SWE Cup XCO #7, Borl\u00e4nge Tour<br \/>\nInfo och anm\u00e4lan: https:\/\/www.sportstiming.se\/event\/15474<\/li>\n<\/ul>\n<p>Efter den 6 juni kommer uttagningen att ske. Vi kommer att h\u00e5lla ett informationsm\u00f6te den 18 mars kl 19.00-20.00 via Teams. L\u00e4nk till m\u00f6tet:<\/p>\n<p><a href=\"https:\/\/teams.microsoft.com\/l\/meetup-join\/19%3ameeting_YzE2ODc0ZmItMTMzNC00OGQxLTliYzktMzliOGQzYjhlMDEy%40thread.v2\/0?context=%7b%22Tid%22%3a%22eb5b2d6e-028e-454d-b878-0c055adbeb2a%22%2c%22Oid%22%3a%222a500f19-5b95-4d58-ad73-b1236e886ed0%22%7d\">https:\/\/teams.microsoft.com\/l\/meetup-join\/19%3ameeting_YzE2ODc0ZmItMTMzNC00OGQxLTliYzktMzliOGQzYjhlMDEy%40thread.v2\/0?context=%7b%22Tid%22%3a%22eb5b2d6e-028e-454d-b878-0c055adbeb2a%22%2c%22Oid%22%3a%222a500f19-5b95-4d58-ad73-b1236e886ed0%22%7d<\/a><\/p>\n<h3>F\u00f6r fr\u00e5gor redan innan m\u00f6tet<\/h3>\n<ul>\n<li>F\u00f6r landsv\u00e4g s\u00e5 mejlar ni: <a href=\"mailto:lucas.persson@scf.se\"><em><strong>lucas.persson@scf.se<\/strong><\/em><\/a><\/li>\n<li>F\u00f6r MTB s\u00e5 mejlar ni: <a href=\"mailto:johan.nielsen@scf.se\"><em><strong>johan.nielsen@scf.se<\/strong><\/em><\/a><\/li>\n<\/ul>\n<p><em>Text: SCF<\/em><\/p>\n","protected":false},"excerpt":{"rendered":"<p>Landslagsledningarna f\u00f6r landsv\u00e4g och mountainbike har tagit beslut att st\u00e4lla in v\u00e5r EYOF-tr\u00e4ff i Skara den 14 mars. Vi kommer att h\u00e5lla ett informationsm\u00f6te ang\u00e5ende uttagningen till Europaungdoms-OS den 18 mars via Teams. (Uppdaterad version 18 februari.) &#8221;Tack f\u00f6r ert intresse och f\u00f6r era presentationer av er sj\u00e4lva. Vi sparar detta och tar med<a href=\"https:\/\/scf.se\/forbundet\/eyof-lager-ersatts-med-teamsmote-18-mars-for-bade-landsvag-och-mtb\/\" class=\"news-card__more\"> &#8230;<\/a><\/p>\n","protected":false},"author":41,"featured_media":9205,"comment_status":"open","ping_status":"open","sticky":false,"template":"","format":"standard","meta":{"_acf_changed":false,"footnotes":""},"categories":[1],"tags":[],"class_list":["post-9578","post","type-post","status-publish","format-standard","hentry","category-forbundet"],"acf":[],"_links":{"self":[{"href":"https:\/\/scf.se\/forbundet\/wp-json\/wp\/v2\/posts\/9578","targetHints":{"allow":["GET"]}}],"collection":[{"href":"https:\/\/scf.se\/forbundet\/wp-json\/wp\/v2\/posts"}],"about":[{"href":"https:\/\/scf.se\/forbundet\/wp-json\/wp\/v2\/types\/post"}],"author":[{"embeddable":true,"href":"https:\/\/scf.se\/forbundet\/wp-json\/wp\/v2\/users\/41"}],"replies":[{"embeddable":true,"href":"https:\/\/scf.se\/forbundet\/wp-json\/wp\/v2\/comments?post=9578"}],"version-history":[{"count":12,"href":"https:\/\/scf.se\/forbundet\/wp-json\/wp\/v2\/posts\/9578\/revisions"}],"predecessor-version":[{"id":10213,"href":"https:\/\/scf.se\/forbundet\/wp-json\/wp\/v2\/posts\/9578\/revisions\/10213"}],"wp:featuredmedia":[{"embeddable":true,"href":"https:\/\/scf.se\/forbundet\/wp-json\/wp\/v2\/media\/9205"}],"wp:attachment":[{"href":"https:\/\/scf.se\/forbundet\/wp-json\/wp\/v2\/media?parent=9578"}],"wp:term":[{"taxonomy":"category","embeddable":true,"href":"https:\/\/scf.se\/forbundet\/wp-json\/wp\/v2\/categories?post=9578"},{"taxonomy":"post_tag","embeddable":true,"href":"https:\/\/scf.se\/forbundet\/wp-json\/wp\/v2\/tags?post=9578"}],"curies":[{"name":"wp","href":"https:\/\/api.w.org\/{rel}","templated":true}]}}