
{"id":9546,"date":"2025-01-30T18:21:38","date_gmt":"2025-01-30T17:21:38","guid":{"rendered":"https:\/\/scf.se\/forbundet\/?p=9546"},"modified":"2025-02-18T08:35:40","modified_gmt":"2025-02-18T07:35:40","slug":"nu-finns-handlingarna-infor-scfs-forbundsmote-i-jonkoping","status":"publish","type":"post","link":"https:\/\/scf.se\/forbundet\/nu-finns-handlingarna-infor-scfs-forbundsmote-i-jonkoping\/","title":{"rendered":"Nu finns handlingarna inf\u00f6r SCF:s f\u00f6rbundsm\u00f6te 9 mars i J\u00f6nk\u00f6ping"},"content":{"rendered":"<h3><strong>Svenska Cykelf\u00f6rbundets f\u00f6rbundsm\u00f6te 9 mars 2025 kommer att h\u00e5llas p\u00e5 plats i J\u00f6nk\u00f6ping. M\u00f6teslokalen \u00e4r Elite Stora Hotellet J\u00f6nk\u00f6ping och f\u00f6rbundsm\u00f6tet startar kl 10.00. Var g\u00e4rna p\u00e5 plats i god tid, d\u00f6rrarna \u00f6ppnas en timme f\u00f6re m\u00f6tet. Det finns ingen m\u00f6jlighet att medverka eller r\u00f6sta digitalt.\u00a0<\/strong><\/h3>\n<p>Nu finns bland annat \u00e5rsm\u00f6teshandlingar med dagordning, Verksamhetsber\u00e4ttelse,\u00a0 Verksamhetsplan och valberedningens nomineringar att l\u00e4sa.<\/p>\n<p>Ytterligare handlingar kommer att adderas d\u00e4r enligt det fastlagda tidsschemat. H\u00e4r \u00e4r det som finns i skrivande stund:<\/p>\n<h3>Handlingar inf\u00f6r f\u00f6rbundsm\u00f6tet 2025<\/h3>\n<ul>\n<li><a href=\"https:\/\/scf.se\/forbundet\/wp-content\/uploads\/sites\/9\/2024\/11\/Forbundsmote-2025-handlingar.pdf\"><em><strong>\u00c5rsm\u00f6teshandlingar med dagordning.<\/strong><\/em><\/a><\/li>\n<li><a href=\"https:\/\/scf.se\/forbundet\/wp-content\/uploads\/sites\/9\/2024\/11\/VB-2024-stor-storlek.pdf\"><em><strong>Verksamhetsber\u00e4ttelse. <\/strong><\/em><\/a><\/li>\n<li><a href=\"https:\/\/scf.se\/forbundet\/wp-content\/uploads\/sites\/9\/2024\/11\/VP-2025-stor-storlek.pdf\"><em><strong>Verksamhetsplan.<\/strong><\/em><\/a><\/li>\n<\/ul>\n<h3>Anm\u00e4lan och fullmakt<\/h3>\n<div class=\"single-card__title\">\n<ul>\n<li><strong>Anm\u00e4lan<\/strong> till f\u00f6rbundsm\u00f6tet som <strong>f\u00f6rening<\/strong>: <em><strong><a href=\"https:\/\/scf.se\/forbundet\/wp-content\/uploads\/sites\/9\/2024\/11\/Anmalan-forening-till-Forbundsmote-2025.docx\">Word <\/a><\/strong><\/em>eller <em><strong><a href=\"https:\/\/scf.se\/forbundet\/wp-content\/uploads\/sites\/9\/2024\/11\/Anmalan-forening-till-Forbundsmote-2025.pdf\">PDF<\/a><\/strong><\/em><\/li>\n<li><strong>Anm\u00e4lan<\/strong> till f\u00f6rbundsm\u00f6tet som <strong>distrikt<\/strong>: <em><strong><a href=\"https:\/\/scf.se\/forbundet\/wp-content\/uploads\/sites\/9\/2024\/11\/Anmalan-distrikt-till-Forbundsmote-2025.docx\">Word<\/a><\/strong><\/em>eller<em><strong><a href=\"https:\/\/scf.se\/forbundet\/wp-content\/uploads\/sites\/9\/2024\/11\/Anmalan-distrikt-till-Forbundsmote-2025.pdf\">PDF<\/a><\/strong><\/em><\/li>\n<li><strong>Anm\u00e4lan<\/strong> till f\u00f6rbundsm\u00f6tet som <strong>n\u00e4mnd\/kommitt\u00e9<\/strong>: <a href=\"https:\/\/scf.se\/forbundet\/wp-content\/uploads\/sites\/9\/2024\/11\/Anmalan-namnd-kommitte-till-Forbundsmote-2025.docx\"><em><strong>Word<\/strong><\/em><\/a> eller <strong><em><a href=\"https:\/\/scf.se\/forbundet\/wp-content\/uploads\/sites\/9\/2024\/11\/Anmalan-namnd-kommitte-till-Forbundsmote-2025.pdf\">PDF<\/a><\/em><\/strong><\/li>\n<li><strong>Fullmakt<\/strong> fr\u00e5n f\u00f6rening till distrikt: <em><strong><a href=\"https:\/\/scf.se\/forbundet\/wp-content\/uploads\/sites\/9\/2024\/11\/Fullmakt-vid-SCF-Forbundsmote-2025.docx\">Word<\/a><\/strong><\/em> eller <em><strong><a href=\"https:\/\/scf.se\/forbundet\/wp-content\/uploads\/sites\/9\/2024\/11\/Fullmakt-vid-SCF-Forbundsmote-2025.pdf\">PDF<\/a><\/strong><\/em><\/li>\n<\/ul>\n<h3>Handlingar fr\u00e5n valberedningen<\/h3>\n<ul>\n<li><strong><a href=\"https:\/\/scf.se\/forbundet\/wp-content\/uploads\/sites\/9\/2024\/11\/Valb2025_utskick_20250131_V2.pdf\">Valb2025_utskick_20250131_V2<\/a><\/strong><\/li>\n<li><strong><a href=\"https:\/\/scf.se\/forbundet\/wp-content\/uploads\/sites\/9\/2025\/01\/Valb2025_Nomineringar_V2.pdf\">Valb2025_Nomineringar_V2<\/a><\/strong><\/li>\n<li><strong><em><a href=\"https:\/\/scf.se\/forbundet\/wp-content\/uploads\/sites\/9\/2024\/11\/Valb2025_Punkt12.pdf\">Valb2025_Punkt12<\/a><\/em><\/strong><\/li>\n<li><strong><em><a href=\"https:\/\/scf.se\/forbundet\/wp-content\/uploads\/sites\/9\/2024\/11\/Valb2025_Punkt13.pdf\">Valb2025_Punkt13<\/a><\/em><\/strong><\/li>\n<li><strong><em><a href=\"https:\/\/scf.se\/forbundet\/wp-content\/uploads\/sites\/9\/2024\/11\/Valb2025_Punkt14.pdf\">Valb2025_Punkt14<\/a><\/em><\/strong><\/li>\n<li><strong><em><a href=\"https:\/\/scf.se\/forbundet\/wp-content\/uploads\/sites\/9\/2024\/11\/Valb2025_Punkt1516.pdf\">Valb2025_Punkt1516<\/a><\/em><\/strong><\/li>\n<li><a href=\"https:\/\/scf.se\/forbundet\/wp-content\/uploads\/sites\/9\/2024\/11\/Valb_Utskick_241128_v2.pdf\"><em><strong>Valberedningens utskick inf\u00f6r f\u00f6rbundsm\u00f6tet 2025.<\/strong><\/em><\/a><\/li>\n<\/ul>\n<\/div>\n<h3><strong><a href=\"https:\/\/scf.se\/forbundet\/kalender\/scfs-forbundsmote-2025\/\"><em>L\u00e4s mer om alla handlingar och datum inf\u00f6r SCF:s f\u00f6rbundsm\u00f6te samt <\/em><\/a><\/strong><strong><a href=\"https:\/\/scf.se\/forbundet\/kalender\/scfs-forbundsmote-2025\/\"><em>l\u00e4nk till Cykelforum som h\u00e5lls p\u00e5 samma plats dagen H\u00c4R!<\/em><\/a><\/strong><\/h3>\n<p><em>Text: SCF<\/em><br \/>\n<em>Foto: Piper Albrecht<\/em><\/p>\n<hr \/>\n<a href=\"https:\/\/scf.se\/forbundet\/wp-content\/uploads\/sites\/9\/2025\/01\/SponsorplattaVB_VP_2024.jpg\"><img loading=\"lazy\" decoding=\"async\" class=\"alignnone size-full wp-image-9518\" src=\"https:\/\/scf.se\/forbundet\/wp-content\/uploads\/sites\/9\/2025\/01\/SponsorplattaVB_VP_2024.jpg\" alt=\"\" width=\"1600\" height=\"1021\" srcset=\"https:\/\/scf.se\/forbundet\/wp-content\/uploads\/sites\/9\/2025\/01\/SponsorplattaVB_VP_2024.jpg 1600w, https:\/\/scf.se\/forbundet\/wp-content\/uploads\/sites\/9\/2025\/01\/SponsorplattaVB_VP_2024-300x191.jpg 300w, https:\/\/scf.se\/forbundet\/wp-content\/uploads\/sites\/9\/2025\/01\/SponsorplattaVB_VP_2024-1024x653.jpg 1024w, https:\/\/scf.se\/forbundet\/wp-content\/uploads\/sites\/9\/2025\/01\/SponsorplattaVB_VP_2024-768x490.jpg 768w, https:\/\/scf.se\/forbundet\/wp-content\/uploads\/sites\/9\/2025\/01\/SponsorplattaVB_VP_2024-1536x980.jpg 1536w\" sizes=\"auto, (max-width: 1600px) 100vw, 1600px\" \/><\/a>\n","protected":false},"excerpt":{"rendered":"<p>Svenska Cykelf\u00f6rbundets f\u00f6rbundsm\u00f6te 9 mars 2025 kommer att h\u00e5llas p\u00e5 plats i J\u00f6nk\u00f6ping. M\u00f6teslokalen \u00e4r Elite Stora Hotellet J\u00f6nk\u00f6ping och f\u00f6rbundsm\u00f6tet startar kl 10.00. Var g\u00e4rna p\u00e5 plats i god tid, d\u00f6rrarna \u00f6ppnas en timme f\u00f6re m\u00f6tet. Det finns ingen m\u00f6jlighet att medverka eller r\u00f6sta digitalt.\u00a0 Nu finns bland annat \u00e5rsm\u00f6teshandlingar med dagordning, Verksamhetsber\u00e4ttelse,\u00a0<a href=\"https:\/\/scf.se\/forbundet\/nu-finns-handlingarna-infor-scfs-forbundsmote-i-jonkoping\/\" class=\"news-card__more\"> &#8230;<\/a><\/p>\n","protected":false},"author":41,"featured_media":9554,"comment_status":"open","ping_status":"open","sticky":false,"template":"","format":"standard","meta":{"_acf_changed":false,"footnotes":""},"categories":[1],"tags":[],"class_list":["post-9546","post","type-post","status-publish","format-standard","hentry","category-forbundet"],"acf":[],"_links":{"self":[{"href":"https:\/\/scf.se\/forbundet\/wp-json\/wp\/v2\/posts\/9546","targetHints":{"allow":["GET"]}}],"collection":[{"href":"https:\/\/scf.se\/forbundet\/wp-json\/wp\/v2\/posts"}],"about":[{"href":"https:\/\/scf.se\/forbundet\/wp-json\/wp\/v2\/types\/post"}],"author":[{"embeddable":true,"href":"https:\/\/scf.se\/forbundet\/wp-json\/wp\/v2\/users\/41"}],"replies":[{"embeddable":true,"href":"https:\/\/scf.se\/forbundet\/wp-json\/wp\/v2\/comments?post=9546"}],"version-history":[{"count":11,"href":"https:\/\/scf.se\/forbundet\/wp-json\/wp\/v2\/posts\/9546\/revisions"}],"predecessor-version":[{"id":9720,"href":"https:\/\/scf.se\/forbundet\/wp-json\/wp\/v2\/posts\/9546\/revisions\/9720"}],"wp:featuredmedia":[{"embeddable":true,"href":"https:\/\/scf.se\/forbundet\/wp-json\/wp\/v2\/media\/9554"}],"wp:attachment":[{"href":"https:\/\/scf.se\/forbundet\/wp-json\/wp\/v2\/media?parent=9546"}],"wp:term":[{"taxonomy":"category","embeddable":true,"href":"https:\/\/scf.se\/forbundet\/wp-json\/wp\/v2\/categories?post=9546"},{"taxonomy":"post_tag","embeddable":true,"href":"https:\/\/scf.se\/forbundet\/wp-json\/wp\/v2\/tags?post=9546"}],"curies":[{"name":"wp","href":"https:\/\/api.w.org\/{rel}","templated":true}]}}