
{"id":9488,"date":"2025-02-26T11:27:55","date_gmt":"2025-02-26T10:27:55","guid":{"rendered":"https:\/\/scf.se\/forbundet\/?p=9488"},"modified":"2025-02-28T07:22:01","modified_gmt":"2025-02-28T06:22:01","slug":"forma-framtiden-for-svensk-cykel-och-mot-cykelvanner-pa-cykelforum","status":"publish","type":"post","link":"https:\/\/scf.se\/forbundet\/forma-framtiden-for-svensk-cykel-och-mot-cykelvanner-pa-cykelforum\/","title":{"rendered":"Forma framtiden f\u00f6r svensk cykel \u2013 anm\u00e4l senast 3 mars till Cykelforum"},"content":{"rendered":"<p><strong>Vill du vara med och p\u00e5verka svensk cykels framtid? D\u00e5 tr\u00e4ffas vi den 8 mars i J\u00f6nk\u00f6ping f\u00f6r Cykelforum \u2013 en dag fylld av inspiration, viktiga samtal och m\u00f6jligheten att knyta nya cykelkontakter. Avsluta dagen med en gemensam middag, social samvaro \u2013 och trevligt eftersnack. Anm\u00e4l dig senast m\u00e5ndag den 3 mars och bli en del av f\u00f6r\u00e4ndringen! <\/strong>(Ny version, publicerades f\u00f6rsta g\u00e5ngen 26\/1.)<\/p>\n<h3>SCF:s Cykelforum 2025<\/h3>\n<ul>\n<li><strong>Tid:<\/strong> L\u00f6rdag 8 mars kl 13\u201318 med efterf\u00f6ljande middag kl 19. (Liksom fika under dagen ing\u00e5r middagen men den kr\u00e4ver separat anm\u00e4lan, se nedan. OBS: begr\u00e4nsat antal platser middagsplatser.)<\/li>\n<li><strong>Plats<\/strong>: Elite Stora Hotellet J\u00f6nk\u00f6ping,<a href=\"https:\/\/bookings.elite.se\/ibe\/details.aspx?propertyid=16746&amp;nights=2&amp;checkin=2025-03-07&amp;group=9248564&amp;lang=sv\"><em><strong> med denna bokningsl\u00e4nk<\/strong> <\/em><\/a>f\u00e5r ni 15 procent rabatt p\u00e5 alla rumbokningar.<\/li>\n<li><strong>Sista anm\u00e4lningsdag:<\/strong> 3 mars, kl 23.59<\/li>\n<li><strong>Fr\u00e5gor:<\/strong> Mejla till kansli@scf.se om ni har n\u00e5gra fr\u00e5gor eller funderingar, s\u00e5 l\u00f6ser vi det!<\/li>\n<\/ul>\n<h3><strong><em><a href=\"https:\/\/docs.google.com\/forms\/d\/e\/1FAIpQLScz0QZ7WZNF79cvW8Bqy4kpPK1WwCZo7DvEORy3CdWovVUuew\/viewform?usp=sharing\">Anm\u00e4l dig till Cykelforum samt den gemensamma middagen h\u00e4r!<\/a><\/em><\/strong><\/h3>\n<p>Ta chansen att tr\u00e4ffa nya och gamla cykelbekanta under l\u00f6rdagen p\u00e5 Stora Hotellet J\u00f6nk\u00f6ping. Grundprogrammet inneh\u00e5ller s\u00e5v\u00e4l inspirerande punkter som extremt viktiga f\u00f6r hela SCF:s framtid.<\/p>\n<p>D\u00e5 middagsmatsalen givetvis har ett begr\u00e4nsat utrymme s\u00e5 prioriteras g\u00e4ster som ska stanna kvar till s\u00f6ndagens f\u00f6rbundsm\u00f6te om det skulle bli fler anm\u00e4lda \u00e4n antalet platser, annars \u00e4r det f\u00f6rst till kvarn som g\u00e4ller. Men vi g\u00f6r s\u00e5 gott det g\u00e5r och v\u00e4lkomnar alla till b\u00e5de l\u00f6rdagens Cykelforum och s\u00f6ndagens f\u00f6rbundsm\u00f6te.<\/p>\n<h3>Program f\u00f6r Cykelforum med n\u00e5gra prelimin\u00e4ra h\u00e5lltider<\/h3>\n<ul>\n<li><strong>13.00 Inledning<\/strong> med SCF:s f\u00f6rbundsordf\u00f6rande Stefhan Klang.<\/li>\n<li><strong>Om Riksidrottsf\u00f6rbundet (RF) och Svenska Cykelf\u00f6rbundet (SCF)<\/strong>: Vilka krav har RF p\u00e5 SCF, s\u00e5 m\u00e4ts vi mot RF med avseende p\u00e5 olika ekonomiskt st\u00f6d med mera.<\/li>\n<li><strong>13.40 SCF:s attitydsunders\u00f6kning:<\/strong> Redovisning av den nyligen genomf\u00f6rda attitydunders\u00f6kningen av styrelseledam\u00f6terna Johanna Palmqvist och Jerker Moodysson; diskussion om hur vi jobbar vidare efter gl\u00e4djande m\u00e5nga enk\u00e4tsvar.<\/li>\n<\/ul>\n<p><em>Benstr\u00e4ckare med fika.<br \/>\n<\/em><\/p>\n<ul>\n<li><strong>14.45 S\u00e5 n\u00e5r vi sj\u00e4lvfinansiering: <\/strong>Var med och ge f\u00f6rslag p\u00e5 l\u00f6sningar till SCF:s generalsekreterare Leif Karlsson.<\/li>\n<li><strong>15.30: S\u00e5 jobbar RF-SISU i distrikten.<\/strong> Sm\u00e5lands RF-SISU-organisation som utvecklar och st\u00f6djer idrottsr\u00f6relsen regionalt, finns p\u00e5 plats.<\/li>\n<li><strong>15.50 S\u00e5 arbetar de olika grengrupperna<\/strong>, vilken roll och vilket syfte de har. Ange i anm\u00e4lan till Cykelforum vilken av grengrupperna som \u00e4r mest intressant f\u00f6r dig.<a href=\"https:\/\/scf.se\/forbundet\/wp-content\/uploads\/sites\/9\/2025\/01\/Bild-cykelforum-1.jpg\"><img loading=\"lazy\" decoding=\"async\" class=\"alignnone size-full wp-image-9498\" src=\"https:\/\/scf.se\/forbundet\/wp-content\/uploads\/sites\/9\/2025\/01\/Bild-cykelforum-1.jpg\" alt=\"\" width=\"1871\" height=\"1278\" srcset=\"https:\/\/scf.se\/forbundet\/wp-content\/uploads\/sites\/9\/2025\/01\/Bild-cykelforum-1.jpg 1871w, https:\/\/scf.se\/forbundet\/wp-content\/uploads\/sites\/9\/2025\/01\/Bild-cykelforum-1-300x205.jpg 300w, https:\/\/scf.se\/forbundet\/wp-content\/uploads\/sites\/9\/2025\/01\/Bild-cykelforum-1-1024x699.jpg 1024w, https:\/\/scf.se\/forbundet\/wp-content\/uploads\/sites\/9\/2025\/01\/Bild-cykelforum-1-768x525.jpg 768w, https:\/\/scf.se\/forbundet\/wp-content\/uploads\/sites\/9\/2025\/01\/Bild-cykelforum-1-1536x1049.jpg 1536w\" sizes=\"auto, (max-width: 1871px) 100vw, 1871px\" \/><\/a><\/li>\n<li><strong>16.10 M\u00f6t Tobias Ludvigsson<\/strong> som just har avslutat en l\u00e5ng och fin proffskarri\u00e4r. P\u00e5 bilden ovan fr\u00e5n V\u00e4sterl\u00f6sa i somras har han just s\u00e4krat den senaste av alla medaljer p\u00e5 tempo-SM, varav tre raka guld 2017\u201319.<\/li>\n<\/ul>\n<p><em>Benstr\u00e4ckare med kaffe.<\/em><\/p>\n<ul>\n<li><strong>16.50 Presentation av \u00c5rets cyklist.<\/strong> Nu har f\u00f6rst Cykelsverige och sedan en initierad jury sagt sitt, det \u00e4r dags att presentera vinnarna i \u00c5rets cyklist 2024, b\u00e5de dam- och herrklassen. Det blir SCF-ordf\u00f6randen Stefhan Klang och jurymedlemmen Fredrik Kessiakoff som presenterar pristagarna.<\/li>\n<\/ul>\n<p><i>Alla tider \u00e4r prelimin\u00e4ra. N\u00e5gon kort punkt kan ocks\u00e5 tillkomma. Men programmet i Cykelforum 2025 avslutas senast kl 18.00.<\/i><\/p>\n<ul>\n<li><strong>19.00 Gemensam middag<\/strong> f\u00f6r de som har anm\u00e4lt sig till denna. \u00c4ven middagen ing\u00e5r, dock begr\u00e4nsat antal platser. (Det \u00e4r i f\u00f6rsta hand deltagande p\u00e5 s\u00f6ndagens f\u00f6rbundsm\u00f6te och sedan f\u00f6rst till kvarn som g\u00e4ller i turordningen om det skulle bli fullbelagt. Men med n\u00e5gra dagar kvar till anm\u00e4lningsstopp s\u00e5g det inte ut att blir s\u00e5&#8230;)<\/li>\n<\/ul>\n<h2>Missa inte s\u00f6ndagens f\u00f6rbundsm\u00f6te!<\/h2>\n<p>P\u00e5 s\u00f6ndagen klockan 10.00 h\u00e5lls det sedan f\u00f6rbundsm\u00f6te p\u00e5 samma hotell i J\u00f6nk\u00f6ping, ocks\u00e5 det p\u00e5 Elite Stora Hotellet J\u00f6nk\u00f6ping. Observera sista anm\u00e4lan 27 februari 23.59.<\/p>\n<ul>\n<li><a href=\"https:\/\/scf.se\/forbundet\/kalender\/scfs-forbundsmote-2025\/\"><strong><em>H\u00e4r uppdateras alla n\u00f6dv\u00e4ndiga handlingar till m\u00f6tet 9 mars.<\/em><\/strong><\/a><\/li>\n<\/ul>\n<p><a href=\"https:\/\/scf.se\/forbundet\/om-forbundet\/styrelsen\/\"><img loading=\"lazy\" decoding=\"async\" class=\"alignnone size-full wp-image-9500\" src=\"https:\/\/scf.se\/forbundet\/wp-content\/uploads\/sites\/9\/2025\/01\/Namnlos-1600-x-1060-px-1.png\" alt=\"\" width=\"1600\" height=\"1060\" srcset=\"https:\/\/scf.se\/forbundet\/wp-content\/uploads\/sites\/9\/2025\/01\/Namnlos-1600-x-1060-px-1.png 1600w, https:\/\/scf.se\/forbundet\/wp-content\/uploads\/sites\/9\/2025\/01\/Namnlos-1600-x-1060-px-1-300x199.png 300w, https:\/\/scf.se\/forbundet\/wp-content\/uploads\/sites\/9\/2025\/01\/Namnlos-1600-x-1060-px-1-1024x678.png 1024w, https:\/\/scf.se\/forbundet\/wp-content\/uploads\/sites\/9\/2025\/01\/Namnlos-1600-x-1060-px-1-768x509.png 768w, https:\/\/scf.se\/forbundet\/wp-content\/uploads\/sites\/9\/2025\/01\/Namnlos-1600-x-1060-px-1-1536x1018.png 1536w\" sizes=\"auto, (max-width: 1600px) 100vw, 1600px\" \/><\/a><em><strong>Varmt v\u00e4lkomna,<\/strong><br \/>\n<\/em><a href=\"https:\/\/scf.se\/forbundet\/om-forbundet\/styrelsen\/\"><strong><em>Svenska Cykelf\u00f6rbundets styrelse<\/em><\/strong><\/a><\/p>\n<p>&nbsp;<\/p>\n<p>&nbsp;<\/p>\n<p>&nbsp;<\/p>\n","protected":false},"excerpt":{"rendered":"<p>Vill du vara med och p\u00e5verka svensk cykels framtid? D\u00e5 tr\u00e4ffas vi den 8 mars i J\u00f6nk\u00f6ping f\u00f6r Cykelforum \u2013 en dag fylld av inspiration, viktiga samtal och m\u00f6jligheten att knyta nya cykelkontakter. Avsluta dagen med en gemensam middag, social samvaro \u2013 och trevligt eftersnack. Anm\u00e4l dig senast m\u00e5ndag den 3 mars och bli<a href=\"https:\/\/scf.se\/forbundet\/forma-framtiden-for-svensk-cykel-och-mot-cykelvanner-pa-cykelforum\/\" class=\"news-card__more\"> &#8230;<\/a><\/p>\n","protected":false},"author":41,"featured_media":9490,"comment_status":"open","ping_status":"open","sticky":false,"template":"","format":"standard","meta":{"_acf_changed":false,"footnotes":""},"categories":[1],"tags":[],"class_list":["post-9488","post","type-post","status-publish","format-standard","hentry","category-forbundet"],"acf":[],"_links":{"self":[{"href":"https:\/\/scf.se\/forbundet\/wp-json\/wp\/v2\/posts\/9488","targetHints":{"allow":["GET"]}}],"collection":[{"href":"https:\/\/scf.se\/forbundet\/wp-json\/wp\/v2\/posts"}],"about":[{"href":"https:\/\/scf.se\/forbundet\/wp-json\/wp\/v2\/types\/post"}],"author":[{"embeddable":true,"href":"https:\/\/scf.se\/forbundet\/wp-json\/wp\/v2\/users\/41"}],"replies":[{"embeddable":true,"href":"https:\/\/scf.se\/forbundet\/wp-json\/wp\/v2\/comments?post=9488"}],"version-history":[{"count":27,"href":"https:\/\/scf.se\/forbundet\/wp-json\/wp\/v2\/posts\/9488\/revisions"}],"predecessor-version":[{"id":9847,"href":"https:\/\/scf.se\/forbundet\/wp-json\/wp\/v2\/posts\/9488\/revisions\/9847"}],"wp:featuredmedia":[{"embeddable":true,"href":"https:\/\/scf.se\/forbundet\/wp-json\/wp\/v2\/media\/9490"}],"wp:attachment":[{"href":"https:\/\/scf.se\/forbundet\/wp-json\/wp\/v2\/media?parent=9488"}],"wp:term":[{"taxonomy":"category","embeddable":true,"href":"https:\/\/scf.se\/forbundet\/wp-json\/wp\/v2\/categories?post=9488"},{"taxonomy":"post_tag","embeddable":true,"href":"https:\/\/scf.se\/forbundet\/wp-json\/wp\/v2\/tags?post=9488"}],"curies":[{"name":"wp","href":"https:\/\/api.w.org\/{rel}","templated":true}]}}