
{"id":9468,"date":"2025-01-23T08:48:50","date_gmt":"2025-01-23T07:48:50","guid":{"rendered":"https:\/\/scf.se\/forbundet\/?p=9468"},"modified":"2025-01-23T10:06:40","modified_gmt":"2025-01-23T09:06:40","slug":"svenska-cykelforbundet-soker-sm-arrangorer-2026-till-atta-grenar","status":"publish","type":"post","link":"https:\/\/scf.se\/forbundet\/svenska-cykelforbundet-soker-sm-arrangorer-2026-till-atta-grenar\/","title":{"rendered":"Nu s\u00f6ker Svenska Cykelf\u00f6rbundet SM-arrang\u00f6rer till \u00e5tta grenar 2026"},"content":{"rendered":"<p><strong>Svenska Cykelf\u00f6rbundet \u00e4r redan nu i full g\u00e5ng med att s\u00f6ka arrang\u00f6rer inf\u00f6r 2026. Vi har tre SM-arrang\u00f6rer klara och ett par under behandling. Kolla in l\u00e4get och fundera p\u00e5 om er f\u00f6rening vill s\u00f6ka!<\/strong><\/p>\n<h3>Grenar med klara SM-arrang\u00f6rer 2026<\/h3>\n<ul>\n<li>Borl\u00e4nge, <em>mountainbike<\/em> <strong>XCO\/XCC\/XCR\/XCE<\/strong> (Borl\u00e4nge CK)<\/li>\n<li>Uppsala, <em><strong>landsv\u00e4g<\/strong><\/em> (Upsala CK)<\/li>\n<li>Falun,<em><strong> bana<\/strong><\/em> (Velodrom CK)<\/li>\n<\/ul>\n<h3>Grenar med ej klara SM-arrang\u00f6rer 2026<\/h3>\n<ul>\n<li><em><strong>BMX<\/strong><\/em><\/li>\n<li><em><strong>Cykelcross<\/strong><\/em><\/li>\n<li><em><strong>Downhill<\/strong><\/em><\/li>\n<li><em><strong>Enduro<\/strong><\/em><\/li>\n<li><em><strong>Gravel<\/strong><\/em><\/li>\n<li><em><strong>Mountainbike XCM<\/strong><\/em><\/li>\n<li><em><strong>Pumptrack<\/strong><\/em><\/li>\n<li><em><strong>Trial <\/strong><\/em><\/li>\n<\/ul>\n<p>H\u00e4r ska det noteras att det i CX dels \u00e4r vintern 2025\u20132026 som det g\u00e4ller och att det dels \u00e4r \u00f6ppet om arrangemanget ska ske i november som de senaste \u00e5ren eller p\u00e5 ordinarie anvisad helg i januari.<\/p>\n<p>Just i CX och enduro finns ans\u00f6kningar som \u00e4r under behandling \u2013 s\u00e5 vill man arrangera just de m\u00e4sterskapen \u00e4r det lite extra br\u00e5ttom att anm\u00e4la sitt intresse. Men \u00e4ven n\u00e4r det g\u00e4ller \u00f6vriga grenar uppskattar vi om en f\u00f6rsta intresseanm\u00e4lan inkommer s\u00e5 snabbt som m\u00f6jligt,<\/p>\n<h3><em>Finns intresse f\u00f6r n\u00e5gon av de lediga grenarna? B\u00f6rja med att mejla en intresseanm\u00e4lan till SCF:s t\u00e4vlingsansvarige Jonas Haglund p\u00e5 <a href=\"mailto:jonas.haglund@scf.se\">jonas.haglund@scf.se<\/a> s\u00e5 tar vi det fr\u00e5n d\u00e4r!<\/em><\/h3>\n<p><em>Text och foto: SCF<br \/>\n<\/em><\/p>\n<hr \/>\n<a href=\"https:\/\/scf.se\/forbundet\/hjalp-oss-sprida-ny-digital-broschyr-om-motionslicensens-fordelar\/\"><img loading=\"lazy\" decoding=\"async\" class=\"alignnone size-full wp-image-7197\" src=\"https:\/\/scf.se\/forbundet\/wp-content\/uploads\/sites\/9\/2024\/03\/Kop-licens-cykelmagasinet4.jpg\" alt=\"\" width=\"2000\" height=\"655\" srcset=\"https:\/\/scf.se\/forbundet\/wp-content\/uploads\/sites\/9\/2024\/03\/Kop-licens-cykelmagasinet4.jpg 2000w, https:\/\/scf.se\/forbundet\/wp-content\/uploads\/sites\/9\/2024\/03\/Kop-licens-cykelmagasinet4-300x98.jpg 300w, https:\/\/scf.se\/forbundet\/wp-content\/uploads\/sites\/9\/2024\/03\/Kop-licens-cykelmagasinet4-1024x335.jpg 1024w, https:\/\/scf.se\/forbundet\/wp-content\/uploads\/sites\/9\/2024\/03\/Kop-licens-cykelmagasinet4-768x252.jpg 768w, https:\/\/scf.se\/forbundet\/wp-content\/uploads\/sites\/9\/2024\/03\/Kop-licens-cykelmagasinet4-1536x503.jpg 1536w\" sizes=\"auto, (max-width: 2000px) 100vw, 2000px\" \/><\/a>\n","protected":false},"excerpt":{"rendered":"<p>Svenska Cykelf\u00f6rbundet \u00e4r redan nu i full g\u00e5ng med att s\u00f6ka arrang\u00f6rer inf\u00f6r 2026. Vi har tre SM-arrang\u00f6rer klara och ett par under behandling. Kolla in l\u00e4get och fundera p\u00e5 om er f\u00f6rening vill s\u00f6ka! Grenar med klara SM-arrang\u00f6rer 2026 Borl\u00e4nge, mountainbike XCO\/XCC\/XCR\/XCE (Borl\u00e4nge CK) Uppsala, landsv\u00e4g (Upsala CK) Falun, bana (Velodrom CK) Grenar<a href=\"https:\/\/scf.se\/forbundet\/svenska-cykelforbundet-soker-sm-arrangorer-2026-till-atta-grenar\/\" class=\"news-card__more\"> &#8230;<\/a><\/p>\n","protected":false},"author":41,"featured_media":8938,"comment_status":"open","ping_status":"open","sticky":false,"template":"","format":"standard","meta":{"_acf_changed":false,"footnotes":""},"categories":[1],"tags":[],"class_list":["post-9468","post","type-post","status-publish","format-standard","hentry","category-forbundet"],"acf":[],"_links":{"self":[{"href":"https:\/\/scf.se\/forbundet\/wp-json\/wp\/v2\/posts\/9468","targetHints":{"allow":["GET"]}}],"collection":[{"href":"https:\/\/scf.se\/forbundet\/wp-json\/wp\/v2\/posts"}],"about":[{"href":"https:\/\/scf.se\/forbundet\/wp-json\/wp\/v2\/types\/post"}],"author":[{"embeddable":true,"href":"https:\/\/scf.se\/forbundet\/wp-json\/wp\/v2\/users\/41"}],"replies":[{"embeddable":true,"href":"https:\/\/scf.se\/forbundet\/wp-json\/wp\/v2\/comments?post=9468"}],"version-history":[{"count":12,"href":"https:\/\/scf.se\/forbundet\/wp-json\/wp\/v2\/posts\/9468\/revisions"}],"predecessor-version":[{"id":9480,"href":"https:\/\/scf.se\/forbundet\/wp-json\/wp\/v2\/posts\/9468\/revisions\/9480"}],"wp:featuredmedia":[{"embeddable":true,"href":"https:\/\/scf.se\/forbundet\/wp-json\/wp\/v2\/media\/8938"}],"wp:attachment":[{"href":"https:\/\/scf.se\/forbundet\/wp-json\/wp\/v2\/media?parent=9468"}],"wp:term":[{"taxonomy":"category","embeddable":true,"href":"https:\/\/scf.se\/forbundet\/wp-json\/wp\/v2\/categories?post=9468"},{"taxonomy":"post_tag","embeddable":true,"href":"https:\/\/scf.se\/forbundet\/wp-json\/wp\/v2\/tags?post=9468"}],"curies":[{"name":"wp","href":"https:\/\/api.w.org\/{rel}","templated":true}]}}