
{"id":9441,"date":"2025-02-27T15:26:16","date_gmt":"2025-02-27T14:26:16","guid":{"rendered":"https:\/\/scf.se\/forbundet\/?p=9441"},"modified":"2025-03-03T14:56:34","modified_gmt":"2025-03-03T13:56:34","slug":"de-bagge-vinnarna-i-arets-cyklist-presenteras-pa-cykelforum-8-mars","status":"publish","type":"post","link":"https:\/\/scf.se\/forbundet\/de-bagge-vinnarna-i-arets-cyklist-presenteras-pa-cykelforum-8-mars\/","title":{"rendered":"De b\u00e4gge vinnarna i \u00c5rets cyklist presenteras p\u00e5 Cykelforum 8 mars"},"content":{"rendered":"<p><strong>F\u00f6rst har alla Svenska Cykelf\u00f6rbundets grengrupper nominerat cyklister.\u00a0 Sedan har Cykelsverige r\u00f6stat p\u00e5 en dam- och en herrcyklist av dessa nomineringar. R\u00f6stningen \u00e4r avslutad och p\u00e5 m\u00e5ndag har en jury tv\u00e5 namn klara. De b\u00e4gge vinnarna i \u00c5rets cyklist\u00a0<\/strong><strong>presenteras sedan vid Cykelforum i J\u00f6nk\u00f6ping l\u00f6rdag 8 mars, prelimin\u00e4rt 16.50. <\/strong>(Uppdaterad version 27 februari.)<\/p>\n<p>Det kommer att bli SCF:s f\u00f6rbundsordf\u00f6rande Stefhan Klang och jurymedlemmen Fredrik Kessiakoff som presenterar pristagarna p\u00e5 Cykelforum 2025.<\/p>\n<p>Bara nedanst\u00e5ende lista \u00e4r ett tydligt bevis p\u00e5 att 2024 var ett bra \u00e5r f\u00f6r svensk cykelsport.<\/p>\n<p>H\u00e4r \u00e4r de cyklister som var nominerade motiveringarna till varf\u00f6r de finns med. De presenteras i bokstavsordning \u2013 med andra ord utan inb\u00f6rdes ordning n\u00e4r det g\u00e4ller l\u00e4get i omr\u00f6stningen.<\/p>\n<h2>De nominerade i \u00c5rets cyklist 2024, damer:<\/h2>\n<a href=\"https:\/\/scf.se\/forbundet\/wp-content\/uploads\/sites\/9\/2025\/02\/44.png\"><img loading=\"lazy\" decoding=\"async\" class=\"alignnone size-full wp-image-9822\" src=\"https:\/\/scf.se\/forbundet\/wp-content\/uploads\/sites\/9\/2025\/02\/44.png\" alt=\"\" width=\"1600\" height=\"1050\" srcset=\"https:\/\/scf.se\/forbundet\/wp-content\/uploads\/sites\/9\/2025\/02\/44.png 1600w, https:\/\/scf.se\/forbundet\/wp-content\/uploads\/sites\/9\/2025\/02\/44-300x197.png 300w, https:\/\/scf.se\/forbundet\/wp-content\/uploads\/sites\/9\/2025\/02\/44-1024x672.png 1024w, https:\/\/scf.se\/forbundet\/wp-content\/uploads\/sites\/9\/2025\/02\/44-768x504.png 768w, https:\/\/scf.se\/forbundet\/wp-content\/uploads\/sites\/9\/2025\/02\/44-1536x1008.png 1536w\" sizes=\"auto, (max-width: 1600px) 100vw, 1600px\" \/><\/a>\n<ul>\n<li><strong>Caroline Andersson<\/strong> har haft ett fantastiskt 2024, d\u00e4r hon visat h\u00f6g niv\u00e5 p\u00e5 flera stora t\u00e4vlingar med starka resultat. Hon representerade Sverige p\u00e5 OS och blev 14:e i linjeloppet och gjorde \u00e4ven ett bra VM plats 16 d\u00e4r. H\u00e4r \u00e4r n\u00e5gra av hennes andra prestationer:<\/li>\n<li>16:e Strade Bianche Donne 1.WWT<\/li>\n<li>12:a De Brabantse Pijl 1.PRO<\/li>\n<li>8:a etapp 3 Vuelta a Espa\u00f1a Femenina 2.WWT<\/li>\n<\/ul>\n<hr \/>\n<a href=\"https:\/\/scf.se\/forbundet\/wp-content\/uploads\/sites\/9\/2025\/02\/42.png\"><img loading=\"lazy\" decoding=\"async\" class=\"alignnone size-full wp-image-9820\" src=\"https:\/\/scf.se\/forbundet\/wp-content\/uploads\/sites\/9\/2025\/02\/42.png\" alt=\"\" width=\"1600\" height=\"1050\" srcset=\"https:\/\/scf.se\/forbundet\/wp-content\/uploads\/sites\/9\/2025\/02\/42.png 1600w, https:\/\/scf.se\/forbundet\/wp-content\/uploads\/sites\/9\/2025\/02\/42-300x197.png 300w, https:\/\/scf.se\/forbundet\/wp-content\/uploads\/sites\/9\/2025\/02\/42-1024x672.png 1024w, https:\/\/scf.se\/forbundet\/wp-content\/uploads\/sites\/9\/2025\/02\/42-768x504.png 768w, https:\/\/scf.se\/forbundet\/wp-content\/uploads\/sites\/9\/2025\/02\/42-1536x1008.png 1536w\" sizes=\"auto, (max-width: 1600px) 100vw, 1600px\" \/><\/a>\n<ul>\n<li><strong>Anna Beck <\/strong>har dominerat sin klass (WC3) d\u00e4r hon f\u00f6rblev obesegrad i tempo under 2024 och har med andra ord haft \u00e4nnu ett framg\u00e5ngsrikt \u00e5r.<\/li>\n<li>Hon tog guld p\u00e5 VM-tempot i Z\u00fcrich och f\u00f6rsvarade sin v\u00e4rldsm\u00e4startitel.<\/li>\n<li>Anna vann \u00e4ven tv\u00e5 v\u00e4rldscupt\u00e4vlingar och tog brons p\u00e5 Paralympics i Paris.<\/li>\n<li>Hon \u00e4r en fantastisk ambassad\u00f6r f\u00f6r sporten.<\/li>\n<\/ul>\n<hr \/>\n<a href=\"https:\/\/scf.se\/forbundet\/wp-content\/uploads\/sites\/9\/2025\/02\/38.png\"><img loading=\"lazy\" decoding=\"async\" class=\"alignnone size-full wp-image-9818\" src=\"https:\/\/scf.se\/forbundet\/wp-content\/uploads\/sites\/9\/2025\/02\/38.png\" alt=\"\" width=\"1600\" height=\"1050\" srcset=\"https:\/\/scf.se\/forbundet\/wp-content\/uploads\/sites\/9\/2025\/02\/38.png 1600w, https:\/\/scf.se\/forbundet\/wp-content\/uploads\/sites\/9\/2025\/02\/38-300x197.png 300w, https:\/\/scf.se\/forbundet\/wp-content\/uploads\/sites\/9\/2025\/02\/38-1024x672.png 1024w, https:\/\/scf.se\/forbundet\/wp-content\/uploads\/sites\/9\/2025\/02\/38-768x504.png 768w, https:\/\/scf.se\/forbundet\/wp-content\/uploads\/sites\/9\/2025\/02\/38-1536x1008.png 1536w\" sizes=\"auto, (max-width: 1600px) 100vw, 1600px\" \/><\/a>\n<ul>\n<li><strong>Nathalie Eklund <\/strong>\u00e4r ju en duktig landsv\u00e4gscyklist, inte minst i tempo, som hade en fin h\u00f6sts\u00e4song i gravel.<\/li>\n<li>Nathalie vann gravel-SM och presterade starkt b\u00e5de p\u00e5 EM och VM, trots tekniska utmaningar. Hon har visat m\u00e5ngsidighet och stort engagemang i sporten.<\/li>\n<\/ul>\n<hr \/>\n<a href=\"https:\/\/scf.se\/forbundet\/wp-content\/uploads\/sites\/9\/2025\/02\/48.png\"><img loading=\"lazy\" decoding=\"async\" class=\"alignnone size-full wp-image-9825\" src=\"https:\/\/scf.se\/forbundet\/wp-content\/uploads\/sites\/9\/2025\/02\/48.png\" alt=\"\" width=\"1600\" height=\"1050\" srcset=\"https:\/\/scf.se\/forbundet\/wp-content\/uploads\/sites\/9\/2025\/02\/48.png 1600w, https:\/\/scf.se\/forbundet\/wp-content\/uploads\/sites\/9\/2025\/02\/48-300x197.png 300w, https:\/\/scf.se\/forbundet\/wp-content\/uploads\/sites\/9\/2025\/02\/48-1024x672.png 1024w, https:\/\/scf.se\/forbundet\/wp-content\/uploads\/sites\/9\/2025\/02\/48-768x504.png 768w, https:\/\/scf.se\/forbundet\/wp-content\/uploads\/sites\/9\/2025\/02\/48-1536x1008.png 1536w\" sizes=\"auto, (max-width: 1600px) 100vw, 1600px\" \/><\/a>\n<ul>\n<li><strong>Felicia Klingstr\u00f6m <\/strong>var landslagscyklist i BMX n\u00e4r hon mer och mer satsade p\u00e5 pumptrack. Felicia har dominerat n\u00e4r det g\u00e4ller pumptrack och s\u00e4krat totalsegern i Scandinavian Pumptrack Series. Hennes insats p\u00e5 VM, d\u00e4r hon blev 11:a, \u00e4r en h\u00f6jdpunkt under 2024.<\/li>\n<\/ul>\n<hr \/>\n<a href=\"https:\/\/scf.se\/forbundet\/wp-content\/uploads\/sites\/9\/2025\/02\/41.png\"><img loading=\"lazy\" decoding=\"async\" class=\"alignnone size-full wp-image-9819\" src=\"https:\/\/scf.se\/forbundet\/wp-content\/uploads\/sites\/9\/2025\/02\/41.png\" alt=\"\" width=\"1600\" height=\"1050\" srcset=\"https:\/\/scf.se\/forbundet\/wp-content\/uploads\/sites\/9\/2025\/02\/41.png 1600w, https:\/\/scf.se\/forbundet\/wp-content\/uploads\/sites\/9\/2025\/02\/41-300x197.png 300w, https:\/\/scf.se\/forbundet\/wp-content\/uploads\/sites\/9\/2025\/02\/41-1024x672.png 1024w, https:\/\/scf.se\/forbundet\/wp-content\/uploads\/sites\/9\/2025\/02\/41-768x504.png 768w, https:\/\/scf.se\/forbundet\/wp-content\/uploads\/sites\/9\/2025\/02\/41-1536x1008.png 1536w\" sizes=\"auto, (max-width: 1600px) 100vw, 1600px\" \/><\/a>\n<ul>\n<li><strong>Jenny Rissveds <\/strong>stod f\u00f6r en helt fantastisk s\u00e4song och trotsade alla motg\u00e5ngar efter en del krascher.<\/li>\n<li>Hon \u00e4r nominerad f\u00f6r sitt brons i XCO i Paris-OS, vilket visade att Jenny fortsatt h\u00e5ller h\u00f6gsta v\u00e4rldsklass. Senare blev det samma val\u00f6r i XCC p\u00e5 VM i Andorra.<\/li>\n<\/ul>\n<hr \/>\n<a href=\"https:\/\/scf.se\/forbundet\/wp-content\/uploads\/sites\/9\/2025\/02\/45.png\"><img loading=\"lazy\" decoding=\"async\" class=\"alignnone size-full wp-image-9827\" src=\"https:\/\/scf.se\/forbundet\/wp-content\/uploads\/sites\/9\/2025\/02\/45.png\" alt=\"\" width=\"1600\" height=\"1050\" srcset=\"https:\/\/scf.se\/forbundet\/wp-content\/uploads\/sites\/9\/2025\/02\/45.png 1600w, https:\/\/scf.se\/forbundet\/wp-content\/uploads\/sites\/9\/2025\/02\/45-300x197.png 300w, https:\/\/scf.se\/forbundet\/wp-content\/uploads\/sites\/9\/2025\/02\/45-1024x672.png 1024w, https:\/\/scf.se\/forbundet\/wp-content\/uploads\/sites\/9\/2025\/02\/45-768x504.png 768w, https:\/\/scf.se\/forbundet\/wp-content\/uploads\/sites\/9\/2025\/02\/45-1536x1008.png 1536w\" sizes=\"auto, (max-width: 1600px) 100vw, 1600px\" \/><\/a>\n<ul>\n<li><strong>Ella Svegby <\/strong>\u00e4r en stor framtidsstj\u00e4rna i gravity.<\/li>\n<li>Med silver p\u00e5 VM i juniorklassen och guld i U19-klassen p\u00e5 EM, samt stabila resultat hela sin f\u00f6rsta internationella s\u00e4song i downhill \u00e4r hon redan en tydlig kandidat f\u00f6r \u00e5rets cyklist.<\/li>\n<\/ul>\n<hr \/>\n<a href=\"https:\/\/scf.se\/forbundet\/wp-content\/uploads\/sites\/9\/2025\/02\/36.png\"><img loading=\"lazy\" decoding=\"async\" class=\"alignnone size-full wp-image-9816\" src=\"https:\/\/scf.se\/forbundet\/wp-content\/uploads\/sites\/9\/2025\/02\/36.png\" alt=\"\" width=\"1600\" height=\"1050\" srcset=\"https:\/\/scf.se\/forbundet\/wp-content\/uploads\/sites\/9\/2025\/02\/36.png 1600w, https:\/\/scf.se\/forbundet\/wp-content\/uploads\/sites\/9\/2025\/02\/36-300x197.png 300w, https:\/\/scf.se\/forbundet\/wp-content\/uploads\/sites\/9\/2025\/02\/36-1024x672.png 1024w, https:\/\/scf.se\/forbundet\/wp-content\/uploads\/sites\/9\/2025\/02\/36-768x504.png 768w, https:\/\/scf.se\/forbundet\/wp-content\/uploads\/sites\/9\/2025\/02\/36-1536x1008.png 1536w\" sizes=\"auto, (max-width: 1600px) 100vw, 1600px\" \/><\/a>\n<ul>\n<li><strong>Mika S\u00f6derstr\u00f6m<\/strong> vann \u00e5retslandsv\u00e4gs-SM och har haft ett fantastiskt \u00e5r i E-cycling med bland annat vinst p\u00e5 SM i Lule\u00e5 och f\u00f6r andra \u00e5ret i rad en sj\u00e4tteplats p\u00e5 VM i Abu Dhabi \u2013 den b\u00e4sta svenska placeringen. Fina placeringar \u00e4ven i andra storinternationella t\u00e4vlingar i E-cycling.<\/li>\n<\/ul>\n<h3><strong>* * *<\/strong><\/h3>\n<h2>De nominerade i \u00c5rets cyklist 2024, herrar<\/h2>\n<a href=\"https:\/\/scf.se\/forbundet\/wp-content\/uploads\/sites\/9\/2025\/02\/46.png\"><img loading=\"lazy\" decoding=\"async\" class=\"alignnone size-full wp-image-9823\" src=\"https:\/\/scf.se\/forbundet\/wp-content\/uploads\/sites\/9\/2025\/02\/46.png\" alt=\"\" width=\"1600\" height=\"1050\" srcset=\"https:\/\/scf.se\/forbundet\/wp-content\/uploads\/sites\/9\/2025\/02\/46.png 1600w, https:\/\/scf.se\/forbundet\/wp-content\/uploads\/sites\/9\/2025\/02\/46-300x197.png 300w, https:\/\/scf.se\/forbundet\/wp-content\/uploads\/sites\/9\/2025\/02\/46-1024x672.png 1024w, https:\/\/scf.se\/forbundet\/wp-content\/uploads\/sites\/9\/2025\/02\/46-768x504.png 768w, https:\/\/scf.se\/forbundet\/wp-content\/uploads\/sites\/9\/2025\/02\/46-1536x1008.png 1536w\" sizes=\"auto, (max-width: 1600px) 100vw, 1600px\" \/><\/a>\n<ul>\n<li><strong>Oliwer Kangas<\/strong> har haft en stark s\u00e4song som enduro\u00e5kare. Hans prestationer toppades med ett guld p\u00e5 SM i Falun och en 18:e plats totalt i endurov\u00e4rldscupen. Han hade ocks\u00e5 n\u00e5got stort p\u00e5 g\u00e5ng under grenens allra f\u00f6rsta officiella VM.<\/li>\n<li>Oliwer bidrar ocks\u00e5 till svensk cykel genom sitt arbete f\u00f6r utvecklingen av gravity-discipliner.<\/li>\n<\/ul>\n<hr \/>\n<a href=\"https:\/\/scf.se\/forbundet\/wp-content\/uploads\/sites\/9\/2025\/02\/39.png\"><img loading=\"lazy\" decoding=\"async\" class=\"alignnone size-full wp-image-9829\" src=\"https:\/\/scf.se\/forbundet\/wp-content\/uploads\/sites\/9\/2025\/02\/39.png\" alt=\"\" width=\"1600\" height=\"1050\" srcset=\"https:\/\/scf.se\/forbundet\/wp-content\/uploads\/sites\/9\/2025\/02\/39.png 1600w, https:\/\/scf.se\/forbundet\/wp-content\/uploads\/sites\/9\/2025\/02\/39-300x197.png 300w, https:\/\/scf.se\/forbundet\/wp-content\/uploads\/sites\/9\/2025\/02\/39-1024x672.png 1024w, https:\/\/scf.se\/forbundet\/wp-content\/uploads\/sites\/9\/2025\/02\/39-768x504.png 768w, https:\/\/scf.se\/forbundet\/wp-content\/uploads\/sites\/9\/2025\/02\/39-1536x1008.png 1536w\" sizes=\"auto, (max-width: 1600px) 100vw, 1600px\" \/><\/a>\n<ul>\n<li><strong>Edvin Lindh <\/strong>\u00e4r nominerad f\u00f6r sin dominans i XCE, d\u00e4r han \u00e4ven blev total v\u00e4rldscupvinnare efter ett par delsegrar.<\/li>\n<li>Edvin samlade ihop en hel massa po\u00e4ng redan i TT-kvalloppen och var helt enkelt v\u00e4rldens snabbaste XCE-cyklist 2024.<\/li>\n<\/ul>\n<hr \/>\n<a href=\"https:\/\/scf.se\/forbundet\/wp-content\/uploads\/sites\/9\/2025\/02\/37.png\"><img loading=\"lazy\" decoding=\"async\" class=\"alignnone size-full wp-image-9817\" src=\"https:\/\/scf.se\/forbundet\/wp-content\/uploads\/sites\/9\/2025\/02\/37.png\" alt=\"\" width=\"1600\" height=\"1050\" srcset=\"https:\/\/scf.se\/forbundet\/wp-content\/uploads\/sites\/9\/2025\/02\/37.png 1600w, https:\/\/scf.se\/forbundet\/wp-content\/uploads\/sites\/9\/2025\/02\/37-300x197.png 300w, https:\/\/scf.se\/forbundet\/wp-content\/uploads\/sites\/9\/2025\/02\/37-1024x672.png 1024w, https:\/\/scf.se\/forbundet\/wp-content\/uploads\/sites\/9\/2025\/02\/37-768x504.png 768w, https:\/\/scf.se\/forbundet\/wp-content\/uploads\/sites\/9\/2025\/02\/37-1536x1008.png 1536w\" sizes=\"auto, (max-width: 1600px) 100vw, 1600px\" \/><\/a>\n<ul>\n<li><strong>Vincent Mol\u00e9n<\/strong> har tagit SM-guld i U23 och visat potential som en av Sveriges ledande BMX-cyklister \u00e5ret efter en mycket fin sista juniors\u00e4song.<\/li>\n<\/ul>\n<hr \/>\n<a href=\"https:\/\/scf.se\/forbundet\/wp-content\/uploads\/sites\/9\/2025\/02\/49.png\"><img loading=\"lazy\" decoding=\"async\" class=\"alignnone size-full wp-image-9826\" src=\"https:\/\/scf.se\/forbundet\/wp-content\/uploads\/sites\/9\/2025\/02\/49.png\" alt=\"\" width=\"1600\" height=\"1050\" srcset=\"https:\/\/scf.se\/forbundet\/wp-content\/uploads\/sites\/9\/2025\/02\/49.png 1600w, https:\/\/scf.se\/forbundet\/wp-content\/uploads\/sites\/9\/2025\/02\/49-300x197.png 300w, https:\/\/scf.se\/forbundet\/wp-content\/uploads\/sites\/9\/2025\/02\/49-1024x672.png 1024w, https:\/\/scf.se\/forbundet\/wp-content\/uploads\/sites\/9\/2025\/02\/49-768x504.png 768w, https:\/\/scf.se\/forbundet\/wp-content\/uploads\/sites\/9\/2025\/02\/49-1536x1008.png 1536w\" sizes=\"auto, (max-width: 1600px) 100vw, 1600px\" \/><\/a>\n<ul>\n<li><strong>Johan Nor\u00e9n <\/strong>\u00e4r en av v\u00e4rldens starkaste E-cyklister. Han vann under 2024 SM i Lule\u00e5 och visade sin styrka med utbrytningar som h\u00f6ll hela v\u00e4gen till m\u00e5l p\u00e5 flera stora lopp.<\/li>\n<\/ul>\n<hr \/>\n<a href=\"https:\/\/scf.se\/forbundet\/wp-content\/uploads\/sites\/9\/2025\/02\/47.png\"><img loading=\"lazy\" decoding=\"async\" class=\"alignnone size-full wp-image-9824\" src=\"https:\/\/scf.se\/forbundet\/wp-content\/uploads\/sites\/9\/2025\/02\/47.png\" alt=\"\" width=\"1600\" height=\"1050\" srcset=\"https:\/\/scf.se\/forbundet\/wp-content\/uploads\/sites\/9\/2025\/02\/47.png 1600w, https:\/\/scf.se\/forbundet\/wp-content\/uploads\/sites\/9\/2025\/02\/47-300x197.png 300w, https:\/\/scf.se\/forbundet\/wp-content\/uploads\/sites\/9\/2025\/02\/47-1024x672.png 1024w, https:\/\/scf.se\/forbundet\/wp-content\/uploads\/sites\/9\/2025\/02\/47-768x504.png 768w, https:\/\/scf.se\/forbundet\/wp-content\/uploads\/sites\/9\/2025\/02\/47-1536x1008.png 1536w\" sizes=\"auto, (max-width: 1600px) 100vw, 1600px\" \/><\/a>\n<ul>\n<li><strong>Love Sylwan <\/strong>\u00e4r trots sin \u00e5lder Sveriges klart b\u00e4sta pumptrackcyklist p\u00e5 herrsidan. Han vann Scandinavian Pumptrack Series och blev sjua p\u00e5 VM, vilket visar hans internationella klass i den f\u00e4rska grenen.<\/li>\n<\/ul>\n<hr \/>\n<a href=\"https:\/\/scf.se\/forbundet\/wp-content\/uploads\/sites\/9\/2025\/02\/43.png\"><img loading=\"lazy\" decoding=\"async\" class=\"alignnone size-full wp-image-9821\" src=\"https:\/\/scf.se\/forbundet\/wp-content\/uploads\/sites\/9\/2025\/02\/43.png\" alt=\"\" width=\"1600\" height=\"1050\" srcset=\"https:\/\/scf.se\/forbundet\/wp-content\/uploads\/sites\/9\/2025\/02\/43.png 1600w, https:\/\/scf.se\/forbundet\/wp-content\/uploads\/sites\/9\/2025\/02\/43-300x197.png 300w, https:\/\/scf.se\/forbundet\/wp-content\/uploads\/sites\/9\/2025\/02\/43-1024x672.png 1024w, https:\/\/scf.se\/forbundet\/wp-content\/uploads\/sites\/9\/2025\/02\/43-768x504.png 768w, https:\/\/scf.se\/forbundet\/wp-content\/uploads\/sites\/9\/2025\/02\/43-1536x1008.png 1536w\" sizes=\"auto, (max-width: 1600px) 100vw, 1600px\" \/><\/a>\n<ul>\n<li><strong>Jakob S\u00f6derqvist<\/strong>\u00a0har haft en otrolig s\u00e4song d\u00e4r h\u00f6jdpunkterna \u00e4r silver p\u00e5 b\u00e5de VM och EM i tempo. Jakob representerade Sverige p\u00e5 OS och gjorde starka insatser i framtidskriteriet n\u00e4r han satte f\u00e4rg p\u00e5 loppet. H\u00e4r \u00e4r fler av hans framg\u00e5ngar:<\/li>\n<li>2:a p\u00e5 prologen i Tour de la Provence UCI 2.1 och 8:a totalt.<\/li>\n<li>Seger i Le Tour de Bretagne Cycliste UCI 2.2, inklusive vinst p\u00e5 tredje etappen.<\/li>\n<li>Tv\u00e5 etappsegrar i Fleche du Sud UCI 2.2.<\/li>\n<li>Etappvinst i Giro d\u2019Italia Next Gen UCI 2.2U.<\/li>\n<\/ul>\n<hr \/>\n<a href=\"https:\/\/scf.se\/forbundet\/wp-content\/uploads\/sites\/9\/2025\/02\/50.png\"><img loading=\"lazy\" decoding=\"async\" class=\"alignnone size-full wp-image-9828\" src=\"https:\/\/scf.se\/forbundet\/wp-content\/uploads\/sites\/9\/2025\/02\/50.png\" alt=\"\" width=\"1600\" height=\"1050\" srcset=\"https:\/\/scf.se\/forbundet\/wp-content\/uploads\/sites\/9\/2025\/02\/50.png 1600w, https:\/\/scf.se\/forbundet\/wp-content\/uploads\/sites\/9\/2025\/02\/50-300x197.png 300w, https:\/\/scf.se\/forbundet\/wp-content\/uploads\/sites\/9\/2025\/02\/50-1024x672.png 1024w, https:\/\/scf.se\/forbundet\/wp-content\/uploads\/sites\/9\/2025\/02\/50-768x504.png 768w, https:\/\/scf.se\/forbundet\/wp-content\/uploads\/sites\/9\/2025\/02\/50-1536x1008.png 1536w\" sizes=\"auto, (max-width: 1600px) 100vw, 1600px\" \/><\/a>\n<ul>\n<li><strong>Michael Tjulander <\/strong>vann SM och stod f\u00f6r den b\u00e4sta svenska placeringen p\u00e5 VM i gravel. Hans kapacitet och driv g\u00f6r honom till en f\u00f6rebild och en given kandidat n\u00e4r det g\u00e4ller Grengrupp gravels nomineringar till \u00c5rets cyklist 2024.<\/li>\n<\/ul>\n<p><em>Text: SCF<\/em><br \/>\n<em>Foto: Piper Albrecht, Karl Nilsson\/SPK, Daniel Breece , Joel Burman, Limex Images, Navadanet, Svenska Cykelf\u00f6rbundet och privat.<\/em><\/p>\n<hr \/>\n<a href=\"https:\/\/scf.se\/forbundet\/hjalp-oss-sprida-ny-digital-broschyr-om-motionslicensens-fordelar\/\"><img loading=\"lazy\" decoding=\"async\" class=\"alignnone size-full wp-image-7197\" src=\"https:\/\/scf.se\/forbundet\/wp-content\/uploads\/sites\/9\/2024\/03\/Kop-licens-cykelmagasinet4.jpg\" alt=\"\" width=\"2000\" height=\"655\" srcset=\"https:\/\/scf.se\/forbundet\/wp-content\/uploads\/sites\/9\/2024\/03\/Kop-licens-cykelmagasinet4.jpg 2000w, https:\/\/scf.se\/forbundet\/wp-content\/uploads\/sites\/9\/2024\/03\/Kop-licens-cykelmagasinet4-300x98.jpg 300w, https:\/\/scf.se\/forbundet\/wp-content\/uploads\/sites\/9\/2024\/03\/Kop-licens-cykelmagasinet4-1024x335.jpg 1024w, https:\/\/scf.se\/forbundet\/wp-content\/uploads\/sites\/9\/2024\/03\/Kop-licens-cykelmagasinet4-768x252.jpg 768w, https:\/\/scf.se\/forbundet\/wp-content\/uploads\/sites\/9\/2024\/03\/Kop-licens-cykelmagasinet4-1536x503.jpg 1536w\" sizes=\"auto, (max-width: 2000px) 100vw, 2000px\" \/><\/a>\n","protected":false},"excerpt":{"rendered":"<p>F\u00f6rst har alla Svenska Cykelf\u00f6rbundets grengrupper nominerat cyklister.\u00a0 Sedan har Cykelsverige r\u00f6stat p\u00e5 en dam- och en herrcyklist av dessa nomineringar. R\u00f6stningen \u00e4r avslutad och p\u00e5 m\u00e5ndag har en jury tv\u00e5 namn klara. De b\u00e4gge vinnarna i \u00c5rets cyklist\u00a0presenteras sedan vid Cykelforum i J\u00f6nk\u00f6ping l\u00f6rdag 8 mars, prelimin\u00e4rt 16.50. (Uppdaterad version 27 februari.) Det<a href=\"https:\/\/scf.se\/forbundet\/de-bagge-vinnarna-i-arets-cyklist-presenteras-pa-cykelforum-8-mars\/\" class=\"news-card__more\"> &#8230;<\/a><\/p>\n","protected":false},"author":41,"featured_media":9457,"comment_status":"open","ping_status":"open","sticky":false,"template":"","format":"standard","meta":{"_acf_changed":false,"footnotes":""},"categories":[1],"tags":[],"class_list":["post-9441","post","type-post","status-publish","format-standard","hentry","category-forbundet"],"acf":[],"_links":{"self":[{"href":"https:\/\/scf.se\/forbundet\/wp-json\/wp\/v2\/posts\/9441","targetHints":{"allow":["GET"]}}],"collection":[{"href":"https:\/\/scf.se\/forbundet\/wp-json\/wp\/v2\/posts"}],"about":[{"href":"https:\/\/scf.se\/forbundet\/wp-json\/wp\/v2\/types\/post"}],"author":[{"embeddable":true,"href":"https:\/\/scf.se\/forbundet\/wp-json\/wp\/v2\/users\/41"}],"replies":[{"embeddable":true,"href":"https:\/\/scf.se\/forbundet\/wp-json\/wp\/v2\/comments?post=9441"}],"version-history":[{"count":33,"href":"https:\/\/scf.se\/forbundet\/wp-json\/wp\/v2\/posts\/9441\/revisions"}],"predecessor-version":[{"id":9850,"href":"https:\/\/scf.se\/forbundet\/wp-json\/wp\/v2\/posts\/9441\/revisions\/9850"}],"wp:featuredmedia":[{"embeddable":true,"href":"https:\/\/scf.se\/forbundet\/wp-json\/wp\/v2\/media\/9457"}],"wp:attachment":[{"href":"https:\/\/scf.se\/forbundet\/wp-json\/wp\/v2\/media?parent=9441"}],"wp:term":[{"taxonomy":"category","embeddable":true,"href":"https:\/\/scf.se\/forbundet\/wp-json\/wp\/v2\/categories?post=9441"},{"taxonomy":"post_tag","embeddable":true,"href":"https:\/\/scf.se\/forbundet\/wp-json\/wp\/v2\/tags?post=9441"}],"curies":[{"name":"wp","href":"https:\/\/api.w.org\/{rel}","templated":true}]}}