
{"id":9224,"date":"2025-12-19T12:43:36","date_gmt":"2025-12-19T11:43:36","guid":{"rendered":"https:\/\/scf.se\/forbundet\/?p=9224"},"modified":"2026-01-29T08:46:31","modified_gmt":"2026-01-29T07:46:31","slug":"dags-att-rekvirera-ert-distriktsbidrag-senast-12-januari-2026","status":"publish","type":"post","link":"https:\/\/scf.se\/forbundet\/dags-att-rekvirera-ert-distriktsbidrag-senast-12-januari-2026\/","title":{"rendered":"Rekvirera ert distriktsbidrag nu \u2013 allra senast 15 januari 2026"},"content":{"rendered":"<div class=\"single-card__title\">\n<p><strong>Nu \u00e4r det dags f\u00f6r alla distrikt att rekvirera distriktsbidrag f\u00f6r verksamhets\u00e5ret 2025. Senast 15 januari 2026 ska ans\u00f6kan vara inne. Det totala distriktsbidraget f\u00f6rdelas \u00e5rligen mellan landets 20 distriktsf\u00f6rbund som har anm\u00e4lt intresse. Det \u00e4r v\u00e4ldigt enkelt att rekvirera, bara att mejla till: <\/strong><a href=\"mailto:kansli@scf.se\"><strong>kansli@scf.se<\/strong><\/a><\/p>\n<\/div>\n<p>Ber\u00e4kningen av f\u00f6rdelningen sker i slutet av verksamhets\u00e5ret och grundar sig p\u00e5 nyckeltal fr\u00e5n f\u00f6reg\u00e5ende \u00e5r. F\u00f6rdelningen g\u00f6rs d\u00e4refter med hj\u00e4lp av fastst\u00e4llda parametrar.<\/p>\n<p>Rekvirera distriktsbidraget <strong>senast 15 januari 2026<\/strong>. Distrikt som inte rekvirerar distriktsbidrag efter ordinarie utskick samt utskickade p\u00e5minnelser mister r\u00e4tten till detta bidrag g\u00e4llande 2025.<\/p>\n<p>Missa heller inte att ange aktuellt konto (BG eller PG) i IdrottOnline, annars finns risk att distriktsbidragen inte kan betalas ut.<\/p>\n<h3>S\u00e5 rekvirerar Ditt distrikt bidraget<\/h3>\n<ul>\n<li>Rekvirering g\u00f6rs helt enkelt genom att skicka ett mejl som inneh\u00e5ller distriktets namn och man \u00f6nskar rekvirera sitt distriktsbidrag f\u00f6r 2025.<\/li>\n<li>Rekvirering mejlas till: <a href=\"mailto:kansli@scf.se\"><strong>kansli@scf.se<\/strong><\/a><\/li>\n<li>Ni som redan har mejlat in en rekvirering de senaste m\u00e5naderna kan bortse fr\u00e5n detta.<\/li>\n<\/ul>\n<p><em>Text och foto: SCF<\/em><\/p>\n","protected":false},"excerpt":{"rendered":"<p>Nu \u00e4r det dags f\u00f6r alla distrikt att rekvirera distriktsbidrag f\u00f6r verksamhets\u00e5ret 2025. Senast 15 januari 2026 ska ans\u00f6kan vara inne. Det totala distriktsbidraget f\u00f6rdelas \u00e5rligen mellan landets 20 distriktsf\u00f6rbund som har anm\u00e4lt intresse. Det \u00e4r v\u00e4ldigt enkelt att rekvirera, bara att mejla till: kansli@scf.se Ber\u00e4kningen av f\u00f6rdelningen sker i slutet av verksamhets\u00e5ret och<a href=\"https:\/\/scf.se\/forbundet\/dags-att-rekvirera-ert-distriktsbidrag-senast-12-januari-2026\/\" class=\"news-card__more\"> &#8230;<\/a><\/p>\n","protected":false},"author":41,"featured_media":9228,"comment_status":"open","ping_status":"open","sticky":false,"template":"","format":"standard","meta":{"_acf_changed":false,"footnotes":""},"categories":[1],"tags":[],"class_list":["post-9224","post","type-post","status-publish","format-standard","hentry","category-forbundet"],"acf":[],"_links":{"self":[{"href":"https:\/\/scf.se\/forbundet\/wp-json\/wp\/v2\/posts\/9224","targetHints":{"allow":["GET"]}}],"collection":[{"href":"https:\/\/scf.se\/forbundet\/wp-json\/wp\/v2\/posts"}],"about":[{"href":"https:\/\/scf.se\/forbundet\/wp-json\/wp\/v2\/types\/post"}],"author":[{"embeddable":true,"href":"https:\/\/scf.se\/forbundet\/wp-json\/wp\/v2\/users\/41"}],"replies":[{"embeddable":true,"href":"https:\/\/scf.se\/forbundet\/wp-json\/wp\/v2\/comments?post=9224"}],"version-history":[{"count":13,"href":"https:\/\/scf.se\/forbundet\/wp-json\/wp\/v2\/posts\/9224\/revisions"}],"predecessor-version":[{"id":9235,"href":"https:\/\/scf.se\/forbundet\/wp-json\/wp\/v2\/posts\/9224\/revisions\/9235"}],"wp:featuredmedia":[{"embeddable":true,"href":"https:\/\/scf.se\/forbundet\/wp-json\/wp\/v2\/media\/9228"}],"wp:attachment":[{"href":"https:\/\/scf.se\/forbundet\/wp-json\/wp\/v2\/media?parent=9224"}],"wp:term":[{"taxonomy":"category","embeddable":true,"href":"https:\/\/scf.se\/forbundet\/wp-json\/wp\/v2\/categories?post=9224"},{"taxonomy":"post_tag","embeddable":true,"href":"https:\/\/scf.se\/forbundet\/wp-json\/wp\/v2\/tags?post=9224"}],"curies":[{"name":"wp","href":"https:\/\/api.w.org\/{rel}","templated":true}]}}