
{"id":922,"date":"2016-02-16T15:20:57","date_gmt":"2016-02-16T14:20:57","guid":{"rendered":"http:\/\/scf.se\/forbundet\/?p=922"},"modified":"2016-02-16T16:04:19","modified_gmt":"2016-02-16T15:04:19","slug":"poc-ny-samarbetspartner-till-svenska-cykelforbundet","status":"publish","type":"post","link":"https:\/\/scf.se\/forbundet\/poc-ny-samarbetspartner-till-svenska-cykelforbundet\/","title":{"rendered":"POC ny samarbetspartner"},"content":{"rendered":"<p><strong>Svenska Cykelf\u00f6rbundet tecknade idag ett samarbetsavtal med POC som inneb\u00e4r att vi kommer att f\u00e5 se v\u00e5ra landslagscyklister i utrustning och kl\u00e4der fr\u00e5n POC fram till 2018.<\/strong><\/p>\n<p>POC \u00e4r en svensk tillverkare av bland annat hj\u00e4lmar, kl\u00e4der, glas\u00f6gon och skydd. Tillsammans med POC kommer Svenska Cykelf\u00f6rbundet att arbeta mot det gemensamma m\u00e5let att svensk cykelsport ska bli b\u00e4st och s\u00e4krast i v\u00e4rlden.<\/p>\n<p>\u2013 Det \u00e4r ett j\u00e4ttesp\u00e4nnande samarbete som vi inleder med POC. F\u00f6r att prestera p\u00e5 v\u00e4rldsniv\u00e5 kr\u00e4vs den b\u00e4sta utrustning som finns p\u00e5 marknaden. Avtalet med POC ger oss optimala f\u00f6ruts\u00e4ttningar att n\u00e5 v\u00e5ra m\u00e5l, s\u00e4ger Jonas Ljungblad, sportchef och f\u00f6rbundskapten.<\/p>\n<p>\u2013 Vi kommer att g\u00f6ra v\u00e5rt yttersta f\u00f6r att de svenska cyklisterna ska kunna prestera p\u00e5 h\u00f6gsta niv\u00e5 och ge de svenska landslagen det allra b\u00e4sta vad g\u00e4ller s\u00e4kerhet och h\u00f6gkvalitativ utrustning. Vindtunneltester, avancerad produktionsteknik och nya material kommer tillsammans vara en avg\u00f6rande faktor f\u00f6r att kapa avg\u00f6rande sekunder i kampen om medaljer, s\u00e4ger POCs VD och grundare, Stefan Ytterborn.<\/p>\n<p>&nbsp;<\/p>\n","protected":false},"excerpt":{"rendered":"<p>Svenska Cykelf\u00f6rbundet tecknade idag ett samarbetsavtal med POC som inneb\u00e4r att vi kommer att f\u00e5 se v\u00e5ra landslagscyklister i utrustning och kl\u00e4der fr\u00e5n POC fram till 2018. POC \u00e4r en svensk tillverkare av bland annat hj\u00e4lmar, kl\u00e4der, glas\u00f6gon och skydd. Tillsammans med POC kommer Svenska Cykelf\u00f6rbundet att arbeta mot det gemensamma m\u00e5let att svensk<a href=\"https:\/\/scf.se\/forbundet\/poc-ny-samarbetspartner-till-svenska-cykelforbundet\/\" class=\"news-card__more\"> &#8230;<\/a><\/p>\n","protected":false},"author":7,"featured_media":0,"comment_status":"open","ping_status":"open","sticky":false,"template":"","format":"standard","meta":{"_acf_changed":false,"footnotes":""},"categories":[1],"tags":[],"class_list":["post-922","post","type-post","status-publish","format-standard","hentry","category-forbundet"],"acf":[],"_links":{"self":[{"href":"https:\/\/scf.se\/forbundet\/wp-json\/wp\/v2\/posts\/922","targetHints":{"allow":["GET"]}}],"collection":[{"href":"https:\/\/scf.se\/forbundet\/wp-json\/wp\/v2\/posts"}],"about":[{"href":"https:\/\/scf.se\/forbundet\/wp-json\/wp\/v2\/types\/post"}],"author":[{"embeddable":true,"href":"https:\/\/scf.se\/forbundet\/wp-json\/wp\/v2\/users\/7"}],"replies":[{"embeddable":true,"href":"https:\/\/scf.se\/forbundet\/wp-json\/wp\/v2\/comments?post=922"}],"version-history":[{"count":0,"href":"https:\/\/scf.se\/forbundet\/wp-json\/wp\/v2\/posts\/922\/revisions"}],"wp:attachment":[{"href":"https:\/\/scf.se\/forbundet\/wp-json\/wp\/v2\/media?parent=922"}],"wp:term":[{"taxonomy":"category","embeddable":true,"href":"https:\/\/scf.se\/forbundet\/wp-json\/wp\/v2\/categories?post=922"},{"taxonomy":"post_tag","embeddable":true,"href":"https:\/\/scf.se\/forbundet\/wp-json\/wp\/v2\/tags?post=922"}],"curies":[{"name":"wp","href":"https:\/\/api.w.org\/{rel}","templated":true}]}}