
{"id":8774,"date":"2024-09-07T15:45:21","date_gmt":"2024-09-07T13:45:21","guid":{"rendered":"https:\/\/scf.se\/forbundet\/?p=8774"},"modified":"2024-09-07T18:36:40","modified_gmt":"2024-09-07T16:36:40","slug":"skadedrabbade-marvig-gjorde-stabilt-lopp-i-sitt-sista-paralympics","status":"publish","type":"post","link":"https:\/\/scf.se\/forbundet\/skadedrabbade-marvig-gjorde-stabilt-lopp-i-sitt-sista-paralympics\/","title":{"rendered":"Skadedrabbad Henrik Marvig gjorde stabilt lopp i sitt sista Paralympics"},"content":{"rendered":"<p><strong>N\u00e4r Henrik Marvig br\u00f6t sina senaste tv\u00e5 revben i slutet av ett tr\u00e4ningspass i Spanien f\u00f6r tv\u00e5 veckor sedan, var det inte l\u00e5ngt ifr\u00e5n tv\u00e5siffrigt. Att d\u00e5 ha plats sju-\u00e5tta i fokus i en r\u00e4tt bra klunga, \u00e4ven om han slutade tolva, \u00e4r bra gjort.<\/strong><\/p>\n<p>Det var helt enkelt ett bra lopp n\u00e4r han v\u00e4l h\u00e4mtat sig efter en tuff start. Han var uppe och spr\u00e4tte lite tidigt, men tappade snart nog kontakten med f\u00f6rstaklungan.<\/p>\n<blockquote><p>&#8221;Dagen var h\u00e5rd, men \u00e4nd\u00e5 kul. Jag saknade det d\u00e4r sista idag. Jag hade inte benen i backen n\u00e4r de drog iv\u00e4g. Jag visste att det skulle g\u00e5 fort redan fr\u00e5n b\u00f6rjan. P\u00e5 slutet siktade jag p\u00e5 sjundeplatsen, som jag k\u00e4nde var m\u00f6jlig i en klungspurt, men d\u00e4r hade jag inte benen&#8221;, s\u00e4ger Marvig efter\u00e5t till SVT Play.<\/p><\/blockquote>\n<a href=\"https:\/\/scf.se\/forbundet\/wp-content\/uploads\/sites\/9\/2024\/09\/Paris202409072400749_.jpg\"><img loading=\"lazy\" decoding=\"async\" class=\"alignnone size-full wp-image-8807\" src=\"https:\/\/scf.se\/forbundet\/wp-content\/uploads\/sites\/9\/2024\/09\/Paris202409072400749_.jpg\" alt=\"\" width=\"1619\" height=\"1080\" srcset=\"https:\/\/scf.se\/forbundet\/wp-content\/uploads\/sites\/9\/2024\/09\/Paris202409072400749_.jpg 1619w, https:\/\/scf.se\/forbundet\/wp-content\/uploads\/sites\/9\/2024\/09\/Paris202409072400749_-300x200.jpg 300w, https:\/\/scf.se\/forbundet\/wp-content\/uploads\/sites\/9\/2024\/09\/Paris202409072400749_-1024x683.jpg 1024w, https:\/\/scf.se\/forbundet\/wp-content\/uploads\/sites\/9\/2024\/09\/Paris202409072400749_-768x512.jpg 768w, https:\/\/scf.se\/forbundet\/wp-content\/uploads\/sites\/9\/2024\/09\/Paris202409072400749_-1536x1025.jpg 1536w\" sizes=\"auto, (max-width: 1619px) 100vw, 1619px\" \/><\/a>\n<p>\u00c4ven om Marvig slutade tolva tackade han tv-publiken och alla svenskar p\u00e5 plats med sin m\u00e5lgest, med en stor glimt i \u00f6gat. S\u00e5dan \u00e4r han, Marvig. N\u00e4r det g\u00e4ller Paralympics har han klart deklarerat att det inte blir mer \u00e4n s\u00e5 h\u00e4r.<\/p>\n<a href=\"https:\/\/scf.se\/forbundet\/wp-content\/uploads\/sites\/9\/2024\/09\/Paris202409072400743_.jpg\"><img loading=\"lazy\" decoding=\"async\" class=\"alignnone size-full wp-image-8789\" src=\"https:\/\/scf.se\/forbundet\/wp-content\/uploads\/sites\/9\/2024\/09\/Paris202409072400743_.jpg\" alt=\"\" width=\"1620\" height=\"1080\" srcset=\"https:\/\/scf.se\/forbundet\/wp-content\/uploads\/sites\/9\/2024\/09\/Paris202409072400743_.jpg 1620w, https:\/\/scf.se\/forbundet\/wp-content\/uploads\/sites\/9\/2024\/09\/Paris202409072400743_-300x200.jpg 300w, https:\/\/scf.se\/forbundet\/wp-content\/uploads\/sites\/9\/2024\/09\/Paris202409072400743_-1024x683.jpg 1024w, https:\/\/scf.se\/forbundet\/wp-content\/uploads\/sites\/9\/2024\/09\/Paris202409072400743_-768x512.jpg 768w, https:\/\/scf.se\/forbundet\/wp-content\/uploads\/sites\/9\/2024\/09\/Paris202409072400743_-1536x1024.jpg 1536w\" sizes=\"auto, (max-width: 1620px) 100vw, 1620px\" \/><\/a>\n<blockquote><p>&#8221;Jag \u00e4r givetvis inte n\u00f6jd med placeringen idag, men jag \u00e4r j\u00e4tten\u00f6jd med hela karri\u00e4ren. Jag har uppn\u00e5tt alla mina m\u00e5l, f\u00f6rutom en medalj i Paralympics. Jag \u00e4r till exempel j\u00e4ttestolt \u00f6ver mitt VM-guld.&#8221;<\/p><\/blockquote>\n<p>\u00c4ven f\u00f6rbundskaptenen var inne p\u00e5 att det var ett stabilt lopp:<\/p>\n<blockquote><p>&#8221;Henrik g\u00f6r ett bra lopp med tanke p\u00e5 de skador han \u00e5kt p\u00e5 under \u00e5ret,&#8221; s\u00e4ger Michael Lindgren.<\/p><\/blockquote>\n<a href=\"https:\/\/scf.se\/forbundet\/wp-content\/uploads\/sites\/9\/2024\/09\/Paris202409072400734_.jpg\"><img loading=\"lazy\" decoding=\"async\" class=\"alignnone size-full wp-image-8817\" src=\"https:\/\/scf.se\/forbundet\/wp-content\/uploads\/sites\/9\/2024\/09\/Paris202409072400734_.jpg\" alt=\"\" width=\"1620\" height=\"1080\" srcset=\"https:\/\/scf.se\/forbundet\/wp-content\/uploads\/sites\/9\/2024\/09\/Paris202409072400734_.jpg 1620w, https:\/\/scf.se\/forbundet\/wp-content\/uploads\/sites\/9\/2024\/09\/Paris202409072400734_-300x200.jpg 300w, https:\/\/scf.se\/forbundet\/wp-content\/uploads\/sites\/9\/2024\/09\/Paris202409072400734_-1024x683.jpg 1024w, https:\/\/scf.se\/forbundet\/wp-content\/uploads\/sites\/9\/2024\/09\/Paris202409072400734_-768x512.jpg 768w, https:\/\/scf.se\/forbundet\/wp-content\/uploads\/sites\/9\/2024\/09\/Paris202409072400734_-1536x1024.jpg 1536w\" sizes=\"auto, (max-width: 1620px) 100vw, 1620px\" \/><\/a>\n<h3>Linjelopp herrar C1\u2013C3<\/h3>\n<ol>\n<li><strong>Finlay Graham<\/strong>, Storbritannien 1:43:19<\/li>\n<li><strong>Thomas Peyroton-Dartet<\/strong>, Frankrike +0<\/li>\n<li><strong>Alexandre Leaute<\/strong>, Frankrike +0:24<\/li>\n<li><strong>Alexandre Hayward<\/strong>, Kanada +1:50<\/li>\n<li><strong>Benjamin Watson<\/strong>, Storbritannien +3:55<\/li>\n<li><strong>Jaco van Gass<\/strong>, Storbritannien +3:55<\/li>\n<li><strong>Matthew Robertson<\/strong>, Storbritannien +7:12<\/li>\n<li><strong>Ewoud Vromant<\/strong>, Belgien +7:14<\/li>\n<li><strong>Ricardo Ten Argiles<\/strong>, Spanien +7:18<\/li>\n<li><strong>Eduardo Santas Asensio<\/strong>, Spanien +7:23<\/li>\n<li><strong>Matthias Schindler<\/strong>, Tyskland +7:23<\/li>\n<li><strong>Henrik Marvig<\/strong>, Sverige +7:40<\/li>\n<\/ol>\n<a href=\"https:\/\/scf.se\/forbundet\/wp-content\/uploads\/sites\/9\/2024\/09\/Paris202409072400754_.jpg\"><img loading=\"lazy\" decoding=\"async\" class=\"alignnone size-full wp-image-8792\" src=\"https:\/\/scf.se\/forbundet\/wp-content\/uploads\/sites\/9\/2024\/09\/Paris202409072400754_.jpg\" alt=\"\" width=\"1619\" height=\"1080\" srcset=\"https:\/\/scf.se\/forbundet\/wp-content\/uploads\/sites\/9\/2024\/09\/Paris202409072400754_.jpg 1619w, https:\/\/scf.se\/forbundet\/wp-content\/uploads\/sites\/9\/2024\/09\/Paris202409072400754_-300x200.jpg 300w, https:\/\/scf.se\/forbundet\/wp-content\/uploads\/sites\/9\/2024\/09\/Paris202409072400754_-1024x683.jpg 1024w, https:\/\/scf.se\/forbundet\/wp-content\/uploads\/sites\/9\/2024\/09\/Paris202409072400754_-768x512.jpg 768w, https:\/\/scf.se\/forbundet\/wp-content\/uploads\/sites\/9\/2024\/09\/Paris202409072400754_-1536x1025.jpg 1536w\" sizes=\"auto, (max-width: 1619px) 100vw, 1619px\" \/><\/a>\n<p>Marvig fick ocks\u00e5 som synes en peppande h\u00e4lsning fr\u00e5n delar av kungafamiljen, prinsessorna Estelle, Victoria och drottning Silvia.<\/p>\n<p><em>Text: venska Cykelf\u00f6rbundet<\/em><br \/>\n<em>Foto: Oscar Olsson\/ Sveriges Paralympiska Kommitt\u00e9<\/em><\/p>\n","protected":false},"excerpt":{"rendered":"<p>N\u00e4r Henrik Marvig br\u00f6t sina senaste tv\u00e5 revben i slutet av ett tr\u00e4ningspass i Spanien f\u00f6r tv\u00e5 veckor sedan, var det inte l\u00e5ngt ifr\u00e5n tv\u00e5siffrigt. Att d\u00e5 ha plats sju-\u00e5tta i fokus i en r\u00e4tt bra klunga, \u00e4ven om han slutade tolva, \u00e4r bra gjort. Det var helt enkelt ett bra lopp n\u00e4r han<a href=\"https:\/\/scf.se\/forbundet\/skadedrabbade-marvig-gjorde-stabilt-lopp-i-sitt-sista-paralympics\/\" class=\"news-card__more\"> &#8230;<\/a><\/p>\n","protected":false},"author":41,"featured_media":8789,"comment_status":"open","ping_status":"open","sticky":false,"template":"","format":"standard","meta":{"_acf_changed":false,"footnotes":""},"categories":[1],"tags":[],"class_list":["post-8774","post","type-post","status-publish","format-standard","hentry","category-forbundet"],"acf":[],"_links":{"self":[{"href":"https:\/\/scf.se\/forbundet\/wp-json\/wp\/v2\/posts\/8774","targetHints":{"allow":["GET"]}}],"collection":[{"href":"https:\/\/scf.se\/forbundet\/wp-json\/wp\/v2\/posts"}],"about":[{"href":"https:\/\/scf.se\/forbundet\/wp-json\/wp\/v2\/types\/post"}],"author":[{"embeddable":true,"href":"https:\/\/scf.se\/forbundet\/wp-json\/wp\/v2\/users\/41"}],"replies":[{"embeddable":true,"href":"https:\/\/scf.se\/forbundet\/wp-json\/wp\/v2\/comments?post=8774"}],"version-history":[{"count":10,"href":"https:\/\/scf.se\/forbundet\/wp-json\/wp\/v2\/posts\/8774\/revisions"}],"predecessor-version":[{"id":8822,"href":"https:\/\/scf.se\/forbundet\/wp-json\/wp\/v2\/posts\/8774\/revisions\/8822"}],"wp:featuredmedia":[{"embeddable":true,"href":"https:\/\/scf.se\/forbundet\/wp-json\/wp\/v2\/media\/8789"}],"wp:attachment":[{"href":"https:\/\/scf.se\/forbundet\/wp-json\/wp\/v2\/media?parent=8774"}],"wp:term":[{"taxonomy":"category","embeddable":true,"href":"https:\/\/scf.se\/forbundet\/wp-json\/wp\/v2\/categories?post=8774"},{"taxonomy":"post_tag","embeddable":true,"href":"https:\/\/scf.se\/forbundet\/wp-json\/wp\/v2\/tags?post=8774"}],"curies":[{"name":"wp","href":"https:\/\/api.w.org\/{rel}","templated":true}]}}