
{"id":8377,"date":"2024-08-04T18:19:03","date_gmt":"2024-08-04T16:19:03","guid":{"rendered":"https:\/\/scf.se\/forbundet\/?p=8377"},"modified":"2024-08-05T17:00:09","modified_gmt":"2024-08-05T15:00:09","slug":"caroline-andersson-gjorde-maktigt-os-linjelopp-och-blev-14e-cyklist","status":"publish","type":"post","link":"https:\/\/scf.se\/forbundet\/caroline-andersson-gjorde-maktigt-os-linjelopp-och-blev-14e-cyklist\/","title":{"rendered":"Caroline Andersson gjorde m\u00e4ktigt OS-linjelopp och blev 14:e cyklist"},"content":{"rendered":"<p><strong>Caroline Andersson slutade p\u00e5 en fin 14:e plats i ett mycket starkt OS-linjelopp. Andersson stoppades upp n\u00e4r hon hamnade p\u00e5 fel sida om en vurpa strax innan den stora Montmartestigningen d\u00e4r det \u00e4r tr\u00e5nga gr\u00e4nder. Men hon fanns med k\u00f6rde om det i en liten grupp som gjorde ett tappert f\u00f6rs\u00f6k att ansluta till t\u00e4tcyklisterna. S\u00e5 bra k\u00f6rt! Amerikanskan Kristen Faulkner snuvade b\u00e5de tv\u00e5an Marianne Vos och trean Lotte Kopecky p\u00e5 guldchansen.<\/strong><\/p>\n<p>Det var den supervassa nederl\u00e4ndska spurtaren Lorena Wiebes och starka polskan Katarzyna Niewiadoma som Caroline ansl\u00f6t till. Rysningar redan d\u00e4r.<\/p>\n<p>Framme i t\u00e4tklungan fanns bland annat Marianne Vos och s\u00e5 hade loppets huvudfavorit, belgiska v\u00e4rldsm\u00e4staren Lotte Kopecky och Lidl-Treks s\u00e5 \u00e5kstarka italienare Elisa Longo Borghini.<\/p>\n<p>N\u00e4r tv\u00e5 av de tre brittiskorna fick sl\u00e4ppa andra g\u00e5ngen upp till Montmarte blev det oro i gruppen och rysningar d\u00e5 det faktiskt var l\u00e4ge f\u00f6r trion ett tag. Caroline valde i det l\u00e4get att ta ansvar med dragjobbet och det \u00e4r riktigt sk\u00f6nt att se att hon i det l\u00e4get verkligen gick f\u00f6r det.<\/p>\n<p>Ingen i t\u00e4tklungan ville f\u00f6rst\u00e5s ha upp Wiebes till en eventuell spurt, men det \u00e4r \u00e5 andra sidan ingen radiokommunikation. Marta Lach ansl\u00f6t men Caroline fortsatte att jobba i gruppen d\u00e4r det hade varit l\u00e4tt att stj\u00e4lpa \u00f6ver ansvaret till Polen och Nederl\u00e4nderna. Offensivt t\u00e4nk.<\/p>\n<a href=\"https:\/\/scf.se\/forbundet\/wp-content\/uploads\/sites\/9\/2024\/08\/Caroline1112.jpg\"><img loading=\"lazy\" decoding=\"async\" class=\"alignnone size-full wp-image-8394\" src=\"https:\/\/scf.se\/forbundet\/wp-content\/uploads\/sites\/9\/2024\/08\/Caroline1112.jpg\" alt=\"\" width=\"1022\" height=\"990\" srcset=\"https:\/\/scf.se\/forbundet\/wp-content\/uploads\/sites\/9\/2024\/08\/Caroline1112.jpg 1022w, https:\/\/scf.se\/forbundet\/wp-content\/uploads\/sites\/9\/2024\/08\/Caroline1112-300x291.jpg 300w, https:\/\/scf.se\/forbundet\/wp-content\/uploads\/sites\/9\/2024\/08\/Caroline1112-768x744.jpg 768w\" sizes=\"auto, (max-width: 1022px) 100vw, 1022px\" \/><\/a>\n<p>Snacka om att hon fanns med och gjorde tv-underh\u00e5llning av det h\u00e4r loppet. Ett stort styrkebesked av Caroline Andersson som blev uttagen till OS p\u00e5 framtidskriteret.<\/p>\n<p>Ungern\u00a0 visade igen att nationen \u00e4r att r\u00e4kna med i endagarslopp. Blanka Vas och Marianne Vos stack fr\u00e5n gruppen med Kopecky och i det \u00f6gonblicket blev farten f\u00f6r h\u00f6g f\u00f6r Carolines kvartett att n\u00e5 t\u00e4tcyklisterna d\u00e4r det gick s\u00e5 fort n\u00e4r Kopecky och amerikanskan Kristen Faulkner jagade ikapp til sist.<\/p>\n<p>D\u00e5 gick Faulkner DIREKT och ingen av storstj\u00e4rnorna ville ta luckan p\u00e5 egen hand utan fick n\u00f6ja sig med en t\u00e4t kamp om de andra medaljerna. Caroline fanns hela tiden med i draget bakom och kom in till den m\u00e4ktiga m\u00e5lplatsen nedanf\u00f6r Eiffeltornet p\u00e5 plats 14.<\/p>\n<p>&#8221;Jag h\u00f6jer mig ofta i lopp med riktigt bra cyklister och h\u00f6gt tempo&#8221;, sa Caroline direkt efter OS-uttagningen. Snacka om at det st\u00e4mde bra. S\u00e5 starkt k\u00f6rt av den 23-\u00e5riga cyklisten fr\u00e5n Halmstad!<\/p>\n<a href=\"https:\/\/scf.se\/forbundet\/wp-content\/uploads\/sites\/9\/2024\/08\/Caroline1111222.jpg\"><img loading=\"lazy\" decoding=\"async\" class=\"alignnone size-full wp-image-8385\" src=\"https:\/\/scf.se\/forbundet\/wp-content\/uploads\/sites\/9\/2024\/08\/Caroline1111222.jpg\" alt=\"\" width=\"1113\" height=\"796\" srcset=\"https:\/\/scf.se\/forbundet\/wp-content\/uploads\/sites\/9\/2024\/08\/Caroline1111222.jpg 1113w, https:\/\/scf.se\/forbundet\/wp-content\/uploads\/sites\/9\/2024\/08\/Caroline1111222-300x215.jpg 300w, https:\/\/scf.se\/forbundet\/wp-content\/uploads\/sites\/9\/2024\/08\/Caroline1111222-1024x732.jpg 1024w, https:\/\/scf.se\/forbundet\/wp-content\/uploads\/sites\/9\/2024\/08\/Caroline1111222-768x549.jpg 768w\" sizes=\"auto, (max-width: 1113px) 100vw, 1113px\" \/><\/a>\n<h2>OS linjelopp damer<\/h2>\n<ul>\n<li>1 <strong>Kristen Faulkner<\/strong>, USA<\/li>\n<li>2<strong> Marianne Vos<\/strong>, Nederl\u00e4nderna +0.58<\/li>\n<li>3 <strong>Lotte Kopeck<\/strong>y, Belgien +0.58<\/li>\n<li>4 <strong>Blanka Vas<\/strong>, Ungern +0.58<\/li>\n<li>5 <strong>Pfeiffer Georgi<\/strong>, Storbritannien +1.21<\/li>\n<li>6 <strong>Mavi Garcia<\/strong>, Spanien +1.23<\/li>\n<li>7 <strong>Noemi R\u00fcegg<\/strong>, Schweiz, +2.04<\/li>\n<li>8 <strong>Katarzyna Niewiadoma<\/strong>, Polen 2.44<\/li>\n<li>9 <strong>Elisa Longo<\/strong> Borghini, Italien 3.05<\/li>\n<li>10 <strong>Marta Lach<\/strong>, Polen +3.27<\/li>\n<li>14 <strong>Caroline Andersson<\/strong>, Sverige +3.34<\/li>\n<\/ul>\n<p>S\u00e5 h\u00e4r s\u00e4ger f\u00f6rbundskaptenen Lucas Persson om loppet efter att ha f\u00f6ljt det l\u00e5ngt bak i karavanen i en f\u00f6ljebil som delades med Nya Zeeland.<\/p>\n<blockquote><p>&#8221;Caroline var stark och gjorde ett taktiskt sett j\u00e4ttebra lopp. Det var bra att hon var kall i b\u00f6rjan och inte gick med n\u00e5gon utbrytning utan var noga med att fylla p\u00e5 med v\u00e4tska och energi. F\u00f6r sedan var hon verkligen giftig inne p\u00e5 varvet d\u00e4r det hade kunna studsa \u00e4nnu b\u00e4ttre om hon inte hade hamnat bakom den d\u00e4r vurpan i roten av stora backen&#8221;, s\u00e4ger f\u00f6rbundskaptenen Lucas Persson.<\/p><\/blockquote>\n<p>Det personliga m\u00e5let var h\u00f6gt st\u00e4llt: topp tio. Och det var inte l\u00e5ngt ifr\u00e5n att det lyckades.<\/p>\n<blockquote><p>&#8221;Hon \u00e4r med d\u00e4r men polskan (Niewiadoma) k\u00f6r verkligen ruggigt fort n\u00e4r hon g\u00e5r iv\u00e4g och topp tio-l\u00e4get f\u00f6rsvinner. Men 14:e \u00e4r j\u00e4vligt bra. Caroline \u00e4r ung och lovande. Hon l\u00e4r k\u00e4nna de b\u00e4sta cyklisterna genom att t\u00e4vla mot dem mer och mer. Det m\u00e4rks och jag tycker att det h\u00e4r \u00e4r det b\u00e4sta hon har gjort hittills i karri\u00e4ren&#8221;, s\u00e4ger Lucas Persson.<\/p><\/blockquote>\n<p>Han tackar avslutningsvis SOK f\u00f6r f\u00f6rtroendet med tv\u00e5 platser till Paris-OS p\u00e5 framtidskriteriet och tycker att de just anv\u00e4nde de chanserna v\u00e4l.<\/p>\n<blockquote><p>&#8221;Ja, sammantaget \u00e4r vi v\u00e4ldigt n\u00f6jda med att se b\u00e5de det Jakob S\u00f6derqvist gjorde p\u00e5 l\u00f6rdagen och Caroline Andersson p\u00e5 s\u00f6ndagen. De har inte bara suttit och v\u00e4ntat, utan utmanat fantastiskt bra i just r\u00e4tt l\u00e4ge i loppen. De uppfyllde framtidskriteriet denna g\u00e5ng som jag ser det och det har b\u00e5da en en god chans att kvala in p\u00e5 grundkriteriet till OS i Los Angeles 2028.<\/p><\/blockquote>\n<p><em>Text: Tomas Larsson\/SCF<\/em><br \/>\n<em>Foto: SCF<\/em><\/p>\n","protected":false},"excerpt":{"rendered":"<p>Caroline Andersson slutade p\u00e5 en fin 14:e plats i ett mycket starkt OS-linjelopp. Andersson stoppades upp n\u00e4r hon hamnade p\u00e5 fel sida om en vurpa strax innan den stora Montmartestigningen d\u00e4r det \u00e4r tr\u00e5nga gr\u00e4nder. Men hon fanns med k\u00f6rde om det i en liten grupp som gjorde ett tappert f\u00f6rs\u00f6k att ansluta till<a href=\"https:\/\/scf.se\/forbundet\/caroline-andersson-gjorde-maktigt-os-linjelopp-och-blev-14e-cyklist\/\" class=\"news-card__more\"> &#8230;<\/a><\/p>\n","protected":false},"author":41,"featured_media":8385,"comment_status":"open","ping_status":"open","sticky":false,"template":"","format":"standard","meta":{"_acf_changed":false,"footnotes":""},"categories":[1],"tags":[],"class_list":["post-8377","post","type-post","status-publish","format-standard","hentry","category-forbundet"],"acf":[],"_links":{"self":[{"href":"https:\/\/scf.se\/forbundet\/wp-json\/wp\/v2\/posts\/8377","targetHints":{"allow":["GET"]}}],"collection":[{"href":"https:\/\/scf.se\/forbundet\/wp-json\/wp\/v2\/posts"}],"about":[{"href":"https:\/\/scf.se\/forbundet\/wp-json\/wp\/v2\/types\/post"}],"author":[{"embeddable":true,"href":"https:\/\/scf.se\/forbundet\/wp-json\/wp\/v2\/users\/41"}],"replies":[{"embeddable":true,"href":"https:\/\/scf.se\/forbundet\/wp-json\/wp\/v2\/comments?post=8377"}],"version-history":[{"count":23,"href":"https:\/\/scf.se\/forbundet\/wp-json\/wp\/v2\/posts\/8377\/revisions"}],"predecessor-version":[{"id":8405,"href":"https:\/\/scf.se\/forbundet\/wp-json\/wp\/v2\/posts\/8377\/revisions\/8405"}],"wp:featuredmedia":[{"embeddable":true,"href":"https:\/\/scf.se\/forbundet\/wp-json\/wp\/v2\/media\/8385"}],"wp:attachment":[{"href":"https:\/\/scf.se\/forbundet\/wp-json\/wp\/v2\/media?parent=8377"}],"wp:term":[{"taxonomy":"category","embeddable":true,"href":"https:\/\/scf.se\/forbundet\/wp-json\/wp\/v2\/categories?post=8377"},{"taxonomy":"post_tag","embeddable":true,"href":"https:\/\/scf.se\/forbundet\/wp-json\/wp\/v2\/tags?post=8377"}],"curies":[{"name":"wp","href":"https:\/\/api.w.org\/{rel}","templated":true}]}}