
{"id":8309,"date":"2024-08-02T14:12:59","date_gmt":"2024-08-02T12:12:59","guid":{"rendered":"https:\/\/scf.se\/forbundet\/?p=8309"},"modified":"2024-08-04T13:24:24","modified_gmt":"2024-08-04T11:24:24","slug":"bra-forberedelser-for-jakob-och-caroline-infor-os-linjeloppen","status":"publish","type":"post","link":"https:\/\/scf.se\/forbundet\/bra-forberedelser-for-jakob-och-caroline-infor-os-linjeloppen\/","title":{"rendered":"Bra f\u00f6rberedelser f\u00f6r Jakob och Caroline inf\u00f6r OS-linjeloppen"},"content":{"rendered":"<p><strong>&#8221;L\u00e4get \u00e4r bra. Vi har varit p\u00e5 plats i Paris i en vecka nu och har tr\u00e4nat p\u00e5, b\u00e5de h\u00e5rt och lugnt. l\u00e5ngt och kort \u2013 och testat p\u00e5 regn och sol. Ja, livet flyter p\u00e5 bra.&#8221; Det s\u00e4ger f\u00f6rbundskaptenen Lucas Persson inf\u00f6r helgens b\u00e4gge OS-linjelopp. Jakob S\u00f6derqvist k\u00f6r hela 272,1 kilometer <\/strong><strong>i morgon, l\u00f6rdag 11.00. Caroline Andersson, som startar p\u00e5 s\u00f6ndag 14.00, har 157,6 kilometer p\u00e5 menyn.<\/strong><\/p>\n<a href=\"https:\/\/scf.se\/forbundet\/wp-content\/uploads\/sites\/9\/2024\/08\/LVGos4.jpg\"><img loading=\"lazy\" decoding=\"async\" class=\"alignnone size-full wp-image-8323\" src=\"https:\/\/scf.se\/forbundet\/wp-content\/uploads\/sites\/9\/2024\/08\/LVGos4.jpg\" alt=\"\" width=\"1536\" height=\"1457\" srcset=\"https:\/\/scf.se\/forbundet\/wp-content\/uploads\/sites\/9\/2024\/08\/LVGos4.jpg 1536w, https:\/\/scf.se\/forbundet\/wp-content\/uploads\/sites\/9\/2024\/08\/LVGos4-300x285.jpg 300w, https:\/\/scf.se\/forbundet\/wp-content\/uploads\/sites\/9\/2024\/08\/LVGos4-1024x971.jpg 1024w, https:\/\/scf.se\/forbundet\/wp-content\/uploads\/sites\/9\/2024\/08\/LVGos4-768x729.jpg 768w\" sizes=\"auto, (max-width: 1536px) 100vw, 1536px\" \/><\/a>\n<p>Det \u00e4r tv\u00e5 unga cyklister som b\u00e5da blev uttagna p\u00e5 framtidskriteriet, s\u00e5 vi ska inte s\u00e4tta upp n\u00e5gra skyh\u00f6ga f\u00f6rv\u00e4ntningar p\u00e5 h\u00f6ga placeringar. Men det \u00e4r tv\u00e5 cyklister med stor potential som vill mycket redan nu och har f\u00f6rberett sig v\u00e4l och de kom till Paris redan f\u00f6rra helgen f\u00f6r att kolla banan och acklimatisera sig.<\/p>\n<blockquote><p>&#8221;B\u00e5de Caroline och Jakob k\u00e4nner att de \u00e4r taggade inf\u00f6r helgen. Vi var inne och k\u00f6rde en banrek i dag med konvoj. Just det gick s\u00e5d\u00e4r; polisen k\u00f6rde fel efter tre kilometer in p\u00e5 varvet s\u00e5 det blev lite kaos. Det tog l\u00e5ng tid innan bilarna fick v\u00e4nda om och kunde komma in p\u00e5 varvet igen. Men vi har i alla fall rekat cityvarvet.&#8221;, s\u00e4ger Lucas Persson.<\/p><\/blockquote>\n<a href=\"https:\/\/scf.se\/forbundet\/wp-content\/uploads\/sites\/9\/2024\/08\/LVGos5.jpg\"><img loading=\"lazy\" decoding=\"async\" class=\"alignnone size-full wp-image-8322\" src=\"https:\/\/scf.se\/forbundet\/wp-content\/uploads\/sites\/9\/2024\/08\/LVGos5.jpg\" alt=\"\" width=\"1280\" height=\"1204\" srcset=\"https:\/\/scf.se\/forbundet\/wp-content\/uploads\/sites\/9\/2024\/08\/LVGos5.jpg 1280w, https:\/\/scf.se\/forbundet\/wp-content\/uploads\/sites\/9\/2024\/08\/LVGos5-300x282.jpg 300w, https:\/\/scf.se\/forbundet\/wp-content\/uploads\/sites\/9\/2024\/08\/LVGos5-1024x963.jpg 1024w, https:\/\/scf.se\/forbundet\/wp-content\/uploads\/sites\/9\/2024\/08\/LVGos5-768x722.jpg 768w\" sizes=\"auto, (max-width: 1280px) 100vw, 1280px\" \/><\/a>\n<blockquote><p>&#8221;Innan har Caroline kunnat reka sitt stora varv p\u00e5 nio kilometer tv\u00e5 g\u00e5nger. Jakob har ocks\u00e5 kunnat k\u00f6ra hela sitt l\u00e5nga varv tv\u00e5 g\u00e5nger. Jakob hade ett l\u00e4ngre pass inplanerat, p\u00e5 drygt sex timmar. D\u00e4r gick han tyv\u00e4rr omkull i b\u00f6rjan av passet men klarade sig ganska bra. Det blev lite mindre skraps\u00e5r, men vi pl\u00e5strade om honom och han fullf\u00f6ljde passet.&#8221;<\/p><\/blockquote>\n<p>Cyklisterna \u00e4r sj\u00e4lvklart lite nerv\u00f6sa inf\u00f6r att cykla ett OS-linje men men \u00e4ven rej\u00e4lt laddade inf\u00f6r uppgiften.<\/p>\n<blockquote><p>&#8221;Vi har ju varit ett ovanligt litet g\u00e4ng h\u00e4r i Paris och vi har haft ett gott h\u00e4ng tillsammans. Jag tycker att b\u00e5de Caroline och Jakob \u00e4r vid gott mod och k\u00e4nns v\u00e4ldigt taggade f\u00f6r uppgiften. Det k\u00e4nns v\u00e4ldigt, v\u00e4ldigt bra \u00e4n s\u00e5 l\u00e4nge&#8221;, s\u00e4ger assisterande f\u00f6rbundskaptenen Alexander Wetterhall.<\/p><\/blockquote>\n<a href=\"https:\/\/scf.se\/forbundet\/wp-content\/uploads\/sites\/9\/2024\/08\/LVGos3.jpg\"><img loading=\"lazy\" decoding=\"async\" class=\"alignnone size-full wp-image-8324\" src=\"https:\/\/scf.se\/forbundet\/wp-content\/uploads\/sites\/9\/2024\/08\/LVGos3.jpg\" alt=\"\" width=\"1483\" height=\"1398\" srcset=\"https:\/\/scf.se\/forbundet\/wp-content\/uploads\/sites\/9\/2024\/08\/LVGos3.jpg 1483w, https:\/\/scf.se\/forbundet\/wp-content\/uploads\/sites\/9\/2024\/08\/LVGos3-300x283.jpg 300w, https:\/\/scf.se\/forbundet\/wp-content\/uploads\/sites\/9\/2024\/08\/LVGos3-1024x965.jpg 1024w, https:\/\/scf.se\/forbundet\/wp-content\/uploads\/sites\/9\/2024\/08\/LVGos3-768x724.jpg 768w\" sizes=\"auto, (max-width: 1483px) 100vw, 1483px\" \/><\/a>\n<p>Herrarna har hela 272 kilometer att avverka d\u00e4r arrang\u00f6ren har f\u00e5tt till en bana med 2825 h\u00f6jdmeter att ta, s\u00e5 det blir en maratons\u00e4ndning p\u00e5 tv d\u00e4r endast streamingtj\u00e4nsten Max visar hela loppet med start en kvart innan cyklisterna rullar iv\u00e4g<\/p>\n<a href=\"https:\/\/scf.se\/forbundet\/wp-content\/uploads\/sites\/9\/2024\/08\/olympic-games-2024-result-profile-da486662ea.jpg\"><img loading=\"lazy\" decoding=\"async\" class=\"alignnone size-full wp-image-8317\" src=\"https:\/\/scf.se\/forbundet\/wp-content\/uploads\/sites\/9\/2024\/08\/olympic-games-2024-result-profile-da486662ea.jpg\" alt=\"\" width=\"1650\" height=\"625\" srcset=\"https:\/\/scf.se\/forbundet\/wp-content\/uploads\/sites\/9\/2024\/08\/olympic-games-2024-result-profile-da486662ea.jpg 1650w, https:\/\/scf.se\/forbundet\/wp-content\/uploads\/sites\/9\/2024\/08\/olympic-games-2024-result-profile-da486662ea-300x114.jpg 300w, https:\/\/scf.se\/forbundet\/wp-content\/uploads\/sites\/9\/2024\/08\/olympic-games-2024-result-profile-da486662ea-1024x388.jpg 1024w, https:\/\/scf.se\/forbundet\/wp-content\/uploads\/sites\/9\/2024\/08\/olympic-games-2024-result-profile-da486662ea-768x291.jpg 768w, https:\/\/scf.se\/forbundet\/wp-content\/uploads\/sites\/9\/2024\/08\/olympic-games-2024-result-profile-da486662ea-1536x582.jpg 1536w\" sizes=\"auto, (max-width: 1650px) 100vw, 1650px\" \/><\/a>\n<p>Damernas linjelopp n\u00e4ra 16 mil ser ut enligt f\u00f6ljande n\u00e4r det g\u00e4ller den sm\u00e5kuperade h\u00f6jdprofilen d\u00e4r de har 1648 h\u00f6jdmeter att ta och d\u00e4r det finns en rej\u00e4l backe \u00e4ven p\u00e5 slutvarven.<\/p>\n<a href=\"https:\/\/scf.se\/forbundet\/wp-content\/uploads\/sites\/9\/2024\/08\/olympic-games-we-2024-result-profile-bdd2d32ac3.jpg\"><img loading=\"lazy\" decoding=\"async\" class=\"alignnone size-full wp-image-8318\" src=\"https:\/\/scf.se\/forbundet\/wp-content\/uploads\/sites\/9\/2024\/08\/olympic-games-we-2024-result-profile-bdd2d32ac3.jpg\" alt=\"\" width=\"1450\" height=\"625\" srcset=\"https:\/\/scf.se\/forbundet\/wp-content\/uploads\/sites\/9\/2024\/08\/olympic-games-we-2024-result-profile-bdd2d32ac3.jpg 1450w, https:\/\/scf.se\/forbundet\/wp-content\/uploads\/sites\/9\/2024\/08\/olympic-games-we-2024-result-profile-bdd2d32ac3-300x129.jpg 300w, https:\/\/scf.se\/forbundet\/wp-content\/uploads\/sites\/9\/2024\/08\/olympic-games-we-2024-result-profile-bdd2d32ac3-1024x441.jpg 1024w, https:\/\/scf.se\/forbundet\/wp-content\/uploads\/sites\/9\/2024\/08\/olympic-games-we-2024-result-profile-bdd2d32ac3-768x331.jpg 768w\" sizes=\"auto, (max-width: 1450px) 100vw, 1450px\" \/><\/a>\n<p>F\u00f6r Jakobs del \u00e4r det inget snack om att det konkurrensm\u00e4ssigt \u00e4r det st\u00f6rsta han har gjort. Han har lyfts upp i Lidl-Treks World team-lag ett par g\u00e5nger och har m\u00f6tt flera av de namnkunniga konkurrenterna var f\u00f6r sig. Men nu \u00e4r det extra allt i ett startf\u00e4lt som p\u00e5 herrsidan ser ut enligt nedan. Det ska noteras att givetvis de stora nationerna har grymt vassa lag men ocks\u00e5 f\u00e4rre hj\u00e4lpryttare \u00e4n stj\u00e4rnorna \u00e4r vana med.<\/p>\n<div id=\"attachment_8315\" class=\"wp-caption alignnone\" ><a href=\"https:\/\/scf.se\/forbundet\/wp-content\/uploads\/sites\/9\/2024\/08\/BB240730MT097.jpg\"><img loading=\"lazy\" decoding=\"async\" class=\"size-full wp-image-8315\" src=\"https:\/\/scf.se\/forbundet\/wp-content\/uploads\/sites\/9\/2024\/08\/BB240730MT097.jpg\" alt=\"\" width=\"2200\" height=\"1382\" srcset=\"https:\/\/scf.se\/forbundet\/wp-content\/uploads\/sites\/9\/2024\/08\/BB240730MT097.jpg 2200w, https:\/\/scf.se\/forbundet\/wp-content\/uploads\/sites\/9\/2024\/08\/BB240730MT097-300x188.jpg 300w, https:\/\/scf.se\/forbundet\/wp-content\/uploads\/sites\/9\/2024\/08\/BB240730MT097-1024x643.jpg 1024w, https:\/\/scf.se\/forbundet\/wp-content\/uploads\/sites\/9\/2024\/08\/BB240730MT097-768x482.jpg 768w, https:\/\/scf.se\/forbundet\/wp-content\/uploads\/sites\/9\/2024\/08\/BB240730MT097-1536x965.jpg 1536w, https:\/\/scf.se\/forbundet\/wp-content\/uploads\/sites\/9\/2024\/08\/BB240730MT097-2048x1287.jpg 2048w\" sizes=\"auto, (max-width: 2200px) 100vw, 2200px\" \/><\/a><p class=\"wp-caption-text\"><em>Jakob S\u00f6derqvist vid SOK:s presstr\u00e4ff inf\u00f6r l\u00f6rdagens linjelopp.\u00a0 Foto: Maxim Thor\u00e9 \/ BILDBYR\u00c5N<\/em><\/p><\/div>\n<h3>Alla startande i herrarnas OS- linjelopp l\u00f6rdag 11.00<\/h3>\n<ul>\n<li><strong>Belgien<\/strong>: Remco Evenepoel, Wout van Aert, Jasper Stuyven, Tiesj Benoot<\/li>\n<li><strong>Nederl\u00e4nderna<\/strong>: Daan Hoole, Dylan van Baarle, Mathieu van der Poel<\/li>\n<li><strong>Danmark<\/strong>: Mikkel Bjerg, Mattias Skjelmose, Mads Pedersen, Michael M\u00f8rk\u00f8v<\/li>\n<li><strong>Frankrike<\/strong>: K\u00e9vin Vauquelin, Valentin Madouas, Christophe Laporte, Julian Alaphilippe<\/li>\n<li><strong>Italien<\/strong>: Alberto Bettiol, Luca Mozzato, Elia Viviani<\/li>\n<li><strong>Spanien<\/strong>: Alex Aranburu, Juan Ayuso, Oier Lazkano<\/li>\n<li><strong>Storbritannien<\/strong>: Joshua Tarling, Fred Wright, Stephen Williams, Thomas Pidcock<\/li>\n<li><strong>USA<\/strong>: Brandon McNulty, Matteo Jorgenson, Magnus Sheffield<\/li>\n<li><strong>Slovenien<\/strong>: Jan Tratnik, Luka Mezgec, Matej Mohori\u010d, Domen Novak<\/li>\n<li><strong>Tyskland<\/strong>: Nils Politt, Maximilian Schachmann<\/li>\n<li><strong>Schweiz<\/strong>: Stefan K\u00fcng, Marc Hirschi<\/li>\n<li><strong>Australien<\/strong>: Simon Clarke, Ben O&#8217;Connor, Michael Matthews<\/li>\n<li><strong>Norge<\/strong>: S\u00f8ren W\u00e6renskjold, Tobias Foss<\/li>\n<li><strong>Colombia<\/strong>: Santiago Buitrago, Daniel Felipe Mart\u00ednez<\/li>\n<li><strong>Portugal<\/strong>: Rui Costa, Nelson Oliveira<\/li>\n<li><strong>Kazakstan<\/strong>: Alexey Lutsenko, Yevgeniy Fedorov<\/li>\n<li><strong>Kanada<\/strong>: Michael Woods, Derek Gee<\/li>\n<li><strong>Irland<\/strong>: Ben Healy, Ryan Mullen<\/li>\n<li><strong>Nya Zeeland<\/strong>: Laurence Pithie, Corbin Strong<\/li>\n<li><strong>Polen<\/strong>: Stanis\u0142aw Anio\u0142kowski<\/li>\n<li><strong>\u00d6sterrike<\/strong>: Marco Haller, Felix Gro\u00dfschartner<\/li>\n<li><strong>Slovakien<\/strong>: Luk\u00e1\u0161 Kubi\u0161<\/li>\n<li><strong>Sverige<\/strong>: Jakob S\u00f6derqvist.<\/li>\n<li><strong>Ungern<\/strong>: Attila Valter<\/li>\n<li><strong>Luxemburg<\/strong>: Alex Kirsch<\/li>\n<li><strong>Japan<\/strong>: Yukiya Arashiro<\/li>\n<li><strong>Ecuador<\/strong>: Jhonatan Narv\u00e1ez<\/li>\n<li><strong>Argentina<\/strong>: Eduardo Sep\u00falveda<\/li>\n<li><strong>Israel<\/strong>: Itamar Einhorn<\/li>\n<li><strong>Estland<\/strong>: Madis Mihkels<\/li>\n<li><strong>Sydafrika<\/strong>: Ryan Gibbons<\/li>\n<li><strong>Tjeckien<\/strong>: Mathias Vacek<\/li>\n<li><strong>Eritrea<\/strong>: Biniam Girmay<\/li>\n<li><strong>Ukraina<\/strong>: Anatoliy Budyak<\/li>\n<li><strong>Hongkong<\/strong>: Vincent Lau Wan Yau<\/li>\n<li><strong>Sydkorea<\/strong>: Euro Kim<\/li>\n<li><strong>Turkiet<\/strong>: Burak Abay<\/li>\n<li><strong>Panama<\/strong>: Franklin Archibold<\/li>\n<li><strong>Venezuela<\/strong>: Orluis Aular<\/li>\n<li><strong>Uzbekistan<\/strong>: Dmitriy Bocharov<\/li>\n<li><strong>Mongoliet<\/strong>: Jambaljamts Sainbayar<\/li>\n<li><strong>Marocko<\/strong>: Achraf Ed Doghmy<\/li>\n<li><strong>Algeriet<\/strong>: Yacine Hamza<\/li>\n<li><strong>Thailand<\/strong>: Thanakhan Chaiyasombat<\/li>\n<li><strong>Uganda<\/strong>: Charles Kagimu<\/li>\n<\/ul>\n<p>&nbsp;<\/p>\n<a href=\"https:\/\/scf.se\/forbundet\/wp-content\/uploads\/sites\/9\/2024\/08\/sista.jpg\"><img loading=\"lazy\" decoding=\"async\" class=\"alignnone size-full wp-image-8327\" src=\"https:\/\/scf.se\/forbundet\/wp-content\/uploads\/sites\/9\/2024\/08\/sista.jpg\" alt=\"\" width=\"1534\" height=\"1496\" srcset=\"https:\/\/scf.se\/forbundet\/wp-content\/uploads\/sites\/9\/2024\/08\/sista.jpg 1534w, https:\/\/scf.se\/forbundet\/wp-content\/uploads\/sites\/9\/2024\/08\/sista-300x293.jpg 300w, https:\/\/scf.se\/forbundet\/wp-content\/uploads\/sites\/9\/2024\/08\/sista-1024x999.jpg 1024w, https:\/\/scf.se\/forbundet\/wp-content\/uploads\/sites\/9\/2024\/08\/sista-768x749.jpg 768w\" sizes=\"auto, (max-width: 1534px) 100vw, 1534px\" \/><\/a>\n<p>Caroline, som har k\u00f6rde VM-linjeloppet 2022 i Australien, rankade \u00e4nd\u00e5 den h\u00e4r OS-starten som det st\u00f6rsta som hon har gjort\u00a0 karri\u00e4ren.\u00a0Det kommer h\u00f6gst sannolikt bli s\u00e5 att de \u00f6vriga stornationernas viktigaste uppgift \u00e4r att p\u00e5 n\u00e5got s\u00e4tt f\u00e5 bort Lotte Kopecky inf\u00f6r slutskedet vilket skulle kunna borga f\u00f6r offensiv k\u00f6rning. F\u00f6r att f\u00e5 upp intensiteten i passen sista vecka har f\u00f6rbundskaptenerna hyrt en motorcykel och k\u00f6rt pace p\u00e5 ett par pass med b\u00e5de Caroline och Jakob.<\/p>\n<a href=\"https:\/\/scf.se\/forbundet\/wp-content\/uploads\/sites\/9\/2024\/08\/LVGos2.jpg\"><img loading=\"lazy\" decoding=\"async\" class=\"alignnone size-full wp-image-8325\" src=\"https:\/\/scf.se\/forbundet\/wp-content\/uploads\/sites\/9\/2024\/08\/LVGos2.jpg\" alt=\"\" width=\"1280\" height=\"1246\" srcset=\"https:\/\/scf.se\/forbundet\/wp-content\/uploads\/sites\/9\/2024\/08\/LVGos2.jpg 1280w, https:\/\/scf.se\/forbundet\/wp-content\/uploads\/sites\/9\/2024\/08\/LVGos2-300x292.jpg 300w, https:\/\/scf.se\/forbundet\/wp-content\/uploads\/sites\/9\/2024\/08\/LVGos2-1024x997.jpg 1024w, https:\/\/scf.se\/forbundet\/wp-content\/uploads\/sites\/9\/2024\/08\/LVGos2-768x748.jpg 768w\" sizes=\"auto, (max-width: 1280px) 100vw, 1280px\" \/><\/a>\n<p>Nederl\u00e4nderna kommer med en kopi\u00f6s massa rutin och spets i det jobbet eller vad s\u00e4gs om Ellen van Dijk, Demi Vollering, Lorena Wiebes, och Marianne Vos. Ja, p\u00e5 damsidan \u00e4r det extremt f\u00e5 stora namn fr\u00e5n de stora tourerna som saknas. H\u00e4r \u00e4r det vassa startf\u00e4ltet i detta OS-linjelopp.<\/p>\n<h3>Alla startande i damernas OS-linjelopp s\u00f6ndag 14.00<\/h3>\n<ul>\n<li><strong>Belgien<\/strong>: Margot Vanpachtenbeke, Julie van de Velde, Justine Ghekiere, Lotte Kopecky<\/li>\n<li><strong>Nederl\u00e4nderna<\/strong>: Lorena Wiebes, Ellen van Dijk, Demi Vollering, Marianne Vos<\/li>\n<li><strong>Italien<\/strong>: Silvia Persico, Elisa Balsamo, Elena Cecchini, Elisa Longo Borghini<\/li>\n<li><strong>Storbritannien<\/strong>: Anna Morris, Anna Henderson, Pfeiffer Georgi, Elizabeth Deignan, Elinor Barker<\/li>\n<li><strong>Schweiz<\/strong>: Linda Zanetti, Noemi R\u00fcegg, Elise Chabbey<\/li>\n<li><strong>Frankrike<\/strong>: Juliette Labous, Audrey Cordon-Ragot, Victoire Berteau<\/li>\n<li><strong>Tyskland<\/strong>: Liane Lippert, Antonia Niedermaier, Franziska Koch<\/li>\n<li><strong>Danmark<\/strong>: Rebecca Koerner, Cecilie Uttrup Ludwig, Emma Norsgaard<\/li>\n<li><strong>Kanada<\/strong>: Olivia Baril, Alison Jackson<\/li>\n<li><strong>Polen<\/strong>: Marta Lach, Katarzyna Niewiadoma, Agnieszka Skalniak-S\u00f3jka<\/li>\n<li><strong>Australien<\/strong>: Grace Brown, Ruby Roseman-Gannon, Lauretta Hanson<\/li>\n<li><strong>USA<\/strong>: Kristen Faulkner, Chloe Dygert<\/li>\n<li><strong>\u00d6sterrike<\/strong>: Christina Schweinberger, Anna Kiesenhofer<\/li>\n<li><strong>Nya Zeeland<\/strong>: Kim Cadzow, Niamh Fisher-Black<\/li>\n<li><strong>Spanien<\/strong>: Mavi Garc\u00eda, Mireia Benito<\/li>\n<li><strong>Norge<\/strong>: Marte Berg Edseth, Ingvild G\u00e5skjenn<\/li>\n<li><strong>Slovenien<\/strong>: Eugenia Bujak, Ur\u0161ka Pintar<\/li>\n<li><strong>Individuella neutrala atleter<\/strong>: Alena Ivanchanko, Hanna Tserakh, Tamara Dronova-Balabolina<\/li>\n<li><strong>Sydafrika<\/strong>: Ashleigh Moolman, Tiffany Keep<\/li>\n<li><strong>Uzbekistan<\/strong>: Yanina Kuskova, Olga Zabelinskaya<\/li>\n<li><strong>Kina<\/strong>: Xin Tang<\/li>\n<li><strong>Sverige<\/strong>: Caroline Andersson<\/li>\n<li><strong>Finland<\/strong>: Anniina Ahtosalo<\/li>\n<li><strong>Ukraina<\/strong>: Yuliia Biriukova<\/li>\n<li><strong>Thailand<\/strong>: Phetdarin Somrat<\/li>\n<li><strong>Luxemburg<\/strong>: Christine Majerus<\/li>\n<li><strong>Colombia<\/strong>: Paula Pati\u00f1o<\/li>\n<li><strong>Tjeckien<\/strong>: Julia Kopeck\u00fd<\/li>\n<li><strong>Hongkong<\/strong>: Sze Wing Lee<\/li>\n<li><strong>Kuba<\/strong>: Arlenis Sierra<\/li>\n<li><strong>Sydkorea<\/strong>: Minji Song<\/li>\n<li><strong>Rwanda<\/strong>: Diane Ingabire, Djazilla Umwamikazi<\/li>\n<li><strong>Irland<\/strong>: Megan Armitage<\/li>\n<li><strong>Serbien<\/strong>: Jelena Eri\u0107<\/li>\n<li><strong>Slovakien<\/strong>: Nora Jen\u010du\u0161ov\u00e1<\/li>\n<li><strong>Mauritius<\/strong>: Aurelie Halbwachs, Kimberley (Le Court) Pienaar<\/li>\n<li><strong>Brasilien<\/strong>: Ana Vit\u00f3ria Magalh\u00e3es<\/li>\n<li><strong>Chile<\/strong>: Catalina Anais Soto<\/li>\n<li><strong>Algeriet<\/strong>: Nesrine Houili<\/li>\n<li><strong>Namibia<\/strong>: Vera Looser<\/li>\n<li><strong>Cypern<\/strong>: Antri Christoforou<\/li>\n<li><strong>Japan<\/strong>: Eri Yonamine<\/li>\n<li><strong>Portugal<\/strong>: Daniela Campos<\/li>\n<li><strong>Ungern<\/strong>: Blanka Vas<\/li>\n<li><strong>Lettland<\/strong>: Anastasia Carbonari<\/li>\n<li><strong>Nigeria<\/strong>: Ese Lovina Ukpeseraye<\/li>\n<li><strong>Burkina Faso<\/strong>: Awa Bamogo<\/li>\n<li><strong>Malaysia<\/strong>: Nur Aisyah Mohamad Zubir<\/li>\n<li><strong>Vietnam<\/strong>: Th\u1ecb Th\u1eadt Nguy\u1ec5n<\/li>\n<li><strong>Mexiko<\/strong>: Marcela Elizabeth Prieto<\/li>\n<li><strong>Costa Rica<\/strong>: Milagro Mena<\/li>\n<li><strong>F\u00f6renade Arabemiraten<\/strong>: Safia Al Sayegh<\/li>\n<li><strong>Litauen<\/strong>: Rasa Leleivyt\u0117<\/li>\n<li><strong>Israel<\/strong>: Rotem Gafinovitz<\/li>\n<li><strong>Afghanistan<\/strong>: Yulduz Hashimi, Fariba Hashimi<\/li>\n<li><strong>Olympiska flyktinglaget<\/strong>: Eyeru Tesfoam Gebru.<\/li>\n<\/ul>\n<a href=\"https:\/\/scf.se\/forbundet\/wp-content\/uploads\/sites\/9\/2024\/08\/LVGos1-scaled.jpg\"><img loading=\"lazy\" decoding=\"async\" class=\"alignnone size-full wp-image-8326\" src=\"https:\/\/scf.se\/forbundet\/wp-content\/uploads\/sites\/9\/2024\/08\/LVGos1-scaled.jpg\" alt=\"\" width=\"2560\" height=\"2437\" srcset=\"https:\/\/scf.se\/forbundet\/wp-content\/uploads\/sites\/9\/2024\/08\/LVGos1-scaled.jpg 2560w, https:\/\/scf.se\/forbundet\/wp-content\/uploads\/sites\/9\/2024\/08\/LVGos1-300x286.jpg 300w, https:\/\/scf.se\/forbundet\/wp-content\/uploads\/sites\/9\/2024\/08\/LVGos1-1024x975.jpg 1024w, https:\/\/scf.se\/forbundet\/wp-content\/uploads\/sites\/9\/2024\/08\/LVGos1-768x731.jpg 768w, https:\/\/scf.se\/forbundet\/wp-content\/uploads\/sites\/9\/2024\/08\/LVGos1-1536x1462.jpg 1536w, https:\/\/scf.se\/forbundet\/wp-content\/uploads\/sites\/9\/2024\/08\/LVGos1-2048x1950.jpg 2048w\" sizes=\"auto, (max-width: 2560px) 100vw, 2560px\" \/><\/a>\n<h3>S\u00e5 h\u00e4r f\u00f6ljer ni linjeloppen p\u00e5 tv<\/h3>\n<ul>\n<li><strong>3 augusti 11.00<\/strong>: Landsv\u00e4g, linjelopp herrar med Jakob S\u00f6derqvist.<br \/>\nPlats f\u00f6r slutvarven: Pont d\u2019I\u00e9na, Invalides och Alexandre III-bron.<br \/>\n<em><strong>S\u00e5 ser du hela OS-linjeloppet p\u00e5 tv:<\/strong> Nya streamingtj\u00e4nsten Max s\u00e4nder hela loppet och startar s\u00e4ndningen 10.45. Eurosport 1 s\u00e4nder fr\u00e5n 12.35. Kanal 5:s huvuds\u00e4ndning har i skrivande stund inte loppet i tabl\u00e5n.<br \/>\n<\/em><\/li>\n<li><strong>4 augusti 14.00:<\/strong>\u00a0Landsv\u00e4g, linjelopp damer med Caroline Andersson.<br \/>\nPlats f\u00f6r slutvarven: Pont d\u2019I\u00e9na, Invalides och Alexandre III-bron.<br \/>\n<em><strong>S\u00e5 ser du hela OS-linjeloppet p\u00e5 tv:<\/strong> Nya streamingtj\u00e4nsten Max s\u00e4nder hela loppet och startar s\u00e4ndningen 13.45. Eurosport 1 s\u00e4nder slutskedet av loppet live fr\u00e5n 17.10. Kanal 5:s huvuds\u00e4ndning har i skrivande stund inte loppet i tabl\u00e5n.<\/em><\/li>\n<\/ul>\n<h3><a href=\"https:\/\/scf.se\/forbundet\/wp-content\/uploads\/sites\/9\/2024\/08\/Bider-uppstallda2.jpg\"><img loading=\"lazy\" decoding=\"async\" class=\"alignnone size-full wp-image-8336\" src=\"https:\/\/scf.se\/forbundet\/wp-content\/uploads\/sites\/9\/2024\/08\/Bider-uppstallda2.jpg\" alt=\"\" width=\"1414\" height=\"1434\" srcset=\"https:\/\/scf.se\/forbundet\/wp-content\/uploads\/sites\/9\/2024\/08\/Bider-uppstallda2.jpg 1414w, https:\/\/scf.se\/forbundet\/wp-content\/uploads\/sites\/9\/2024\/08\/Bider-uppstallda2-296x300.jpg 296w, https:\/\/scf.se\/forbundet\/wp-content\/uploads\/sites\/9\/2024\/08\/Bider-uppstallda2-1010x1024.jpg 1010w, https:\/\/scf.se\/forbundet\/wp-content\/uploads\/sites\/9\/2024\/08\/Bider-uppstallda2-768x779.jpg 768w\" sizes=\"auto, (max-width: 1414px) 100vw, 1414px\" \/><\/a><\/h3>\n<h3>Kolla ocks\u00e5 in<\/h3>\n<ul>\n<li><a href=\"https:\/\/scf.se\/forbundet\/caroline-om-os-gladjebeskedet-jag-har-varit-i-chocktillstand\/\"><strong><em>L\u00e4ngre intervju med en h\u00e4rlig glad Caroline Andersson efter OS-uttagningen.<\/em><\/strong><\/a><\/li>\n<li><a href=\"https:\/\/www.facebook.com\/watch\/?v=1068846628144052&amp;rdid=2wzyFrWFDa6auowT\"><em><strong>Streamad intervju med Caroline Andersson p\u00e5 SWE Cyclings FB-plattform.<\/strong><\/em><\/a><\/li>\n<li><a href=\"https:\/\/scf.se\/forbundet\/intervju-jakob-soderqvist-berattar-om-tankarna-efter-os-beskedet\/\"><strong><em>Jakob S\u00f6derqvist om den supersnabba resan och sina tankar om OS-starten.<\/em><\/strong><\/a><\/li>\n<li><a href=\"https:\/\/www.facebook.com\/watch\/?v=1011895276506294&amp;rdid=7iryVttI6WVL07Jd\"><em><strong>Streamad intervju med Jakob S\u00f6derqvist p\u00e5 SWE Cyclings FB-plattform.<\/strong><\/em><\/a><\/li>\n<\/ul>\n<p><em>Text: Tomas Larsson\/SCF<\/em><br \/>\n<em>Foto: SCF samt d\u00e4r s\u00e5 anges Maxim Thore\/ Bildbyr\u00e5n<\/em><br \/>\n<em>Grafik: Procyclingstats.com\u00a0<\/em><\/p>\n","protected":false},"excerpt":{"rendered":"<p>&#8221;L\u00e4get \u00e4r bra. Vi har varit p\u00e5 plats i Paris i en vecka nu och har tr\u00e4nat p\u00e5, b\u00e5de h\u00e5rt och lugnt. l\u00e5ngt och kort \u2013 och testat p\u00e5 regn och sol. Ja, livet flyter p\u00e5 bra.&#8221; Det s\u00e4ger f\u00f6rbundskaptenen Lucas Persson inf\u00f6r helgens b\u00e4gge OS-linjelopp. Jakob S\u00f6derqvist k\u00f6r hela 272,1 kilometer i morgon,<a href=\"https:\/\/scf.se\/forbundet\/bra-forberedelser-for-jakob-och-caroline-infor-os-linjeloppen\/\" class=\"news-card__more\"> &#8230;<\/a><\/p>\n","protected":false},"author":41,"featured_media":8315,"comment_status":"open","ping_status":"open","sticky":false,"template":"","format":"standard","meta":{"_acf_changed":false,"footnotes":""},"categories":[1],"tags":[],"class_list":["post-8309","post","type-post","status-publish","format-standard","hentry","category-forbundet"],"acf":[],"_links":{"self":[{"href":"https:\/\/scf.se\/forbundet\/wp-json\/wp\/v2\/posts\/8309","targetHints":{"allow":["GET"]}}],"collection":[{"href":"https:\/\/scf.se\/forbundet\/wp-json\/wp\/v2\/posts"}],"about":[{"href":"https:\/\/scf.se\/forbundet\/wp-json\/wp\/v2\/types\/post"}],"author":[{"embeddable":true,"href":"https:\/\/scf.se\/forbundet\/wp-json\/wp\/v2\/users\/41"}],"replies":[{"embeddable":true,"href":"https:\/\/scf.se\/forbundet\/wp-json\/wp\/v2\/comments?post=8309"}],"version-history":[{"count":14,"href":"https:\/\/scf.se\/forbundet\/wp-json\/wp\/v2\/posts\/8309\/revisions"}],"predecessor-version":[{"id":8374,"href":"https:\/\/scf.se\/forbundet\/wp-json\/wp\/v2\/posts\/8309\/revisions\/8374"}],"wp:featuredmedia":[{"embeddable":true,"href":"https:\/\/scf.se\/forbundet\/wp-json\/wp\/v2\/media\/8315"}],"wp:attachment":[{"href":"https:\/\/scf.se\/forbundet\/wp-json\/wp\/v2\/media?parent=8309"}],"wp:term":[{"taxonomy":"category","embeddable":true,"href":"https:\/\/scf.se\/forbundet\/wp-json\/wp\/v2\/categories?post=8309"},{"taxonomy":"post_tag","embeddable":true,"href":"https:\/\/scf.se\/forbundet\/wp-json\/wp\/v2\/tags?post=8309"}],"curies":[{"name":"wp","href":"https:\/\/api.w.org\/{rel}","templated":true}]}}