
{"id":8284,"date":"2024-07-30T20:19:58","date_gmt":"2024-07-30T18:19:58","guid":{"rendered":"https:\/\/scf.se\/forbundet\/?p=8284"},"modified":"2024-07-30T20:56:34","modified_gmt":"2024-07-30T18:56:34","slug":"rissveds-firades-av-aven-i-stockholm-och-tar-sikte-pa-los-angeles-2028","status":"publish","type":"post","link":"https:\/\/scf.se\/forbundet\/rissveds-firades-av-aven-i-stockholm-och-tar-sikte-pa-los-angeles-2028\/","title":{"rendered":"Jenny firades pampigt i Stockholm \u2013 och tar sikte p\u00e5 Los Angeles 2028"},"content":{"rendered":"<div dir=\"auto\">\n<p><strong>Med tanke p\u00e5 galet sp\u00e4ckade dygn kryddat med flygstrul n\u00e4r Sveriges Olympiska Kommitt\u00e9 fl\u00f6g in Jenny Rissveds till och fr\u00e5n firandet i Stockholm, var det en v\u00e4ldigt avslappnad och fortsatt bel\u00e5ten OS-bronscyklist som m\u00f6tte upp media och supportrar tillsammans med den unga judoprofilen Tara Babulfath. Jenny drog ner ett av tisdagseftermiddagens st\u00f6rsta jubel n\u00e4r hon utan tvekan tog sikte p\u00e5 OS i Los Angeles 2028.<\/strong><\/p>\n<\/div>\n<div style=\"width: 912px;\" class=\"wp-video\"><video class=\"wp-video-shortcode\" id=\"video-8284-1\" width=\"912\" height=\"720\" preload=\"metadata\" controls=\"controls\"><source type=\"video\/mp4\" src=\"https:\/\/scf.se\/forbundet\/wp-content\/uploads\/sites\/9\/2024\/07\/453461194_8492666527418671_7700013636007076946_n.mp4?_=1\" \/><a href=\"https:\/\/scf.se\/forbundet\/wp-content\/uploads\/sites\/9\/2024\/07\/453461194_8492666527418671_7700013636007076946_n.mp4\">https:\/\/scf.se\/forbundet\/wp-content\/uploads\/sites\/9\/2024\/07\/453461194_8492666527418671_7700013636007076946_n.mp4<\/a><\/video><\/div>\n<div dir=\"auto\">\n<p>Sveriges tv\u00e5 f\u00f6rsta OS-medalj\u00f6rer fr\u00e5n Paris-OS firades redan under tisdagen p\u00e5 Olympiafestivalen i Mall of Scandinavia.<\/p>\n<p>Bara att ta sig till Stockholm var ett \u00e4ventyr p\u00e5 ett \u00f6verbokat flyg. Men Jenny Rissveds, som var trea i ett redan klassiskt OS-lopp i mountainbikens XCO, och den unga judoprofilen Tara Babulfath gjorde pampig entr\u00e9 i tid. H\u00e4r kommer de nedf\u00f6r trappen invid fotbollens nationalarena och tar plats p\u00e5 scenen.<\/p>\n<a href=\"https:\/\/scf.se\/forbundet\/wp-content\/uploads\/sites\/9\/2024\/07\/RissvedsPK6DRAGSOME.jpg\"><img loading=\"lazy\" decoding=\"async\" class=\"alignnone size-full wp-image-8289\" src=\"https:\/\/scf.se\/forbundet\/wp-content\/uploads\/sites\/9\/2024\/07\/RissvedsPK6DRAGSOME.jpg\" alt=\"\" width=\"1256\" height=\"1280\" srcset=\"https:\/\/scf.se\/forbundet\/wp-content\/uploads\/sites\/9\/2024\/07\/RissvedsPK6DRAGSOME.jpg 1256w, https:\/\/scf.se\/forbundet\/wp-content\/uploads\/sites\/9\/2024\/07\/RissvedsPK6DRAGSOME-294x300.jpg 294w, https:\/\/scf.se\/forbundet\/wp-content\/uploads\/sites\/9\/2024\/07\/RissvedsPK6DRAGSOME-1005x1024.jpg 1005w, https:\/\/scf.se\/forbundet\/wp-content\/uploads\/sites\/9\/2024\/07\/RissvedsPK6DRAGSOME-768x783.jpg 768w\" sizes=\"auto, (max-width: 1256px) 100vw, 1256px\" \/><\/a>\n<a href=\"https:\/\/scf.se\/forbundet\/wp-content\/uploads\/sites\/9\/2024\/07\/PKrissveds4-1.jpeg\"><img loading=\"lazy\" decoding=\"async\" class=\"alignnone size-full wp-image-8279\" src=\"https:\/\/scf.se\/forbundet\/wp-content\/uploads\/sites\/9\/2024\/07\/PKrissveds4-1.jpeg\" alt=\"\" width=\"1280\" height=\"1200\" srcset=\"https:\/\/scf.se\/forbundet\/wp-content\/uploads\/sites\/9\/2024\/07\/PKrissveds4-1.jpeg 1280w, https:\/\/scf.se\/forbundet\/wp-content\/uploads\/sites\/9\/2024\/07\/PKrissveds4-1-300x281.jpeg 300w, https:\/\/scf.se\/forbundet\/wp-content\/uploads\/sites\/9\/2024\/07\/PKrissveds4-1-1024x960.jpeg 1024w, https:\/\/scf.se\/forbundet\/wp-content\/uploads\/sites\/9\/2024\/07\/PKrissveds4-1-768x720.jpeg 768w\" sizes=\"auto, (max-width: 1280px) 100vw, 1280px\" \/><\/a>\n<a href=\"https:\/\/scf.se\/forbundet\/wp-content\/uploads\/sites\/9\/2024\/07\/RissvedsPK7.jpg\"><img loading=\"lazy\" decoding=\"async\" class=\"alignnone size-full wp-image-8288\" src=\"https:\/\/scf.se\/forbundet\/wp-content\/uploads\/sites\/9\/2024\/07\/RissvedsPK7.jpg\" alt=\"\" width=\"1777\" height=\"1278\" srcset=\"https:\/\/scf.se\/forbundet\/wp-content\/uploads\/sites\/9\/2024\/07\/RissvedsPK7.jpg 1777w, https:\/\/scf.se\/forbundet\/wp-content\/uploads\/sites\/9\/2024\/07\/RissvedsPK7-300x216.jpg 300w, https:\/\/scf.se\/forbundet\/wp-content\/uploads\/sites\/9\/2024\/07\/RissvedsPK7-1024x736.jpg 1024w, https:\/\/scf.se\/forbundet\/wp-content\/uploads\/sites\/9\/2024\/07\/RissvedsPK7-768x552.jpg 768w, https:\/\/scf.se\/forbundet\/wp-content\/uploads\/sites\/9\/2024\/07\/RissvedsPK7-1536x1105.jpg 1536w\" sizes=\"auto, (max-width: 1777px) 100vw, 1777px\" \/><\/a>\n<a href=\"https:\/\/scf.se\/forbundet\/wp-content\/uploads\/sites\/9\/2024\/07\/PKrissveds3-1.jpeg\"><img loading=\"lazy\" decoding=\"async\" class=\"alignnone size-full wp-image-8278\" src=\"https:\/\/scf.se\/forbundet\/wp-content\/uploads\/sites\/9\/2024\/07\/PKrissveds3-1.jpeg\" alt=\"\" width=\"1280\" height=\"1213\" srcset=\"https:\/\/scf.se\/forbundet\/wp-content\/uploads\/sites\/9\/2024\/07\/PKrissveds3-1.jpeg 1280w, https:\/\/scf.se\/forbundet\/wp-content\/uploads\/sites\/9\/2024\/07\/PKrissveds3-1-300x284.jpeg 300w, https:\/\/scf.se\/forbundet\/wp-content\/uploads\/sites\/9\/2024\/07\/PKrissveds3-1-1024x970.jpeg 1024w, https:\/\/scf.se\/forbundet\/wp-content\/uploads\/sites\/9\/2024\/07\/PKrissveds3-1-768x728.jpeg 768w\" sizes=\"auto, (max-width: 1280px) 100vw, 1280px\" \/><\/a>\n<p>Jenny Rissveds ber\u00e4ttade f\u00f6rst om k\u00e4nslorna efter OS-bronset och sedan, i ett <a href=\"https:\/\/www.facebook.com\/swecycling\/videos\/1025121538994613\"><em><strong>klipp som finns p\u00e5 SWE Cyclings Facebook-konto<\/strong><\/em><\/a>, bland annat om upplevelserna ute p\u00e5 banan.<\/p>\n<p>Roligast f\u00f6r framtiden:<\/p>\n<blockquote><p>&#8221;30 \u00e5r \u00e4r ingenting f\u00f6r en cyklist, man skulle kunna h\u00e5lla p\u00e5 tills man \u00e4r 40 n\u00e5gonting. Och det inneb\u00e4r ju tv\u00e5 OS till&#8221;, s\u00e4ger Jenny Rissveds v\u00e4l uppe p\u00e5 scenen och utlovade som n\u00e5gon sorts cirkeldisposition att ta sikte p\u00e5 Los Angeles mot slutet \u2013 n\u00e4rmaste stora m\u00e5let \u00e4r dock VM i Andorra om en m\u00e5nad.<\/p><\/blockquote>\n<a href=\"https:\/\/scf.se\/forbundet\/wp-content\/uploads\/sites\/9\/2024\/07\/RissvedsPK5.jpg\"><img loading=\"lazy\" decoding=\"async\" class=\"alignnone size-full wp-image-8290\" src=\"https:\/\/scf.se\/forbundet\/wp-content\/uploads\/sites\/9\/2024\/07\/RissvedsPK5.jpg\" alt=\"\" width=\"2015\" height=\"1436\" srcset=\"https:\/\/scf.se\/forbundet\/wp-content\/uploads\/sites\/9\/2024\/07\/RissvedsPK5.jpg 2015w, https:\/\/scf.se\/forbundet\/wp-content\/uploads\/sites\/9\/2024\/07\/RissvedsPK5-300x214.jpg 300w, https:\/\/scf.se\/forbundet\/wp-content\/uploads\/sites\/9\/2024\/07\/RissvedsPK5-1024x730.jpg 1024w, https:\/\/scf.se\/forbundet\/wp-content\/uploads\/sites\/9\/2024\/07\/RissvedsPK5-768x547.jpg 768w, https:\/\/scf.se\/forbundet\/wp-content\/uploads\/sites\/9\/2024\/07\/RissvedsPK5-1536x1095.jpg 1536w\" sizes=\"auto, (max-width: 2015px) 100vw, 2015px\" \/><\/a>\n<\/div>\n<a href=\"https:\/\/scf.se\/forbundet\/wp-content\/uploads\/sites\/9\/2024\/07\/PKrissveds1-1.jpeg\"><img loading=\"lazy\" decoding=\"async\" class=\"alignnone size-full wp-image-8276\" src=\"https:\/\/scf.se\/forbundet\/wp-content\/uploads\/sites\/9\/2024\/07\/PKrissveds1-1.jpeg\" alt=\"\" width=\"1280\" height=\"1108\" srcset=\"https:\/\/scf.se\/forbundet\/wp-content\/uploads\/sites\/9\/2024\/07\/PKrissveds1-1.jpeg 1280w, https:\/\/scf.se\/forbundet\/wp-content\/uploads\/sites\/9\/2024\/07\/PKrissveds1-1-300x260.jpeg 300w, https:\/\/scf.se\/forbundet\/wp-content\/uploads\/sites\/9\/2024\/07\/PKrissveds1-1-1024x886.jpeg 1024w, https:\/\/scf.se\/forbundet\/wp-content\/uploads\/sites\/9\/2024\/07\/PKrissveds1-1-768x665.jpeg 768w\" sizes=\"auto, (max-width: 1280px) 100vw, 1280px\" \/><\/a>\n<p>R\u00e5den till unga idrottare:<\/p>\n<blockquote><p>&#8221;Det \u00e4r att inte ta idrotten p\u00e5 s\u00e5 stort allvar, inte identifiera sig med sina prestationer. Livet \u00e4r s\u00e5 mycket mera \u00e4n det vi \u00e5stadkommer. F\u00f6lja sina dr\u00f6mmar och ha kul. R\u00e5det till unga cyklister \u00e4r att dra sig till minnes varf\u00f6r man b\u00f6rjade med idrotten f\u00f6r i de allra flesta fall \u00e4r det i grunden f\u00f6r att det \u00e4r kul&#8221;, s\u00e4ger Jenny Rissveds.<\/p><\/blockquote>\n<a href=\"https:\/\/scf.se\/forbundet\/wp-content\/uploads\/sites\/9\/2024\/07\/PKrissveds2-1.jpeg\"><img loading=\"lazy\" decoding=\"async\" class=\"alignnone size-full wp-image-8277\" src=\"https:\/\/scf.se\/forbundet\/wp-content\/uploads\/sites\/9\/2024\/07\/PKrissveds2-1.jpeg\" alt=\"\" width=\"1280\" height=\"1186\" srcset=\"https:\/\/scf.se\/forbundet\/wp-content\/uploads\/sites\/9\/2024\/07\/PKrissveds2-1.jpeg 1280w, https:\/\/scf.se\/forbundet\/wp-content\/uploads\/sites\/9\/2024\/07\/PKrissveds2-1-300x278.jpeg 300w, https:\/\/scf.se\/forbundet\/wp-content\/uploads\/sites\/9\/2024\/07\/PKrissveds2-1-1024x949.jpeg 1024w, https:\/\/scf.se\/forbundet\/wp-content\/uploads\/sites\/9\/2024\/07\/PKrissveds2-1-768x712.jpeg 768w\" sizes=\"auto, (max-width: 1280px) 100vw, 1280px\" \/><\/a>\n<p>Och s\u00e5 h\u00e4r sammanfattade Jenny tankarna fr\u00e5n det sista varvet n\u00e4r en handfull cyklister hade chans p\u00e5 silver och brons och det utmynnades till en kamp mellan amerikanskan Haley Batten och Rissveds:<\/p>\n<blockquote><p>&#8221;Jag f\u00f6rs\u00f6kte vara n\u00e4rvarande i nuet, vara f\u00f6ljsam i terr\u00e4ngen och kolla in n\u00e4r jag tyckte att hon s\u00e5g tr\u00f6tt ut. Jag tyckte att hon s\u00e5g tr\u00f6tt ut, men hon hade uppenbarligen mera att ge. Annars var jag\u00a0v\u00e4ldigt lugn; har egentligen varit v\u00e4ldigt lugn under hela OS-perioden i Paris.&#8221;<\/p><\/blockquote>\n<p>Sedan vidtog allt fr\u00e5n officiella grattande, intervjuer av hela riksmedia och till sist grattande fr\u00e5n riktigt unga supportrar:<\/p>\n<a href=\"https:\/\/scf.se\/forbundet\/wp-content\/uploads\/sites\/9\/2024\/07\/RissvedsPK1.jpg\"><img loading=\"lazy\" decoding=\"async\" class=\"alignnone size-full wp-image-8294\" src=\"https:\/\/scf.se\/forbundet\/wp-content\/uploads\/sites\/9\/2024\/07\/RissvedsPK1.jpg\" alt=\"\" width=\"1280\" height=\"1206\" srcset=\"https:\/\/scf.se\/forbundet\/wp-content\/uploads\/sites\/9\/2024\/07\/RissvedsPK1.jpg 1280w, https:\/\/scf.se\/forbundet\/wp-content\/uploads\/sites\/9\/2024\/07\/RissvedsPK1-300x283.jpg 300w, https:\/\/scf.se\/forbundet\/wp-content\/uploads\/sites\/9\/2024\/07\/RissvedsPK1-1024x965.jpg 1024w, https:\/\/scf.se\/forbundet\/wp-content\/uploads\/sites\/9\/2024\/07\/RissvedsPK1-768x724.jpg 768w\" sizes=\"auto, (max-width: 1280px) 100vw, 1280px\" \/><\/a> <a href=\"https:\/\/scf.se\/forbundet\/wp-content\/uploads\/sites\/9\/2024\/07\/RissvedsPK4.jpg\"><img loading=\"lazy\" decoding=\"async\" class=\"alignnone size-full wp-image-8291\" src=\"https:\/\/scf.se\/forbundet\/wp-content\/uploads\/sites\/9\/2024\/07\/RissvedsPK4.jpg\" alt=\"\" width=\"1633\" height=\"1445\" srcset=\"https:\/\/scf.se\/forbundet\/wp-content\/uploads\/sites\/9\/2024\/07\/RissvedsPK4.jpg 1633w, https:\/\/scf.se\/forbundet\/wp-content\/uploads\/sites\/9\/2024\/07\/RissvedsPK4-300x265.jpg 300w, https:\/\/scf.se\/forbundet\/wp-content\/uploads\/sites\/9\/2024\/07\/RissvedsPK4-1024x906.jpg 1024w, https:\/\/scf.se\/forbundet\/wp-content\/uploads\/sites\/9\/2024\/07\/RissvedsPK4-768x680.jpg 768w, https:\/\/scf.se\/forbundet\/wp-content\/uploads\/sites\/9\/2024\/07\/RissvedsPK4-1536x1359.jpg 1536w\" sizes=\"auto, (max-width: 1633px) 100vw, 1633px\" \/><\/a>\n<div id=\"attachment_8293\" class=\"wp-caption alignnone\" ><a href=\"https:\/\/scf.se\/forbundet\/wp-content\/uploads\/sites\/9\/2024\/07\/RissvedsPK2.jpg\"><img loading=\"lazy\" decoding=\"async\" class=\"size-full wp-image-8293\" src=\"https:\/\/scf.se\/forbundet\/wp-content\/uploads\/sites\/9\/2024\/07\/RissvedsPK2.jpg\" alt=\"\" width=\"1062\" height=\"1098\" srcset=\"https:\/\/scf.se\/forbundet\/wp-content\/uploads\/sites\/9\/2024\/07\/RissvedsPK2.jpg 1062w, https:\/\/scf.se\/forbundet\/wp-content\/uploads\/sites\/9\/2024\/07\/RissvedsPK2-290x300.jpg 290w, https:\/\/scf.se\/forbundet\/wp-content\/uploads\/sites\/9\/2024\/07\/RissvedsPK2-990x1024.jpg 990w, https:\/\/scf.se\/forbundet\/wp-content\/uploads\/sites\/9\/2024\/07\/RissvedsPK2-768x794.jpg 768w\" sizes=\"auto, (max-width: 1062px) 100vw, 1062px\" \/><\/a><p class=\"wp-caption-text\"><em>Sann k\u00e4rlek till en sportidol.\u00a0 Foto: Jenny Rissveds officiella Instagramkonto<\/em><\/p><\/div>\n<h2>Mera om och efter OS-bronsloppet<\/h2>\n<ul>\n<li><a href=\"https:\/\/www.facebook.com\/swecycling\/videos\/1025121538994613\"><em><strong>Se hela sekvensen om tankarna under och efter OS-bronsloppet i sekvens h\u00e4r p\u00e5 SWE Cyclings FB-konto.<\/strong><\/em><\/a><\/li>\n<li class=\"x11i5rnm xat24cr x1mh8g0r x1vvkbs xtlvy1s x126k92a\">\n<div dir=\"auto\"><a href=\"https:\/\/scf.se\/...\/jenny-rissveds-gjorde-fantastiskt-os...\/\"><em><strong>Referat av tv-dramat, kommentarer minuterna efter m\u00e5lg\u00e5ng\u00a0 och resultatlista, plus slutkommentar av GS Leif Karlsson p\u00e5 plats i Paris.<\/strong><\/em><\/a><\/div>\n<\/li>\n<li dir=\"auto\"><a href=\"https:\/\/tv.aftonbladet.se\/video\/372473\/rissveds-i-flaskdrama-saa-faar-man-inte-gora?utm_source=portal-share-button\"><strong><em>Jenny Rissveds reder ut OS-loppets mest dramatiska sekvenser.<\/em><\/strong><\/a><\/li>\n<li><em><strong><a href=\"https:\/\/www.facebook.com\/share\/r\/PEwQ2bx4PrP3ijDH\/?mibextid=UalRPS\">Kolla ocks\u00e5 Aftonbladets klipp efter prisutdelningen.<\/a><\/strong><\/em><\/li>\n<li><a href=\"https:\/\/www.aftonbladet.se\/sportbladet\/a\/KM8zv4\/jenny-rissveds-vinner-os-brons-i-paris-efter-stort-drama\"><em><strong>Kort sammandrag av Jenny Rissveds bronslopp finns exempelvis h\u00e4r.<\/strong><\/em><\/a><\/li>\n<li><a href=\"https:\/\/www.svt.se\/sport\/mountainbike\/mountainbike-experten-alexandra-engen-hyllar-jenny-rissveds-efter-os-bronset-enorm-seger\"><em><strong>Alexandra Engen hyllar Jenny Rissveds efter OS-bronset.<\/strong><\/em><\/a><\/li>\n<li><a href=\"https:\/\/www.svt.se\/sport\/mountainbike\/jenny-rissveds-om-firandet-gillar-inte-att-sta-i-centrum\"><em><strong>Jenny Rissveds p\u00e5 SOK:s mottagning i Paris.<\/strong><\/em><\/a><\/li>\n<\/ul>\n<h3>* * *<\/h3>\n<div id=\"attachment_8292\" class=\"wp-caption alignnone\" ><a href=\"https:\/\/scf.se\/forbundet\/wp-content\/uploads\/sites\/9\/2024\/07\/RissvedsPK3.jpg\"><img loading=\"lazy\" decoding=\"async\" class=\"size-full wp-image-8292\" src=\"https:\/\/scf.se\/forbundet\/wp-content\/uploads\/sites\/9\/2024\/07\/RissvedsPK3.jpg\" alt=\"\" width=\"1701\" height=\"1445\" srcset=\"https:\/\/scf.se\/forbundet\/wp-content\/uploads\/sites\/9\/2024\/07\/RissvedsPK3.jpg 1701w, https:\/\/scf.se\/forbundet\/wp-content\/uploads\/sites\/9\/2024\/07\/RissvedsPK3-300x255.jpg 300w, https:\/\/scf.se\/forbundet\/wp-content\/uploads\/sites\/9\/2024\/07\/RissvedsPK3-1024x870.jpg 1024w, https:\/\/scf.se\/forbundet\/wp-content\/uploads\/sites\/9\/2024\/07\/RissvedsPK3-768x652.jpg 768w, https:\/\/scf.se\/forbundet\/wp-content\/uploads\/sites\/9\/2024\/07\/RissvedsPK3-1536x1305.jpg 1536w\" sizes=\"auto, (max-width: 1701px) 100vw, 1701px\" \/><\/a><p class=\"wp-caption-text\"><em>SOK-ordf\u00f6randen Stefhan Klang grattade f\u00f6rst Jenny Rissveds och skickade sedan blommorna till Falun via f\u00f6r\u00e4ldrarna Anna-Karin och Tomas Rissveds d\u00e5 bronscyklisten fr\u00e5n Paris-OS skulle till returflyg. Pappa och mamma Rissveds har ocks\u00e5 haft n\u00e5gra galna dygn med m\u00e5nga som har velat gratta. Tomas var allra mest imponerad \u00f6ver hur grymt bra Jenny undvek att hamna trassel vid sv\u00e5ra situationer, som n\u00e4r Loana Lecomte vurpade just framf\u00f6r.<\/em><\/p><\/div>\n<h2>Stefhan Klang: J\u00e4ttestort v\u00e4rde f\u00f6r svensk cykel \u2013 inte minst n\u00e4r det g\u00e4ller fortsatt rekrytering av ungdomar<\/h2>\n<div class=\"x11i5rnm xat24cr x1mh8g0r x1vvkbs xtlvy1s x126k92a\">\n<div dir=\"auto\"><strong>Svenska Cykelf\u00f6rbundets ordf\u00f6rande Stefhan Klang, som var p\u00e5 plats f\u00f6r att gratulera Jenny, uttryckte bland annat sin syn p\u00e5 det stora v\u00e4rdet av en OS-medalj oavsett val\u00f6r f\u00f6r hela den svenska cykelsporten. Allra mest n\u00e4r det g\u00e4ller rekryteringen av ungdomar d\u00e4r redan mountainbiken har en fin trend.<\/strong><\/div>\n<blockquote>\n<p dir=\"auto\">&#8221;Ja, det \u00e4r f\u00f6rst\u00e5s j\u00e4ttebra gentemot sponsorer och annat att Jenny Rissveds och d\u00e4rmed svensk cykel uppm\u00e4rksammas s\u00e5 mycket av tv och \u00f6vrig media f\u00f6r en g\u00e5ngs skull. Jag menar, syns man inte s\u00e5 finns man inte. MEN framf\u00f6r allt \u00e4r det h\u00e4r bra f\u00f6r den fortsatta rekryteringen av ungdomar d\u00e4r redan mountainbiken har en mycket fin trend s\u00e5 det ser fortsatt ljust ut&#8221;, s\u00e4ger Stefhan Klang.<\/p>\n<p dir=\"auto\">&#8221;Svenska Cykelf\u00f6rbundet har nio grenar som alla \u00e4r bra p\u00e5 sitt s\u00e4tt. Men jag anser att MTB och BMX har st\u00f6rst potential i rekryteringen av ungdomar till cykelsporten, som sedan i vissa fall kan byta gren l\u00e4ngre fram \u2013 till landsv\u00e4g eller annat. Den stora orsaken \u00e4r att det finns en arena. Vi har ju sett att flera av v\u00e5ra b\u00e4sta landsv\u00e4gscyklister har b\u00f6rjat med MTB eller dubblerar, som ju Jenny gjorde f\u00f6rra \u00e5ret.&#8221;<\/p>\n<\/blockquote>\n<\/div>\n<p dir=\"auto\">Stefhan var v\u00e4ldigt imponerad \u00f6ver loppet som han f\u00f6ljde hemma fr\u00e5n tv-soffan.<\/p>\n<blockquote>\n<p dir=\"auto\">&#8221;Hon k\u00f6rde s\u00e5 bra och det var s\u00e5 sp\u00e4nnande! Hon var s\u00e5 kall n\u00e4r Loana Lecomte kraschade och s\u00e5 stark n\u00e4r hon till sist hamnade i medaljkampen med amerikanskan (Haley Batten). Det var fina scener efter\u00e5t och helt r\u00e4tt att inte l\u00e4mna in n\u00e5gon protest f\u00f6r att en konkurrent har k\u00f6rt i tekniska zonen utan att ta en flaska. Jag menar om man k\u00f6r i n\u00e4stan en och en halv timme s\u00e5 avg\u00f6r inte n\u00e5gra tiondelar som man m\u00f6jligen skulle tj\u00e4na p\u00e5 en s\u00e5dan sak&#8230;&#8221;<\/p>\n<\/blockquote>\n<p>Stefhan gl\u00e4ds ocks\u00e5 att det till sist blev svenskt OS-deltagande i b\u00e5de herr- och damklassen n\u00e4r det g\u00e4ller linjelopp landsv\u00e4g, som k\u00f6rs i helgen. Caroline Andersson och Jakob S\u00f6derqvist fick var sin plats genom SOK:s framtidskriterium.<\/p>\n<blockquote><p>&#8221;Det \u00e4r j\u00e4tteviktigt f\u00f6r b\u00e5de deras och grenens utveckling. Jag tycker inte att vi ska bl\u00e5sa upp f\u00f6rv\u00e4ntningarna p\u00e5 de unga cyklisterna. Caroline kan med ett riktigt bra lopp vara topp 20. Jakob hade redan nu kunnat g\u00e5 f\u00f6r en topp tio-placering om vi hade haft en plats i tempoloppet, men h\u00e4r \u00e4r det mera f\u00f6r att se och l\u00e4ra. Och det \u00e4r just s\u00e5dant som beh\u00f6vs!&#8221;<\/p><\/blockquote>\n<p><em>Text och \u00e4ven foto d\u00e4r ej annat anges: Tomas Larsson\/SCF<\/em><\/p>\n","protected":false},"excerpt":{"rendered":"<p>Med tanke p\u00e5 galet sp\u00e4ckade dygn kryddat med flygstrul n\u00e4r Sveriges Olympiska Kommitt\u00e9 fl\u00f6g in Jenny Rissveds till och fr\u00e5n firandet i Stockholm, var det en v\u00e4ldigt avslappnad och fortsatt bel\u00e5ten OS-bronscyklist som m\u00f6tte upp media och supportrar tillsammans med den unga judoprofilen Tara Babulfath. Jenny drog ner ett av tisdagseftermiddagens st\u00f6rsta jubel n\u00e4r<a href=\"https:\/\/scf.se\/forbundet\/rissveds-firades-av-aven-i-stockholm-och-tar-sikte-pa-los-angeles-2028\/\" class=\"news-card__more\"> &#8230;<\/a><\/p>\n","protected":false},"author":41,"featured_media":8287,"comment_status":"open","ping_status":"open","sticky":false,"template":"","format":"standard","meta":{"_acf_changed":false,"footnotes":""},"categories":[1],"tags":[],"class_list":["post-8284","post","type-post","status-publish","format-standard","hentry","category-forbundet"],"acf":[],"_links":{"self":[{"href":"https:\/\/scf.se\/forbundet\/wp-json\/wp\/v2\/posts\/8284","targetHints":{"allow":["GET"]}}],"collection":[{"href":"https:\/\/scf.se\/forbundet\/wp-json\/wp\/v2\/posts"}],"about":[{"href":"https:\/\/scf.se\/forbundet\/wp-json\/wp\/v2\/types\/post"}],"author":[{"embeddable":true,"href":"https:\/\/scf.se\/forbundet\/wp-json\/wp\/v2\/users\/41"}],"replies":[{"embeddable":true,"href":"https:\/\/scf.se\/forbundet\/wp-json\/wp\/v2\/comments?post=8284"}],"version-history":[{"count":13,"href":"https:\/\/scf.se\/forbundet\/wp-json\/wp\/v2\/posts\/8284\/revisions"}],"predecessor-version":[{"id":8307,"href":"https:\/\/scf.se\/forbundet\/wp-json\/wp\/v2\/posts\/8284\/revisions\/8307"}],"wp:featuredmedia":[{"embeddable":true,"href":"https:\/\/scf.se\/forbundet\/wp-json\/wp\/v2\/media\/8287"}],"wp:attachment":[{"href":"https:\/\/scf.se\/forbundet\/wp-json\/wp\/v2\/media?parent=8284"}],"wp:term":[{"taxonomy":"category","embeddable":true,"href":"https:\/\/scf.se\/forbundet\/wp-json\/wp\/v2\/categories?post=8284"},{"taxonomy":"post_tag","embeddable":true,"href":"https:\/\/scf.se\/forbundet\/wp-json\/wp\/v2\/tags?post=8284"}],"curies":[{"name":"wp","href":"https:\/\/api.w.org\/{rel}","templated":true}]}}