
{"id":8235,"date":"2024-07-28T07:55:41","date_gmt":"2024-07-28T05:55:41","guid":{"rendered":"https:\/\/scf.se\/forbundet\/?p=8235"},"modified":"2024-07-28T08:24:09","modified_gmt":"2024-07-28T06:24:09","slug":"amir-ansari-rattade-till-formen-sista-manaden-nojd-med-os-tempo","status":"publish","type":"post","link":"https:\/\/scf.se\/forbundet\/amir-ansari-rattade-till-formen-sista-manaden-nojd-med-os-tempo\/","title":{"rendered":"Amir Ansari r\u00e4ttade till formen sista m\u00e5naden \u2013 n\u00f6jd med OS-tempot"},"content":{"rendered":"<p><strong>Amir Ansaris OS-uppladdning under v\u00e5ren och f\u00f6rsommaren kunde ha varitg b\u00e4ttre med stora pollenproblem och mycket studier. Men Stockholm CK-cyklisten i IOC:s flyktinglag hade en desto b\u00e4ttre sista m\u00e5nad inf\u00f6r OS och var med r\u00e4tta j\u00e4tten\u00f6jd efter OS-tempoloppet p\u00e5 hala v\u00e4gar.<\/strong><\/p>\n<p>Med en stj\u00e4rnsp\u00e4ckad toppstrid var Amir Ansari framf\u00f6r allt bara fyra minuter efter medalj\u00f6rerna \u00f6ver 32,4 kilometer. Han hamnade med det OS-tempoloppet p\u00e5 plats 30 .<\/p>\n<blockquote><p>&#8221;Ja, det gick bra! Uppladdningen gick bra. Fram till SM var det jobbigt f\u00f6r att jag fick inte tr\u00e4na som jag ville, bara 10 timmar per vecka p\u00e5 grund av mina studier som tog mycket tid och energi. Men jag har kunnat tr\u00e4nat h\u00e5rt och fokuserat i en m\u00e5nad efter SM och jag verkligen har h\u00f6jt min niv\u00e5. Det har l\u00f6nat sig idag&#8221;, s\u00e4ger Amir Ansari med ett par timmars distans till loppet d\u00e4r bara deltagande i detta s\u00e4llskap var s\u00e5 stort.<\/p><\/blockquote>\n<p>De tv\u00e5 st\u00f6rsta favoriterna ocks\u00e5 gjorde upp om guldet. Italienaren Filippo Ganna kom med en monstreavslutning men belgaren Remco Evenepoel h\u00f6ll undan och var rej\u00e4lt r\u00f6rd efter\u00e5t.<\/p>\n<p>Amir hade fyra cyklister efter sig i resultatlistan och ytterligare tv\u00e5 sekunderna just framf\u00f6r. S\u00e5 h\u00e4r s\u00e5g OS-tempoloppet ut i siffror.<\/p>\n<h2>OS tempo herrar<\/h2>\n<ul>\n<li>\u00a01<strong> Remco Evenepoel<\/strong>, Belgien, 36.12,16<\/li>\n<li>\u00a02<strong> Filippo Ganna<\/strong>, Italien, +0.14,92<\/li>\n<li>\u00a03<strong> Wout van Aert<\/strong>, Belgien, +0.25,63<\/li>\n<li>\u00a04<strong> Josh Tarling<\/strong>, Storbritannien, +0.27,79<\/li>\n<li>\u00a05<strong> Brandon McNulty<\/strong>, USA, +1.04,44<\/li>\n<li>\u00a06<strong> Stefan Bissegger<\/strong>, Schweiz, +1.26,41<\/li>\n<li>\u00a07<strong> Nelson Oliveira<\/strong>, Portugal, +1.30,99<\/li>\n<li>\u00a08<strong> Stefan K\u00fcng<\/strong>, Schweiz, +1.35,51<\/li>\n<li>\u00a09<strong> Maximilian Schachmann<\/strong>, Tyskland, +1.38,55<\/li>\n<li>10<strong> Mikkel Norsgaard Bjerg<\/strong>, Danmark, +1.43,16<\/li>\n<li>30<strong> Amir Ansari<\/strong>, Olympiska flyktinglaget, +4.13,98<\/li>\n<\/ul>\n<p>Amir och m\u00e5nga andra tog det v\u00e4ldigt f\u00f6rsiktigt i det ganska tekniska tempoloppets tv\u00e4ra kurvor d\u00e4r vissa var s\u00e5phala i l\u00f6rdagens regn. Den f\u00f6rsta h\u00f6gerb\u00f6jen kom direkt efter startrampen och det var lite cyklister p\u00e5 hal is i ing\u00e5ngen av den. Amir ber\u00e4ttar:<\/p>\n<blockquote><p>&#8221;Efter att ha sett alla vurpor p\u00e5 damernas t\u00e4vling best\u00e4mde vi att ta det lugnt i kurvorna och verkligen ta ingen risk. Det var v\u00e4ldig halt. S\u00e5 det \u00e4r klart att jag tappade mycket tid s\u00e5 men det var viktigare att komma i m\u00e5l helt. Jag k\u00e4nner mig l\u00e4ttad att det gick bra och samtidigt k\u00e4nner att jag kan bli mycket b\u00e4ttre, s\u00e5 jag \u00e4r v\u00e4ldigt taggad inf\u00f6r framtiden!&#8221;<\/p><\/blockquote>\n<p><em>Text och arkivfoto: Tomas Larsson\/SCF<\/em><\/p>\n","protected":false},"excerpt":{"rendered":"<p>Amir Ansaris OS-uppladdning under v\u00e5ren och f\u00f6rsommaren kunde ha varitg b\u00e4ttre med stora pollenproblem och mycket studier. Men Stockholm CK-cyklisten i IOC:s flyktinglag hade en desto b\u00e4ttre sista m\u00e5nad inf\u00f6r OS och var med r\u00e4tta j\u00e4tten\u00f6jd efter OS-tempoloppet p\u00e5 hala v\u00e4gar. Med en stj\u00e4rnsp\u00e4ckad toppstrid var Amir Ansari framf\u00f6r allt bara fyra minuter efter<a href=\"https:\/\/scf.se\/forbundet\/amir-ansari-rattade-till-formen-sista-manaden-nojd-med-os-tempo\/\" class=\"news-card__more\"> &#8230;<\/a><\/p>\n","protected":false},"author":41,"featured_media":8009,"comment_status":"open","ping_status":"open","sticky":false,"template":"","format":"standard","meta":{"_acf_changed":false,"footnotes":""},"categories":[1],"tags":[],"class_list":["post-8235","post","type-post","status-publish","format-standard","hentry","category-forbundet"],"acf":[],"_links":{"self":[{"href":"https:\/\/scf.se\/forbundet\/wp-json\/wp\/v2\/posts\/8235","targetHints":{"allow":["GET"]}}],"collection":[{"href":"https:\/\/scf.se\/forbundet\/wp-json\/wp\/v2\/posts"}],"about":[{"href":"https:\/\/scf.se\/forbundet\/wp-json\/wp\/v2\/types\/post"}],"author":[{"embeddable":true,"href":"https:\/\/scf.se\/forbundet\/wp-json\/wp\/v2\/users\/41"}],"replies":[{"embeddable":true,"href":"https:\/\/scf.se\/forbundet\/wp-json\/wp\/v2\/comments?post=8235"}],"version-history":[{"count":8,"href":"https:\/\/scf.se\/forbundet\/wp-json\/wp\/v2\/posts\/8235\/revisions"}],"predecessor-version":[{"id":8245,"href":"https:\/\/scf.se\/forbundet\/wp-json\/wp\/v2\/posts\/8235\/revisions\/8245"}],"wp:featuredmedia":[{"embeddable":true,"href":"https:\/\/scf.se\/forbundet\/wp-json\/wp\/v2\/media\/8009"}],"wp:attachment":[{"href":"https:\/\/scf.se\/forbundet\/wp-json\/wp\/v2\/media?parent=8235"}],"wp:term":[{"taxonomy":"category","embeddable":true,"href":"https:\/\/scf.se\/forbundet\/wp-json\/wp\/v2\/categories?post=8235"},{"taxonomy":"post_tag","embeddable":true,"href":"https:\/\/scf.se\/forbundet\/wp-json\/wp\/v2\/tags?post=8235"}],"curies":[{"name":"wp","href":"https:\/\/api.w.org\/{rel}","templated":true}]}}