
{"id":8052,"date":"2024-06-14T13:31:59","date_gmt":"2024-06-14T11:31:59","guid":{"rendered":"https:\/\/scf.se\/forbundet\/?p=8052"},"modified":"2024-06-15T07:03:05","modified_gmt":"2024-06-15T05:03:05","slug":"intervju-jakob-soderqvist-berattar-om-tankarna-efter-os-beskedet","status":"publish","type":"post","link":"https:\/\/scf.se\/forbundet\/intervju-jakob-soderqvist-berattar-om-tankarna-efter-os-beskedet\/","title":{"rendered":"Jakob om den supersnabba resan och sina tankar efter OS-beskedet"},"content":{"rendered":"<p><strong>Det blev inget stort firande efter beskedet om att Jakob S\u00f6derqvist ska delta i OS \u2013 f\u00f6rutom att det var ett ovanligt fint resorthotell efter den femte etappen av Giro d&#8217;Italia Next Gen. Jakob ser OS som ett fantastiskt tillf\u00e4lle att f\u00e5 nya erfarenheter. Men r\u00e5talangen som fyllde 21 \u00e5r h\u00e4rom veckan <\/strong><strong>vill ocks\u00e5 t\u00e4vla p\u00e5 allvar redan nu mot m\u00e5nga av cykelsportens st\u00f6rsta stj\u00e4rnor.<\/strong><\/p>\n<blockquote><p>&#8221;Jag har knappt hunnit fundera p\u00e5 OS-\u00e4ventyret. Men det ska bli otroligt kul och jag ser verkligen fram emot det. Jag ser det framf\u00f6r allt som en chans att f\u00e5 ov\u00e4rderliga erfarenheter inf\u00f6r framtida OS. Men ambitionen \u00e4r ocks\u00e5 att prestera bra. Det sj\u00e4lvf\u00f6rtroendet har jag,&#8221; s\u00e4ger Jakob S\u00f6derqvist.<\/p><\/blockquote>\n<p>Han medger att det \u00e4r lite surt att Sverige inte har n\u00e5gon kvotplats i tempo d\u00e4r han p\u00e5 papperet skulle haft st\u00f6rre chanser till en riktigt bra placering.<\/p>\n<blockquote><p>&#8221;Ja, och helst skulle jag f\u00f6rst\u00e5s ha velat k\u00f6ra b\u00e5de och \u2013 men man vet samtidigt aldrig med ett linjelopp. Det kan ju leda till en b\u00e4ttre placering \u00e4n i tempo. Jag har f\u00f6rs\u00f6kt att inte fundera f\u00f6r mycket p\u00e5 det. Det har varit mycket snack om OS nu p\u00e5 slutet, men ingen id\u00e9 att ta n\u00e5got f\u00f6r givet. Det var f\u00f6rst n\u00e4r jag snackade med Lucas (Persson, f\u00f6rbundskaptenen) som jag l\u00e4t det sjunka in lite mer.&#8221;<\/p><\/blockquote>\n<p><strong>S\u00e5 vad k\u00e4nner du nu n\u00e4r beskedet just har sjunkit in?<\/strong><\/p>\n<blockquote><p>&#8221;\u00d6verlag, klart som fan att det \u00e4r OS och jag \u00e4r d\u00e4r f\u00f6r att se hur det g\u00e5r till; hur det skiljer sig fr\u00e5n andra cykelt\u00e4vlingar. Jag ska verkligen ta det som det kommer och k\u00e4nner mindre press \u00e4n om jag \u00e5kte dit f\u00f6r att leverera ett resultat. Kan jag h\u00e5lla mitt OS-deltagande p\u00e5 den niv\u00e5n, som n\u00e5got roligt och sp\u00e4nnande, kan det nog g\u00e5 bra ocks\u00e5. Jag \u00e4r glad och stolt \u00f6ver att ha f\u00e5tt f\u00f6rtroendet fr\u00e5n SOK. Det \u00e4r otroligt sk\u00f6nt att fler f\u00e5r upp \u00f6gonen f\u00f6r mig och kanske kan hj\u00e4lpa till p\u00e5 den h\u00e4r resan. Jag tror p\u00e5 den, s\u00e5 vi f\u00e5r se om den kan leda till Los Angeles om fyra \u00e5r&#8221;, s\u00e4ger Jakob.<\/p><\/blockquote>\n<a href=\"https:\/\/scf.se\/forbundet\/wp-content\/uploads\/sites\/9\/2024\/06\/JakobSOK2.jpg\"><img loading=\"lazy\" decoding=\"async\" class=\"alignnone size-full wp-image-8054\" src=\"https:\/\/scf.se\/forbundet\/wp-content\/uploads\/sites\/9\/2024\/06\/JakobSOK2.jpg\" alt=\"\" width=\"1440\" height=\"1528\" srcset=\"https:\/\/scf.se\/forbundet\/wp-content\/uploads\/sites\/9\/2024\/06\/JakobSOK2.jpg 1440w, https:\/\/scf.se\/forbundet\/wp-content\/uploads\/sites\/9\/2024\/06\/JakobSOK2-283x300.jpg 283w, https:\/\/scf.se\/forbundet\/wp-content\/uploads\/sites\/9\/2024\/06\/JakobSOK2-965x1024.jpg 965w, https:\/\/scf.se\/forbundet\/wp-content\/uploads\/sites\/9\/2024\/06\/JakobSOK2-768x815.jpg 768w\" sizes=\"auto, (max-width: 1440px) 100vw, 1440px\" \/><\/a>\n<p>Han har vunnit s\u00e5v\u00e4l etapper som totalen i s\u00e5v\u00e4l landslaget som Lidl-Trek Future Racing. I Lidl-Treks organisation finns exempelvis en av v\u00e4rldens vassaste endagarscyklister, den offensive dansken Mads Pedersen. Jakob har t\u00e4vlat mot flera i den kalibern \u2013 i sm\u00e5 doser. Nu blir det extra allt med ofta offensiv k\u00f6rning p\u00e5 OS.<\/p>\n<blockquote><p>&#8221;Jag har t\u00e4vlat med n\u00e5gra av de b\u00e4sta men OS-linjeloppet kommer f\u00f6rst\u00e5s bli den klart mest konkurrenskraftiga startlinjen jag st\u00e5tt vid. Men jag beh\u00f6ver ju inte g\u00f6ra jobb f\u00f6r n\u00e5gon annan. Och jag kommer att vara beredd att ta chanserna n\u00e4r de dyker upp. Jag har inte koll p\u00e5 banan alls, men Lucas har ju varit d\u00e4r och sa att de tekniska avsnitten passar mig.&#8221;<\/p><\/blockquote>\n<p>Jakob S\u00f6derqvist \u00e4r just nu mitt uppe i Giro Next Gen. Han inledde med att vinna det korta tempoloppet p\u00e5 den f\u00f6rsta etappen och fick k\u00f6ra i den klassiska rosa ledartr\u00f6jan dagen efter.<\/p>\n<p>V\u00e4l framme vid femte etappen hade han rollen som viktigaste spurtuppdragaren \u00e5t tysken Tim Torn Teutenberg, som blev tv\u00e5a f\u00f6r andra dagen i rad.<\/p>\n<blockquote><p>&#8221;Det var en ren spurtetapp. Jag gjorde leadouten f\u00f6r Tim. En stabil laginsats. Stolpe ut d\u00e5 och lite surt d\u00e5 han var s\u00e5 n\u00e4ra att ta etappen. Vi tappade n\u00e5gra cyklister i uppdraget s\u00e5 jag fick ta en l\u00e4ngre f\u00f6rning \u00e4n t\u00e4nkt, men det k\u00e4ndes ocks\u00e5 som att jag inte riktigt hade det d\u00e4r sista \u2013 v\u00e4ldigt lite som avg\u00f6r,&#8221; s\u00e4ger Jakob S\u00f6derqvist som verkligen har kommit in i t\u00e4nket som cykelproffs p\u00e5 landsv\u00e4g efter att ha inlett f\u00f6rra s\u00e4songen i MTB-landslaget.<\/p><\/blockquote>\n<p>Resan har varit snabb och inte minst i tempo \u00e4r han sv\u00e5rslagen. Han vann tempoprologen r\u00e4tt klart.<\/p>\n<div id=\"attachment_8049\" class=\"wp-caption alignnone\" ><a href=\"https:\/\/scf.se\/forbundet\/wp-content\/uploads\/sites\/9\/2024\/06\/NExtGen.jpg\"><img loading=\"lazy\" decoding=\"async\" class=\"size-full wp-image-8049\" src=\"https:\/\/scf.se\/forbundet\/wp-content\/uploads\/sites\/9\/2024\/06\/NExtGen.jpg\" alt=\"\" width=\"1170\" height=\"1029\" srcset=\"https:\/\/scf.se\/forbundet\/wp-content\/uploads\/sites\/9\/2024\/06\/NExtGen.jpg 1170w, https:\/\/scf.se\/forbundet\/wp-content\/uploads\/sites\/9\/2024\/06\/NExtGen-300x264.jpg 300w, https:\/\/scf.se\/forbundet\/wp-content\/uploads\/sites\/9\/2024\/06\/NExtGen-1024x901.jpg 1024w, https:\/\/scf.se\/forbundet\/wp-content\/uploads\/sites\/9\/2024\/06\/NExtGen-768x675.jpg 768w\" sizes=\"auto, (max-width: 1170px) 100vw, 1170px\" \/><\/a><p class=\"wp-caption-text\"><em>Jakob S\u00f6derqvist fick \u00e4ran att k\u00f6ra andra etappen av Giro d&#8217;Italia Next Gen i den rosa ledartr\u00f6jan.\u00a0 Foto: gironextgen.it<\/em><\/p><\/div>\n<blockquote><p>&#8221;P\u00e5 tempot funkade allt som jag hoppades p\u00e5. Det k\u00e4ndes bra och jag gjorde vad som f\u00f6rv\u00e4ntades. Sedan har dagarna efter varit lite upp och ner. Visst, jag har gjort st\u00f6rre prestationer i \u00e5r men \u00e4r ocks\u00e5 inne i ett l\u00e5ngt t\u00e4vlingsblock,&#8221; konstaterar Jakob S\u00f6derqvist.<\/p><\/blockquote>\n<p><strong>Hinner du hem till tempo-SM i Link\u00f6ping p\u00e5 tisdag?<\/strong><\/p>\n<blockquote><p>&#8221;Ja, det finns en hel plan f\u00f6r det. Jag flyger hem en timme efter m\u00e5lg\u00e5ng, landar p\u00e5 Arlanda vid tolv p\u00e5 natten. Lite s\u00f6mn p\u00e5 n\u00e5got hotell i Stockholmstrakten och sedan bil ner till Link\u00f6ping dagen efter f\u00f6r att f\u00e5 den tr\u00e4ning jag beh\u00f6ver. Men jag tror faktiskt inte att det ska vara alltf\u00f6r d\u00e5lig uppladdning inf\u00f6r ett tempolopp&#8230;&#8221;<\/p><\/blockquote>\n<p>Vid f\u00f6rra \u00e5rets SM-tempo var Jakobs andraplats en skr\u00e4ll f\u00f6r m\u00e5nga. Han slutade sedan sjua p\u00e5 U23-VM med en l\u00e5nad tempocykel. Nu ses S\u00f6derqvist av de flesta som en r\u00e4tt stor favorit med helt andra meriter, material och inst\u00e4llningar.<\/p>\n<blockquote><p>&#8221;Ja, det har h\u00e4nt en del under det h\u00e4r \u00e5ret,&#8221; s\u00e4ger Jakob S\u00f6derqvist med ett skratt.<\/p><\/blockquote>\n<p><em>Text: Tomas Larsson\/SCF<\/em><br \/>\n<em>Foto: SCF och gironextgen.it<\/em><\/p>\n","protected":false},"excerpt":{"rendered":"<p>Det blev inget stort firande efter beskedet om att Jakob S\u00f6derqvist ska delta i OS \u2013 f\u00f6rutom att det var ett ovanligt fint resorthotell efter den femte etappen av Giro d&#8217;Italia Next Gen. Jakob ser OS som ett fantastiskt tillf\u00e4lle att f\u00e5 nya erfarenheter. Men r\u00e5talangen som fyllde 21 \u00e5r h\u00e4rom veckan vill ocks\u00e5<a href=\"https:\/\/scf.se\/forbundet\/intervju-jakob-soderqvist-berattar-om-tankarna-efter-os-beskedet\/\" class=\"news-card__more\"> &#8230;<\/a><\/p>\n","protected":false},"author":41,"featured_media":8053,"comment_status":"open","ping_status":"open","sticky":false,"template":"","format":"standard","meta":{"_acf_changed":false,"footnotes":""},"categories":[1],"tags":[],"class_list":["post-8052","post","type-post","status-publish","format-standard","hentry","category-forbundet"],"acf":[],"_links":{"self":[{"href":"https:\/\/scf.se\/forbundet\/wp-json\/wp\/v2\/posts\/8052","targetHints":{"allow":["GET"]}}],"collection":[{"href":"https:\/\/scf.se\/forbundet\/wp-json\/wp\/v2\/posts"}],"about":[{"href":"https:\/\/scf.se\/forbundet\/wp-json\/wp\/v2\/types\/post"}],"author":[{"embeddable":true,"href":"https:\/\/scf.se\/forbundet\/wp-json\/wp\/v2\/users\/41"}],"replies":[{"embeddable":true,"href":"https:\/\/scf.se\/forbundet\/wp-json\/wp\/v2\/comments?post=8052"}],"version-history":[{"count":15,"href":"https:\/\/scf.se\/forbundet\/wp-json\/wp\/v2\/posts\/8052\/revisions"}],"predecessor-version":[{"id":8089,"href":"https:\/\/scf.se\/forbundet\/wp-json\/wp\/v2\/posts\/8052\/revisions\/8089"}],"wp:featuredmedia":[{"embeddable":true,"href":"https:\/\/scf.se\/forbundet\/wp-json\/wp\/v2\/media\/8053"}],"wp:attachment":[{"href":"https:\/\/scf.se\/forbundet\/wp-json\/wp\/v2\/media?parent=8052"}],"wp:term":[{"taxonomy":"category","embeddable":true,"href":"https:\/\/scf.se\/forbundet\/wp-json\/wp\/v2\/categories?post=8052"},{"taxonomy":"post_tag","embeddable":true,"href":"https:\/\/scf.se\/forbundet\/wp-json\/wp\/v2\/tags?post=8052"}],"curies":[{"name":"wp","href":"https:\/\/api.w.org\/{rel}","templated":true}]}}