
{"id":7996,"date":"2024-06-12T12:17:04","date_gmt":"2024-06-12T10:17:04","guid":{"rendered":"https:\/\/scf.se\/forbundet\/?p=7996"},"modified":"2024-06-13T10:09:06","modified_gmt":"2024-06-13T08:09:06","slug":"forlora-inte-hoppet-ge-aldrig-upp-amir-ansaris-resa-rackte-till-os","status":"publish","type":"post","link":"https:\/\/scf.se\/forbundet\/forlora-inte-hoppet-ge-aldrig-upp-amir-ansaris-resa-rackte-till-os\/","title":{"rendered":"&#8221;F\u00f6rlora inte hoppet, ge aldrig upp&#8221; \u2013 Amir Ansaris resa r\u00e4ckte till OS"},"content":{"rendered":"<p><strong>N\u00e4r Amir Ansari kom till Sverige som ensamkommande flykting blev ett h\u00e4ngivet cyklande i Stockholm CK ett avg\u00f6rande verktyg f\u00f6r att \u00f6vervinna depressionerna. Nu \u00e4r han p\u00e5 v\u00e4g mot ett sagolikt \u00e4ventyr. Amir Ansari ska k\u00f6ra tempo i IOK:s flyktinglag, som kommer att presenteras som andra trupp vid den spektakul\u00e4ra OS-invigningsceremonin i Paris.<\/strong><\/p>\n<p>OS-invigningen i Paris den 26 juli\u00a0 kommer inte att likna n\u00e5gon tidigare. Den ska enligt plan A h\u00e5llas l\u00e4ngs floden Seine med en parad av atleter p\u00e5 pr\u00e5mar, f\u00f6ljt av konstn\u00e4rliga framtr\u00e4danden och en fantastisk belysning i takt med solnedg\u00e5ngen inf\u00f6r hela 300 000 \u00e5sk\u00e5dare.<\/p>\n<a href=\"https:\/\/scf.se\/forbundet\/wp-content\/uploads\/sites\/9\/2024\/06\/AmirREP7.jpg\"><img loading=\"lazy\" decoding=\"async\" class=\"alignnone size-full wp-image-8012\" src=\"https:\/\/scf.se\/forbundet\/wp-content\/uploads\/sites\/9\/2024\/06\/AmirREP7.jpg\" alt=\"\" width=\"1391\" height=\"1315\" srcset=\"https:\/\/scf.se\/forbundet\/wp-content\/uploads\/sites\/9\/2024\/06\/AmirREP7.jpg 1391w, https:\/\/scf.se\/forbundet\/wp-content\/uploads\/sites\/9\/2024\/06\/AmirREP7-300x284.jpg 300w, https:\/\/scf.se\/forbundet\/wp-content\/uploads\/sites\/9\/2024\/06\/AmirREP7-1024x968.jpg 1024w, https:\/\/scf.se\/forbundet\/wp-content\/uploads\/sites\/9\/2024\/06\/AmirREP7-768x726.jpg 768w\" sizes=\"auto, (max-width: 1391px) 100vw, 1391px\" \/><\/a>\n<blockquote><p>&#8221;Bara tanken att f\u00e5 vara med om en OS-invigning \u00e4r helt fantastisk. Stort att v\u00e5r trupp just kommer som andra laget efter Grekland&#8221;, s\u00e4ger Amir Ansari n\u00e4r vi har slagit oss ner invid nummerlappsutdelningen vid hans klubb Stockholm CK:s hemmat\u00e4vling i SWE Cup.<\/p><\/blockquote>\n<p><strong>Hur k\u00e4nns det just nu att du faktiskt ska cykla i OS?<\/strong><\/p>\n<blockquote><p>&#8221;Nu k\u00e4nns det bara att det ska bli riktigt kul. Det k\u00e4ndes faktiskt bra n\u00e4r beskedet att det \u00e4r helt klart att jag bara ska starta i tempoloppet. D\u00e5 vet jag precis vad som v\u00e4ntar. Det var egentligen bara innan Thomas Bach (ordf\u00f6rande i Internationella Olympiska Kommitt\u00e9n) presenterade oss i truppen i en lives\u00e4ndning som det var ganska jobbigt, att h\u00e5lla tyst om det&#8221;, s\u00e4ger Amir Ansari och skiner upp.<\/p><\/blockquote>\n<p>IOC Refugee Olympic Team st\u00e4ller upp med 74 aktiva i Paris-OS. Amir fr\u00e5n Stockholm CK \u00e4r en av tv\u00e5 cyklister, den enda manliga cyklisten. Han har delvis kvalat in genom att k\u00f6ra bra p\u00e5 b\u00e5de Grand Fondo-delen p\u00e5 VM i Glasgow d\u00e4r han var offensiv och med i utbrytning i linjeloppet och vass i tempo; 15:e av 43 startande n\u00e4r han var 1.38 efter en vass belgare i klassen 19\u201334 \u00e5r.<\/p>\n<p>Amir var b\u00e4st i UCI:s flyktinglag som slutade p\u00e5 plats 14 av 22 p\u00e5 TTT-t\u00e4vlingen i tempo som ingick i stora VM i Glasgow. I det t\u00e4ta programmet fick han \u00e4ven starta seniorelitens tempolopp och var i topp bland de f\u00e5 ickeproffsen i den VM-t\u00e4vlingen. Det blev viktigt f\u00f6r OS-uttagningen.<\/p>\n<p><strong>Hur t\u00e4nker du inf\u00f6r OS?<\/strong><\/p>\n<blockquote><p>&#8221;Mina f\u00f6rv\u00e4ntningar \u00e4r att bara k\u00f6ra s\u00e5 bra jag kan. Tre mil p\u00e5 en ganska platt men teknisk bana passar b\u00e4ttre \u00e4n VM-banorna som \u00e4r klart l\u00e4ngre. Mera min kapacitet. Sedan kanske jag \u00e4r tio minuter efter de allra b\u00e4sta men nu har jag anpassat min tr\u00e4ning helt till de h\u00e4r f\u00f6ruts\u00e4ttningarna. Mer korta och intensiva pass. Tr\u00e4ningen \u00e4r helt annorlunda. Mer byggd p\u00e5 kraft.&#8221;<\/p><\/blockquote>\n<a href=\"https:\/\/scf.se\/forbundet\/wp-content\/uploads\/sites\/9\/2024\/06\/ANSARIrep1b-1.jpeg\"><img loading=\"lazy\" decoding=\"async\" class=\"alignnone size-full wp-image-8004\" src=\"https:\/\/scf.se\/forbundet\/wp-content\/uploads\/sites\/9\/2024\/06\/ANSARIrep1b-1.jpeg\" alt=\"\" width=\"1280\" height=\"870\" srcset=\"https:\/\/scf.se\/forbundet\/wp-content\/uploads\/sites\/9\/2024\/06\/ANSARIrep1b-1.jpeg 1280w, https:\/\/scf.se\/forbundet\/wp-content\/uploads\/sites\/9\/2024\/06\/ANSARIrep1b-1-300x204.jpeg 300w, https:\/\/scf.se\/forbundet\/wp-content\/uploads\/sites\/9\/2024\/06\/ANSARIrep1b-1-1024x696.jpeg 1024w, https:\/\/scf.se\/forbundet\/wp-content\/uploads\/sites\/9\/2024\/06\/ANSARIrep1b-1-768x522.jpeg 768w\" sizes=\"auto, (max-width: 1280px) 100vw, 1280px\" \/><\/a>\n<p>Nu ska det s\u00e4gas att linjeformen r\u00e4ckte till att, som h\u00e4r, ta ansvar i f\u00f6rstaklungan och sluta p\u00e5 plats 14 i Nationaldagsloppet p\u00e5 hans nya hemmav\u00e4gar utanf\u00f6r Vallentuna. D\u00e5 var Amir Ansari \u00e4nd\u00e5 tr\u00f6tt n\u00e4r vi tr\u00e4ffades. De h\u00f6ga pollenhalterna har kraftigt f\u00f6rsv\u00e5rat hans v\u00e5rs\u00e4song.<\/p>\n<a href=\"https:\/\/scf.se\/forbundet\/wp-content\/uploads\/sites\/9\/2024\/06\/AmirREP1.jpg\"><img loading=\"lazy\" decoding=\"async\" class=\"alignnone size-full wp-image-8011\" src=\"https:\/\/scf.se\/forbundet\/wp-content\/uploads\/sites\/9\/2024\/06\/AmirREP1.jpg\" alt=\"\" width=\"1547\" height=\"1082\" srcset=\"https:\/\/scf.se\/forbundet\/wp-content\/uploads\/sites\/9\/2024\/06\/AmirREP1.jpg 1547w, https:\/\/scf.se\/forbundet\/wp-content\/uploads\/sites\/9\/2024\/06\/AmirREP1-300x210.jpg 300w, https:\/\/scf.se\/forbundet\/wp-content\/uploads\/sites\/9\/2024\/06\/AmirREP1-1024x716.jpg 1024w, https:\/\/scf.se\/forbundet\/wp-content\/uploads\/sites\/9\/2024\/06\/AmirREP1-768x537.jpg 768w, https:\/\/scf.se\/forbundet\/wp-content\/uploads\/sites\/9\/2024\/06\/AmirREP1-1536x1074.jpg 1536w\" sizes=\"auto, (max-width: 1547px) 100vw, 1547px\" \/><\/a>\n<blockquote><p>&#8221;Ja, det har varit riktigt jobbigt och den pollentablett som hj\u00e4lper f\u00e5r jag i samband med v\u00e5r l\u00e4kare bara ta max en om dagen. Det g\u00e4ller ju att vara extra noga med s\u00e5dant nu n\u00e4r man ska k\u00f6ra OS.&#8221;<\/p><\/blockquote>\n<p>Dessutom har Amir pluggat p\u00e5 heltid till h\u00f6gskoleingenj\u00f6r i byggnadsteknik p\u00e5 Uppsala universitet.<\/p>\n<blockquote><p>&#8221;Laga mat, g\u00e5 till skolan och tr\u00e4na. Det har varit sv\u00e5rt att hinna med allt. Fokus har varit p\u00e5 skolan, men att klara av cyklingen samtidigt. Efter beskedet att jag ska k\u00f6ra i Paris har jag lagt in n\u00e5gon tenta efter OS. L\u00e4get kunde ha varit b\u00e4ttre, men nu \u00e4r det ju ledigt fr\u00e5n skolan och jag har bara tempo att sikta in mig p\u00e5 vilket g\u00f6r tr\u00e4ningen enklare. Kan jag s\u00e4tta sista putsen med n\u00e5gra h\u00e5rda block innan OS ska det nog bli bra.&#8221;<\/p><\/blockquote>\n<p>Amir f\u00f6ddes i Iran, v\u00e4xte upp i Afghanistan och tvingades som ton\u00e5ring att fly till Sverige 2015.<\/p>\n<a href=\"https:\/\/scf.se\/forbundet\/wp-content\/uploads\/sites\/9\/2024\/06\/AmirREP6.jpg\"><img loading=\"lazy\" decoding=\"async\" class=\"alignnone size-full wp-image-8013\" src=\"https:\/\/scf.se\/forbundet\/wp-content\/uploads\/sites\/9\/2024\/06\/AmirREP6.jpg\" alt=\"\" width=\"1280\" height=\"1250\" srcset=\"https:\/\/scf.se\/forbundet\/wp-content\/uploads\/sites\/9\/2024\/06\/AmirREP6.jpg 1280w, https:\/\/scf.se\/forbundet\/wp-content\/uploads\/sites\/9\/2024\/06\/AmirREP6-300x293.jpg 300w, https:\/\/scf.se\/forbundet\/wp-content\/uploads\/sites\/9\/2024\/06\/AmirREP6-1024x1000.jpg 1024w, https:\/\/scf.se\/forbundet\/wp-content\/uploads\/sites\/9\/2024\/06\/AmirREP6-768x750.jpg 768w\" sizes=\"auto, (max-width: 1280px) 100vw, 1280px\" \/><\/a>\n<blockquote><p>&#8221;Cyklingen har varit ett viktigt verktyg f\u00f6r att r\u00e4dda mig fr\u00e5n min depression. Jag har blivit integrerad samh\u00e4llet, vilket ocks\u00e5 har varit j\u00e4tteviktigt. Jag levde som pappersl\u00f6s. Jag fick flera tuffa utvisningsbeslut fr\u00e5n det att jag kom till Sverige 24 november (d\u00e5 regeringen senare under dagen inf\u00f6rde mycket h\u00e5rdare flyktingregler f\u00f6r att kraftigt minska antalet asyls\u00f6kande, v\u00e5r anm\u00e4rkning) men registrerade mig 25 november. Jag protesterade men Migrationsverket sa att en regel \u00e4r en regel.&#8221;<\/p><\/blockquote>\n<p>Fr\u00e5n den dagen var os\u00e4kerhet och \u00f6verklaganden en del av Amirs liv. Men han k\u00e4nde sig \u00e4nd\u00e5 bekv\u00e4m i Sverige d\u00e4r han hade sin svenska familj och sin cykelklubb. Det var hans nya v\u00e4rld.<\/p>\n<blockquote><p>&#8221;Tr\u00e4na h\u00e5rt p\u00e5 cykel blev till n\u00e5got bra f\u00f6r mig, Det gjorde mig motiverad och d\u00e4mpade depressionen som jag hade. Under tiden d\u00e5 jag varken jobbade eller pluggade var det bara cykla, cykla och cykla som fyllde mina dagar&#8230;&#8221;<\/p><\/blockquote>\n<p>Amir v\u00e4xte upp b\u00e5de i Kabul och Bamiyan, som ligger 2500 meter \u00f6ver havet, och cyklade faktiskt mountainbike d\u00e4r. Cykling \u00e4r ingen vanlig sport i Afghanistan d\u00e4r kampsporter \u00e4r stora n\u00e4r det g\u00e4ller individuell idrott.<\/p>\n<div id=\"attachment_8007\" class=\"wp-caption alignnone\" ><a href=\"https:\/\/scf.se\/forbundet\/wp-content\/uploads\/sites\/9\/2024\/06\/AmirREP5.jpg\"><img loading=\"lazy\" decoding=\"async\" class=\"size-full wp-image-8007\" src=\"https:\/\/scf.se\/forbundet\/wp-content\/uploads\/sites\/9\/2024\/06\/AmirREP5.jpg\" alt=\"\" width=\"1664\" height=\"1512\" srcset=\"https:\/\/scf.se\/forbundet\/wp-content\/uploads\/sites\/9\/2024\/06\/AmirREP5.jpg 1664w, https:\/\/scf.se\/forbundet\/wp-content\/uploads\/sites\/9\/2024\/06\/AmirREP5-300x273.jpg 300w, https:\/\/scf.se\/forbundet\/wp-content\/uploads\/sites\/9\/2024\/06\/AmirREP5-1024x930.jpg 1024w, https:\/\/scf.se\/forbundet\/wp-content\/uploads\/sites\/9\/2024\/06\/AmirREP5-768x698.jpg 768w, https:\/\/scf.se\/forbundet\/wp-content\/uploads\/sites\/9\/2024\/06\/AmirREP5-1536x1396.jpg 1536w\" sizes=\"auto, (max-width: 1664px) 100vw, 1664px\" \/><\/a><p class=\"wp-caption-text\"><em>Amir Ansari tar sikte p\u00e5 OS i Paris med IOK:s flyktinglag, Men f\u00f6rst k\u00f6r han SM i Link\u00f6ping n\u00e4sta vecka f\u00f6r Stockholm CK, b\u00e5de tempot p\u00e5 tisdagen och s\u00f6ndagens linjelopp. Foto: Tomas Larsson\/SCF<\/em><\/p><\/div>\n<blockquote><p>&#8221;Jag tr\u00e4nade lite men det var mest transport till skolan eller att kunna dra till kompisarna. I Stockholm CK fick jag m\u00f6jligheten att tr\u00e4na seri\u00f6st och t\u00e4vla. Det var som att g\u00e5 fr\u00e5n noll till 100 med min cykling. Fr\u00e5n lek till seri\u00f6st&#8221;, s\u00e4ger Amir Ansari.<\/p><\/blockquote>\n<p><strong>Hur skulle du vilja summera din resa d\u00e4r n\u00e4sta anhalt \u00e4r att f\u00e5 cykla i ett OS?<\/strong><\/p>\n<blockquote><p>&#8221;F\u00f6rlora inte hoppet, ge aldrig upp.&#8221;<\/p><\/blockquote>\n<p><em>Text och foto: Tomas Larsson\/SCF<\/em><\/p>\n","protected":false},"excerpt":{"rendered":"<p>N\u00e4r Amir Ansari kom till Sverige som ensamkommande flykting blev ett h\u00e4ngivet cyklande i Stockholm CK ett avg\u00f6rande verktyg f\u00f6r att \u00f6vervinna depressionerna. Nu \u00e4r han p\u00e5 v\u00e4g mot ett sagolikt \u00e4ventyr. Amir Ansari ska k\u00f6ra tempo i IOK:s flyktinglag, som kommer att presenteras som andra trupp vid den spektakul\u00e4ra OS-invigningsceremonin i Paris. OS-invigningen<a href=\"https:\/\/scf.se\/forbundet\/forlora-inte-hoppet-ge-aldrig-upp-amir-ansaris-resa-rackte-till-os\/\" class=\"news-card__more\"> &#8230;<\/a><\/p>\n","protected":false},"author":41,"featured_media":8009,"comment_status":"open","ping_status":"open","sticky":false,"template":"","format":"standard","meta":{"_acf_changed":false,"footnotes":""},"categories":[1],"tags":[],"class_list":["post-7996","post","type-post","status-publish","format-standard","hentry","category-forbundet"],"acf":[],"_links":{"self":[{"href":"https:\/\/scf.se\/forbundet\/wp-json\/wp\/v2\/posts\/7996","targetHints":{"allow":["GET"]}}],"collection":[{"href":"https:\/\/scf.se\/forbundet\/wp-json\/wp\/v2\/posts"}],"about":[{"href":"https:\/\/scf.se\/forbundet\/wp-json\/wp\/v2\/types\/post"}],"author":[{"embeddable":true,"href":"https:\/\/scf.se\/forbundet\/wp-json\/wp\/v2\/users\/41"}],"replies":[{"embeddable":true,"href":"https:\/\/scf.se\/forbundet\/wp-json\/wp\/v2\/comments?post=7996"}],"version-history":[{"count":15,"href":"https:\/\/scf.se\/forbundet\/wp-json\/wp\/v2\/posts\/7996\/revisions"}],"predecessor-version":[{"id":8024,"href":"https:\/\/scf.se\/forbundet\/wp-json\/wp\/v2\/posts\/7996\/revisions\/8024"}],"wp:featuredmedia":[{"embeddable":true,"href":"https:\/\/scf.se\/forbundet\/wp-json\/wp\/v2\/media\/8009"}],"wp:attachment":[{"href":"https:\/\/scf.se\/forbundet\/wp-json\/wp\/v2\/media?parent=7996"}],"wp:term":[{"taxonomy":"category","embeddable":true,"href":"https:\/\/scf.se\/forbundet\/wp-json\/wp\/v2\/categories?post=7996"},{"taxonomy":"post_tag","embeddable":true,"href":"https:\/\/scf.se\/forbundet\/wp-json\/wp\/v2\/tags?post=7996"}],"curies":[{"name":"wp","href":"https:\/\/api.w.org\/{rel}","templated":true}]}}