
{"id":793,"date":"2016-01-26T15:21:26","date_gmt":"2016-01-26T14:21:26","guid":{"rendered":"http:\/\/scf.se\/forbundet\/?p=793"},"modified":"2016-02-03T12:37:23","modified_gmt":"2016-02-03T11:37:23","slug":"793-2","status":"publish","type":"post","link":"https:\/\/scf.se\/forbundet\/793-2\/","title":{"rendered":"L\u00e4gg in era t\u00e4vlingar i nya SWE Cycling Online!"},"content":{"rendered":"<p>Nu s\u00e4ger vi adj\u00f6 till gamla IndTA och h\u00e4lsar det nya t\u00e4vlingsadministrativa systemet <a href=\"https:\/\/scf.se\/forbundet\/tavlingsverksamhet\/swe-cycling-online\/\">SWE Cycling Online<\/a>\u00a0v\u00e4lkommen!<\/p>\n<p>Nu kan ni\u00a0arrang\u00f6rer l\u00e4gga in era\u00a0t\u00e4vlingar i det nya systemet. Vi \u00e4r medvetna det extra arbete detta kr\u00e4ver av alla arrang\u00f6rer men de nya funktioner och smidigheten i nya systemet \u00e4r v\u00e4l v\u00e4rt anstr\u00e4ngningen.<\/p>\n<p>Vi kommer att l\u00f6pande sanktionera arrangemang och t\u00e4vlingar f\u00f6r att s\u00e5 snabbt som m\u00f6jligt f\u00e5 ett komplett t\u00e4vlingsprogram.<\/p>\n<p><a href=\"https:\/\/scf.se\/forbundet\/tavlingsverksamhet\/swe-cycling-online\/\">T\u00e4vlingsarrang\u00f6rer &#8211; ta del av den h\u00e4r informationen!<\/a><\/p>\n","protected":false},"excerpt":{"rendered":"<p>Nu s\u00e4ger vi adj\u00f6 till gamla IndTA och h\u00e4lsar det nya t\u00e4vlingsadministrativa systemet SWE Cycling Online\u00a0v\u00e4lkommen! Nu kan ni\u00a0arrang\u00f6rer l\u00e4gga in era\u00a0t\u00e4vlingar i det nya systemet. Vi \u00e4r medvetna det extra arbete detta kr\u00e4ver av alla arrang\u00f6rer men de nya funktioner och smidigheten i nya systemet \u00e4r v\u00e4l v\u00e4rt anstr\u00e4ngningen. Vi kommer att l\u00f6pande<a href=\"https:\/\/scf.se\/forbundet\/793-2\/\" class=\"news-card__more\"> &#8230;<\/a><\/p>\n","protected":false},"author":7,"featured_media":0,"comment_status":"open","ping_status":"open","sticky":false,"template":"","format":"standard","meta":{"_acf_changed":false,"footnotes":""},"categories":[1],"tags":[],"class_list":["post-793","post","type-post","status-publish","format-standard","hentry","category-forbundet"],"acf":[],"_links":{"self":[{"href":"https:\/\/scf.se\/forbundet\/wp-json\/wp\/v2\/posts\/793","targetHints":{"allow":["GET"]}}],"collection":[{"href":"https:\/\/scf.se\/forbundet\/wp-json\/wp\/v2\/posts"}],"about":[{"href":"https:\/\/scf.se\/forbundet\/wp-json\/wp\/v2\/types\/post"}],"author":[{"embeddable":true,"href":"https:\/\/scf.se\/forbundet\/wp-json\/wp\/v2\/users\/7"}],"replies":[{"embeddable":true,"href":"https:\/\/scf.se\/forbundet\/wp-json\/wp\/v2\/comments?post=793"}],"version-history":[{"count":0,"href":"https:\/\/scf.se\/forbundet\/wp-json\/wp\/v2\/posts\/793\/revisions"}],"wp:attachment":[{"href":"https:\/\/scf.se\/forbundet\/wp-json\/wp\/v2\/media?parent=793"}],"wp:term":[{"taxonomy":"category","embeddable":true,"href":"https:\/\/scf.se\/forbundet\/wp-json\/wp\/v2\/categories?post=793"},{"taxonomy":"post_tag","embeddable":true,"href":"https:\/\/scf.se\/forbundet\/wp-json\/wp\/v2\/tags?post=793"}],"curies":[{"name":"wp","href":"https:\/\/api.w.org\/{rel}","templated":true}]}}