
{"id":7600,"date":"2024-05-04T07:50:19","date_gmt":"2024-05-04T05:50:19","guid":{"rendered":"https:\/\/scf.se\/forbundet\/?p=7600"},"modified":"2024-05-04T08:12:32","modified_gmt":"2024-05-04T06:12:32","slug":"amir-ansari-fran-stockholm-ck-finns-med-i-ioc-refugee-olympic-team","status":"publish","type":"post","link":"https:\/\/scf.se\/forbundet\/amir-ansari-fran-stockholm-ck-finns-med-i-ioc-refugee-olympic-team\/","title":{"rendered":"Amir Ansari fr\u00e5n Stockholm CK uttagen i flyktinglaget till OS i Paris"},"content":{"rendered":"<p><strong>Amir Ansari fr\u00e5n Stockholm CK \u00e4r en av tv\u00e5 cyklister som nu \u00e4r uttagna till IOC Refugee Olympic Team, som ska t\u00e4vla i de olympiska spelen i Paris 2024. &#8221;Jag \u00e4r s\u00e5 glad och upprymd och har inte ord f\u00f6r att beskriva mina k\u00e4nslor&#8221;, s\u00e4ger Amir Ansari p\u00e5 sitt Instagramkonto om att ing\u00e5 i flyktinglaget i Paris-OS.<\/strong><\/p>\n<p>Amir har funnits med och t\u00e4vlat med laget internationellt, som vid ett samlat cykel-VM i Glasgow. Nu \u00e4r det allts\u00e5 offentliggjort att Ansari finns med i en grupp p\u00e5 36 atleter som \u00e4r klara f\u00f6r OS i Paris i det speciella flyktinglaget.<\/p>\n<p>Under \u00f6ppningsceremonin kommer Amir och de andra i flyktinglaget att marschera bakom den olympiska flaggan, p\u00e5 andra plats \u2013 omedelbart efter Grekland.<\/p>\n<p>Amir f\u00f6ddes i Iran, v\u00e4xte upp i Afghanistan och tvingades som ton\u00e5ring att fly till Sverige 2015. Han hade t\u00e4vlat i mountainbike i Afghanistan och via Stockholm CK b\u00f6rjade han prova landsv\u00e4gscykling.<\/p>\n<p>Det \u00e4r mycket k\u00e4nslor f\u00f6r Amir Ansari att denna satsning p\u00e5 sin k\u00e4ra cykelsport som flykting r\u00e4ckt \u00e4nda till OS. S\u00e5 h\u00e4r skriver han p\u00e5 sitt Instagramkonto:<\/p>\n<blockquote><p>&#8221;Om du hade sagt till den unge pojken ombord p\u00e5 den \u00f6verfulla flyktinggummib\u00e5ten f\u00f6r nio \u00e5r sedan att han en dag skulle t\u00e4vla i OS skulle han aldrig ha trott det. Den d\u00e4r sp\u00e4nstiga unga pojken st\u00e4lldes inf\u00f6r m\u00e5nga utmaningar, snubblade men tog sig alltid upp. Trots otaliga stunder av f\u00f6rtvivlan h\u00f6ll han ut.&#8221;<\/p><\/blockquote>\n<p>I dag, n\u00e4r Amir reflekterar \u00f6ver sin resa, \u00e4r han stolt \u00f6ver att veta att han nu kommer att representera det olympiska flyktinglaget<\/p>\n<blockquote><p>&#8221;Jag \u00e4r s\u00e5 glad och upprymd och har inte ord f\u00f6r att beskriva mina k\u00e4nslor&#8221;, s\u00e4ger Amir Ansari.<\/p>\n<p>&#8221;Jag vill bara fr\u00e5n djupet av mitt hj\u00e4rta tacka alla inblandade i denna resa. Utan er skulle det fortfarande vara en dr\u00f6m.&#8221;<\/p><\/blockquote>\n<div id=\"attachment_7603\" class=\"wp-caption alignnone\" ><a href=\"https:\/\/scf.se\/forbundet\/wp-content\/uploads\/sites\/9\/2024\/05\/53692925457_5b63b69009_k.jpg\"><img loading=\"lazy\" decoding=\"async\" class=\"size-full wp-image-7603\" src=\"https:\/\/scf.se\/forbundet\/wp-content\/uploads\/sites\/9\/2024\/05\/53692925457_5b63b69009_k.jpg\" alt=\"\" width=\"2048\" height=\"1365\" srcset=\"https:\/\/scf.se\/forbundet\/wp-content\/uploads\/sites\/9\/2024\/05\/53692925457_5b63b69009_k.jpg 2048w, https:\/\/scf.se\/forbundet\/wp-content\/uploads\/sites\/9\/2024\/05\/53692925457_5b63b69009_k-300x200.jpg 300w, https:\/\/scf.se\/forbundet\/wp-content\/uploads\/sites\/9\/2024\/05\/53692925457_5b63b69009_k-1024x683.jpg 1024w, https:\/\/scf.se\/forbundet\/wp-content\/uploads\/sites\/9\/2024\/05\/53692925457_5b63b69009_k-768x512.jpg 768w, https:\/\/scf.se\/forbundet\/wp-content\/uploads\/sites\/9\/2024\/05\/53692925457_5b63b69009_k-1536x1024.jpg 1536w\" sizes=\"auto, (max-width: 2048px) 100vw, 2048px\" \/><\/a><p class=\"wp-caption-text\"><em>H\u00f6gtidlig presentation av IOC Refugee Olympic Team. IOK-ordf\u00f6randen Thomas Bach var den som presenterade flyktinglaget med Amir Ansari som en av medlemmarna. Foto: IOC\/Greg Martin<\/em><\/p><\/div>\n<p>IOC Refugee Olympic Team Paris 2024 presenterades vid en h\u00f6gtidlig presskonferens av Internationella Olympiska Kommitt\u00e9ns ordf\u00f6rande Thomas Bach. Bredvid st\u00e5r lagets chef de Mission, cyklisten Masomah Ali Zada som deltog i flyktinglaget i Tokyo-OS.<\/p>\n<p>Flyktinglaget kommer givetvis att bo i den stora olympiska byn precis som alla nationers lag. F\u00f6r alla officiella representationer av laget (inklusive eventuella medaljceremonier) kommer den olympiska flaggan att h\u00f6jas och OS-hymnen kommer att spelas.<\/p>\n<p><em>Text: SCF<br \/>\nFoto: Daniel Breece (cykelbild Amir Ansari) samt IOC\/Greg Martin (fr\u00e5n presskonferensen)<\/em><\/p>\n<p><em>\u00a0<\/em><\/p>\n","protected":false},"excerpt":{"rendered":"<p>Amir Ansari fr\u00e5n Stockholm CK \u00e4r en av tv\u00e5 cyklister som nu \u00e4r uttagna till IOC Refugee Olympic Team, som ska t\u00e4vla i de olympiska spelen i Paris 2024. &#8221;Jag \u00e4r s\u00e5 glad och upprymd och har inte ord f\u00f6r att beskriva mina k\u00e4nslor&#8221;, s\u00e4ger Amir Ansari p\u00e5 sitt Instagramkonto om att ing\u00e5 i<a href=\"https:\/\/scf.se\/forbundet\/amir-ansari-fran-stockholm-ck-finns-med-i-ioc-refugee-olympic-team\/\" class=\"news-card__more\"> &#8230;<\/a><\/p>\n","protected":false},"author":41,"featured_media":7605,"comment_status":"open","ping_status":"open","sticky":false,"template":"","format":"standard","meta":{"_acf_changed":false,"footnotes":""},"categories":[1],"tags":[],"class_list":["post-7600","post","type-post","status-publish","format-standard","hentry","category-forbundet"],"acf":[],"_links":{"self":[{"href":"https:\/\/scf.se\/forbundet\/wp-json\/wp\/v2\/posts\/7600","targetHints":{"allow":["GET"]}}],"collection":[{"href":"https:\/\/scf.se\/forbundet\/wp-json\/wp\/v2\/posts"}],"about":[{"href":"https:\/\/scf.se\/forbundet\/wp-json\/wp\/v2\/types\/post"}],"author":[{"embeddable":true,"href":"https:\/\/scf.se\/forbundet\/wp-json\/wp\/v2\/users\/41"}],"replies":[{"embeddable":true,"href":"https:\/\/scf.se\/forbundet\/wp-json\/wp\/v2\/comments?post=7600"}],"version-history":[{"count":9,"href":"https:\/\/scf.se\/forbundet\/wp-json\/wp\/v2\/posts\/7600\/revisions"}],"predecessor-version":[{"id":7611,"href":"https:\/\/scf.se\/forbundet\/wp-json\/wp\/v2\/posts\/7600\/revisions\/7611"}],"wp:featuredmedia":[{"embeddable":true,"href":"https:\/\/scf.se\/forbundet\/wp-json\/wp\/v2\/media\/7605"}],"wp:attachment":[{"href":"https:\/\/scf.se\/forbundet\/wp-json\/wp\/v2\/media?parent=7600"}],"wp:term":[{"taxonomy":"category","embeddable":true,"href":"https:\/\/scf.se\/forbundet\/wp-json\/wp\/v2\/categories?post=7600"},{"taxonomy":"post_tag","embeddable":true,"href":"https:\/\/scf.se\/forbundet\/wp-json\/wp\/v2\/tags?post=7600"}],"curies":[{"name":"wp","href":"https:\/\/api.w.org\/{rel}","templated":true}]}}