
{"id":7265,"date":"2024-03-27T07:48:01","date_gmt":"2024-03-27T06:48:01","guid":{"rendered":"https:\/\/scf.se\/forbundet\/?p=7265"},"modified":"2024-04-02T16:20:37","modified_gmt":"2024-04-02T14:20:37","slug":"svenska-cykelforbundet-onskar-glad-pask-med-mycket-cykling","status":"publish","type":"post","link":"https:\/\/scf.se\/forbundet\/svenska-cykelforbundet-onskar-glad-pask-med-mycket-cykling\/","title":{"rendered":"Svenska Cykelf\u00f6rbundet \u00f6nskar Glad P\u00e5sk med mycket cykling!"},"content":{"rendered":"<p><strong>Svenska Cykelf\u00f6rbundet \u00f6nskar er alla en riktigt sk\u00f6n p\u00e5skhelg med mycket cykling ute p\u00e5 allt finare v\u00e4gar och stigar, inne framf\u00f6r datorn, ute p\u00e5 grusv\u00e4gar \u2013 eller var ni nu gillar b\u00e4st att cykla.<\/strong><\/p>\n<p>Under p\u00e5skhelgen finns vi bara ute p\u00e5 f\u00e4ltet d\u00e4r det exempelvis \u00e4r landslagsuppdrag i BMX p\u00e5 Europacupt\u00e4vlingarna i belgiska Zolder och en del annat.<\/p>\n<p>V\u00e5r kanslifunktion h\u00e5ller st\u00e4ngt under p\u00e5skhelgen och \u00f6ppnar igen tisdag morgon d\u00e4r den f\u00f6rsta telefontiden \u00e4r klockan 10 samma dag. Det g\u00e5r utm\u00e4rkt att l\u00e4gga era fr\u00e5gor p\u00e5 kanslimejlen, kansli@scf.se s\u00e5 tar vi dem under tisdagen!<\/p>\n<p><em>GLAD P\u00c5SK!<\/em><\/p>\n<hr \/>\n<p><a href=\"https:\/\/scf.se\/forbundet\/wp-content\/uploads\/sites\/9\/2024\/03\/svenskacykelforbundet.pdf\"><em><strong>Kolla g\u00e4rna in v\u00e5r nya broschyr om motionslicensens alla f\u00f6rdelar!<\/strong><\/em><\/a><\/p>\n<a href=\"https:\/\/scf.se\/forbundet\/wp-content\/uploads\/sites\/9\/2024\/03\/Kop-licens-cykelmagasinet4.jpg\"><img loading=\"lazy\" decoding=\"async\" class=\"alignnone size-full wp-image-7197\" src=\"https:\/\/scf.se\/forbundet\/wp-content\/uploads\/sites\/9\/2024\/03\/Kop-licens-cykelmagasinet4.jpg\" alt=\"\" width=\"2000\" height=\"655\" srcset=\"https:\/\/scf.se\/forbundet\/wp-content\/uploads\/sites\/9\/2024\/03\/Kop-licens-cykelmagasinet4.jpg 2000w, https:\/\/scf.se\/forbundet\/wp-content\/uploads\/sites\/9\/2024\/03\/Kop-licens-cykelmagasinet4-300x98.jpg 300w, https:\/\/scf.se\/forbundet\/wp-content\/uploads\/sites\/9\/2024\/03\/Kop-licens-cykelmagasinet4-1024x335.jpg 1024w, https:\/\/scf.se\/forbundet\/wp-content\/uploads\/sites\/9\/2024\/03\/Kop-licens-cykelmagasinet4-768x252.jpg 768w, https:\/\/scf.se\/forbundet\/wp-content\/uploads\/sites\/9\/2024\/03\/Kop-licens-cykelmagasinet4-1536x503.jpg 1536w\" sizes=\"auto, (max-width: 2000px) 100vw, 2000px\" \/><\/a>\n","protected":false},"excerpt":{"rendered":"<p>Svenska Cykelf\u00f6rbundet \u00f6nskar er alla en riktigt sk\u00f6n p\u00e5skhelg med mycket cykling ute p\u00e5 allt finare v\u00e4gar och stigar, inne framf\u00f6r datorn, ute p\u00e5 grusv\u00e4gar \u2013 eller var ni nu gillar b\u00e4st att cykla. Under p\u00e5skhelgen finns vi bara ute p\u00e5 f\u00e4ltet d\u00e4r det exempelvis \u00e4r landslagsuppdrag i BMX p\u00e5 Europacupt\u00e4vlingarna i belgiska Zolder<a href=\"https:\/\/scf.se\/forbundet\/svenska-cykelforbundet-onskar-glad-pask-med-mycket-cykling\/\" class=\"news-card__more\"> &#8230;<\/a><\/p>\n","protected":false},"author":41,"featured_media":7266,"comment_status":"open","ping_status":"open","sticky":false,"template":"","format":"standard","meta":{"_acf_changed":false,"footnotes":""},"categories":[1],"tags":[],"class_list":["post-7265","post","type-post","status-publish","format-standard","hentry","category-forbundet"],"acf":[],"_links":{"self":[{"href":"https:\/\/scf.se\/forbundet\/wp-json\/wp\/v2\/posts\/7265","targetHints":{"allow":["GET"]}}],"collection":[{"href":"https:\/\/scf.se\/forbundet\/wp-json\/wp\/v2\/posts"}],"about":[{"href":"https:\/\/scf.se\/forbundet\/wp-json\/wp\/v2\/types\/post"}],"author":[{"embeddable":true,"href":"https:\/\/scf.se\/forbundet\/wp-json\/wp\/v2\/users\/41"}],"replies":[{"embeddable":true,"href":"https:\/\/scf.se\/forbundet\/wp-json\/wp\/v2\/comments?post=7265"}],"version-history":[{"count":0,"href":"https:\/\/scf.se\/forbundet\/wp-json\/wp\/v2\/posts\/7265\/revisions"}],"wp:featuredmedia":[{"embeddable":true,"href":"https:\/\/scf.se\/forbundet\/wp-json\/wp\/v2\/media\/7266"}],"wp:attachment":[{"href":"https:\/\/scf.se\/forbundet\/wp-json\/wp\/v2\/media?parent=7265"}],"wp:term":[{"taxonomy":"category","embeddable":true,"href":"https:\/\/scf.se\/forbundet\/wp-json\/wp\/v2\/categories?post=7265"},{"taxonomy":"post_tag","embeddable":true,"href":"https:\/\/scf.se\/forbundet\/wp-json\/wp\/v2\/tags?post=7265"}],"curies":[{"name":"wp","href":"https:\/\/api.w.org\/{rel}","templated":true}]}}