
{"id":725,"date":"2015-09-19T19:00:26","date_gmt":"2015-09-19T17:00:26","guid":{"rendered":"http:\/\/svenskcykel.grandpublic.se\/forbundet\/?p=725"},"modified":"2016-01-25T21:28:56","modified_gmt":"2016-01-25T20:28:56","slug":"premiarmote-for-nybildad-motionskommitte","status":"publish","type":"post","link":"https:\/\/scf.se\/forbundet\/premiarmote-for-nybildad-motionskommitte\/","title":{"rendered":"Premi\u00e4rm\u00f6te f\u00f6r nybildad motionskommitt\u00e9"},"content":{"rendered":"<p>Den 19 september genomf\u00f6rdes en motionskonferens i Motala och d\u00e4r bildades den motionskommitt\u00e9 som beslutades om vid f\u00f6rbundsm\u00f6tet 2015. Kommitt\u00e9n best\u00e5r av ordf\u00f6rande, Sandra Jansson Br\u00f6ms, och ledam\u00f6terna Eva-Lena Frick, Susanne Gadd och Jozo Matovac.<\/p>\n<p>Kommitt\u00e9n ska i samverkan med GS arbeta f\u00f6r att motion ska vara som en del i hela Svenska Cykelf\u00f6rbundets verksamhet. M\u00f6tet var mycket bra och\u00a0positivt.<\/p>\n<p>Kan vi vara med och skapa en kultur i samh\u00e4llet som lyfter cykel p\u00e5 bredd s\u00e5 \u00f6kar ocks\u00e5 f\u00f6rbundets m\u00f6jligheter att n\u00e5 styrelsens m\u00e5l med verksamheten \u2013 att ta medaljer p\u00e5 de stora m\u00e4sterskapen och \u00f6ka antalet unga som t\u00e4vlar! Tillsammans g\u00f6r vi det!<\/p>\n","protected":false},"excerpt":{"rendered":"<p>Den 19 september genomf\u00f6rdes en motionskonferens i Motala och d\u00e4r bildades den motionskommitt\u00e9 som beslutades om vid f\u00f6rbundsm\u00f6tet 2015. Kommitt\u00e9n best\u00e5r av ordf\u00f6rande, Sandra Jansson Br\u00f6ms, och ledam\u00f6terna Eva-Lena Frick, Susanne Gadd och Jozo Matovac. Kommitt\u00e9n ska i samverkan med GS arbeta f\u00f6r att motion ska vara som en del i hela Svenska Cykelf\u00f6rbundets<a href=\"https:\/\/scf.se\/forbundet\/premiarmote-for-nybildad-motionskommitte\/\" class=\"news-card__more\"> &#8230;<\/a><\/p>\n","protected":false},"author":2,"featured_media":0,"comment_status":"open","ping_status":"open","sticky":false,"template":"","format":"standard","meta":{"_acf_changed":false,"footnotes":""},"categories":[1],"tags":[],"class_list":["post-725","post","type-post","status-publish","format-standard","hentry","category-forbundet"],"acf":[],"_links":{"self":[{"href":"https:\/\/scf.se\/forbundet\/wp-json\/wp\/v2\/posts\/725","targetHints":{"allow":["GET"]}}],"collection":[{"href":"https:\/\/scf.se\/forbundet\/wp-json\/wp\/v2\/posts"}],"about":[{"href":"https:\/\/scf.se\/forbundet\/wp-json\/wp\/v2\/types\/post"}],"author":[{"embeddable":true,"href":"https:\/\/scf.se\/forbundet\/wp-json\/wp\/v2\/users\/2"}],"replies":[{"embeddable":true,"href":"https:\/\/scf.se\/forbundet\/wp-json\/wp\/v2\/comments?post=725"}],"version-history":[{"count":0,"href":"https:\/\/scf.se\/forbundet\/wp-json\/wp\/v2\/posts\/725\/revisions"}],"wp:attachment":[{"href":"https:\/\/scf.se\/forbundet\/wp-json\/wp\/v2\/media?parent=725"}],"wp:term":[{"taxonomy":"category","embeddable":true,"href":"https:\/\/scf.se\/forbundet\/wp-json\/wp\/v2\/categories?post=725"},{"taxonomy":"post_tag","embeddable":true,"href":"https:\/\/scf.se\/forbundet\/wp-json\/wp\/v2\/tags?post=725"}],"curies":[{"name":"wp","href":"https:\/\/api.w.org\/{rel}","templated":true}]}}