
{"id":7153,"date":"2024-03-18T09:01:58","date_gmt":"2024-03-18T08:01:58","guid":{"rendered":"https:\/\/scf.se\/forbundet\/?p=7153"},"modified":"2024-03-18T09:39:02","modified_gmt":"2024-03-18T08:39:02","slug":"cykelstudion-by-scf-stina-kagevi-far-ta-sikte-pa-paris-roubaix","status":"publish","type":"post","link":"https:\/\/scf.se\/forbundet\/cykelstudion-by-scf-stina-kagevi-far-ta-sikte-pa-paris-roubaix\/","title":{"rendered":"Cykelstudion by SCF: Stina Kagevi f\u00e5r ta sikte p\u00e5 Paris\u2013Roubaix!"},"content":{"rendered":"<p><strong>F\u00f6rra s\u00e4songen var Stina Kagevi den lovande junioren som cyklade till sig silver p\u00e5 junior-EM i tempo. I \u00e5r har hon inlett s\u00e4songen i norska stallet Team Coop &#8211; Repsol s\u00e5 bra att hon f\u00e5r ta sikte p\u00e5 KLASSIKERN Paris\u2013Roubaix.<\/strong><\/p>\n<p>Kontrasterna \u00e4r stora gentemot att nu f\u00e5 m\u00f6ta v\u00e4rldens b\u00e4sta cyklister d\u00e4r det \u00e4r som tuffast. Cykelstudion by SCF med Daniel Breece och Anders Ekh tr\u00e4ffade Stina Kagevi i vardagslunken p\u00e5 cykelgymnasiet i Skara.<\/p>\n<p>Missa inte att kolla in intervjun i Cykelstudion by SCF nedan!<\/p>\n<p><div class=\"video-wrapper\"><iframe loading=\"lazy\" title=\"Stj\u00e4rnskottet Stina Kagevi \/ Cykelstudion by SCF\" width=\"500\" height=\"281\" src=\"https:\/\/www.youtube.com\/embed\/lJVtzNv7gIY?feature=oembed\" frameborder=\"0\" allow=\"accelerometer; autoplay; clipboard-write; encrypted-media; gyroscope; picture-in-picture; web-share\" referrerpolicy=\"strict-origin-when-cross-origin\" allowfullscreen><\/iframe><\/div><\/p>\n<p>&nbsp;<\/p>\n<p>Stina har l\u00e4nge varit en stor talang inom svensk ungdomscykling och det i flera discipliner. 2023 tilldelades hon SilverEmmas stipendium.<\/p>\n<p>MTB-cyklisten testade landsv\u00e4g p\u00e5 allvar f\u00f6rst som junior och framg\u00e5ngarna l\u00e4t inte v\u00e4nta p\u00e5 sig. det blev guld p\u00e5 SM-linjeloppet i Uppsala efter en m\u00e4ktig soloutbrytning och s\u00e5 blev Kagevi dubbel svensk juniorm\u00e4starinna i linje och tempo 2023.<\/p>\n<p>Under 2023 stod hon ocks\u00e5 f\u00f6r er bragd d\u00e5 hon kom 2:a p\u00e5 tempoloppet i EM f\u00f6r juniorer. Hon k\u00f6r nu f\u00f6r Team Coop &#8211; Repsol samtidigt som hon studerar p\u00e5 Cykelgymnasiet i Skara d\u00e4r hon g\u00e5r ut i v\u00e5r.<\/p>\n<ul>\n<li><a href=\"https:\/\/scf.se\/forbundet\/cykelstudion-by-scf-har-besokt-rig-i-skara-forsta-avsnittet-ar-ute-nu\/\"><em><strong>Kolla ocks\u00e5 in rundturen p\u00e5 RIG i Skara med tr\u00e4naren Alexander Wetterhall h\u00e4r!<\/strong><\/em><\/a><\/li>\n<\/ul>\n<p><em>Text: SCF<\/em><br \/>\n<em>Foto: Daniel Breece<\/em><\/p>\n<hr \/>\n<p><em><strong>Svenska Cykelf\u00f6rbundet \u00e4r stolta \u00f6ver att presentera v\u00e5ra samarbetspartners. Tack vare dessa fantastiska f\u00f6retag kan v\u00e5ra cyklister oftare ta sig l\u00e4ngre ut i v\u00e4rlden.<\/strong><\/em><\/p>\n<h2><a href=\"https:\/\/scf.se\/forbundet\/sponsorer\/\"><img loading=\"lazy\" decoding=\"async\" class=\"alignnone size-full wp-image-3872\" src=\"https:\/\/scf.se\/landsvag\/wp-content\/uploads\/sites\/5\/2023\/02\/LiggandeBannerNyheterHemsida2023.png\" alt=\"\" width=\"1200\" height=\"200\" \/><\/a><\/h2>\n","protected":false},"excerpt":{"rendered":"<p>F\u00f6rra s\u00e4songen var Stina Kagevi den lovande junioren som cyklade till sig silver p\u00e5 junior-EM i tempo. I \u00e5r har hon inlett s\u00e4songen i norska stallet Team Coop &#8211; Repsol s\u00e5 bra att hon f\u00e5r ta sikte p\u00e5 KLASSIKERN Paris\u2013Roubaix. Kontrasterna \u00e4r stora gentemot att nu f\u00e5 m\u00f6ta v\u00e4rldens b\u00e4sta cyklister d\u00e4r det \u00e4r<a href=\"https:\/\/scf.se\/forbundet\/cykelstudion-by-scf-stina-kagevi-far-ta-sikte-pa-paris-roubaix\/\" class=\"news-card__more\"> &#8230;<\/a><\/p>\n","protected":false},"author":41,"featured_media":7154,"comment_status":"open","ping_status":"open","sticky":false,"template":"","format":"standard","meta":{"_acf_changed":false,"footnotes":""},"categories":[1],"tags":[],"class_list":["post-7153","post","type-post","status-publish","format-standard","hentry","category-forbundet"],"acf":[],"_links":{"self":[{"href":"https:\/\/scf.se\/forbundet\/wp-json\/wp\/v2\/posts\/7153","targetHints":{"allow":["GET"]}}],"collection":[{"href":"https:\/\/scf.se\/forbundet\/wp-json\/wp\/v2\/posts"}],"about":[{"href":"https:\/\/scf.se\/forbundet\/wp-json\/wp\/v2\/types\/post"}],"author":[{"embeddable":true,"href":"https:\/\/scf.se\/forbundet\/wp-json\/wp\/v2\/users\/41"}],"replies":[{"embeddable":true,"href":"https:\/\/scf.se\/forbundet\/wp-json\/wp\/v2\/comments?post=7153"}],"version-history":[{"count":1,"href":"https:\/\/scf.se\/forbundet\/wp-json\/wp\/v2\/posts\/7153\/revisions"}],"predecessor-version":[{"id":11151,"href":"https:\/\/scf.se\/forbundet\/wp-json\/wp\/v2\/posts\/7153\/revisions\/11151"}],"wp:featuredmedia":[{"embeddable":true,"href":"https:\/\/scf.se\/forbundet\/wp-json\/wp\/v2\/media\/7154"}],"wp:attachment":[{"href":"https:\/\/scf.se\/forbundet\/wp-json\/wp\/v2\/media?parent=7153"}],"wp:term":[{"taxonomy":"category","embeddable":true,"href":"https:\/\/scf.se\/forbundet\/wp-json\/wp\/v2\/categories?post=7153"},{"taxonomy":"post_tag","embeddable":true,"href":"https:\/\/scf.se\/forbundet\/wp-json\/wp\/v2\/tags?post=7153"}],"curies":[{"name":"wp","href":"https:\/\/api.w.org\/{rel}","templated":true}]}}