
{"id":7078,"date":"2024-04-25T13:33:15","date_gmt":"2024-04-25T11:33:15","guid":{"rendered":"https:\/\/scf.se\/forbundet\/?p=7078"},"modified":"2024-04-25T14:08:14","modified_gmt":"2024-04-25T12:08:14","slug":"svensk-cykel-far-samlingsplats-med-ny-fullskalig-velodrom-i-jonkoping","status":"publish","type":"post","link":"https:\/\/scf.se\/forbundet\/svensk-cykel-far-samlingsplats-med-ny-fullskalig-velodrom-i-jonkoping\/","title":{"rendered":"Svensk cykel f\u00e5r samlingsplats med ny fullskalig velodrom i J\u00f6nk\u00f6ping!"},"content":{"rendered":"<p><strong>En modern velodrom i en multiarena d\u00e4r det \u00e4ven ska byggas ett hotell invid. Detta lyft f\u00f6r svensk cykelsport kan<\/strong><strong>\u00a0st\u00e5 klart i J\u00f6nk\u00f6ping 2026. &#8221;En s\u00e5dan samlingsplats kan vara helt avg\u00f6rande f\u00f6r att utveckla svensk cykel\u201d, s\u00e4ger Svenska Cykelf\u00f6rbundets ordf\u00f6rande Stefhan Klang.<\/strong><\/p>\n<p>Markomr\u00e5det \u00e4r tilldelat. Det finns en etablerad entrepren\u00f6r f\u00f6r att driva projektet. Ritningar f\u00f6r hotell och multiarena \u00e4r klara och J\u00f6nk\u00f6pings kommun har nu gett tummen upp, f\u00f6rst p\u00e5 tj\u00e4nstemannaniv\u00e5 och nu \u00e4ven politiken.<\/p>\n<blockquote><p>\u201dS\u00e5 h\u00e4r l\u00e5ngt har vi inte kommit n\u00e5gon g\u00e5ng tidigare av de fyra f\u00f6rs\u00f6ken d\u00e4r jag har varit inblandad\u201d, s\u00e4ger Stefhan Klang.<\/p><\/blockquote>\n<p>Bygget kommer om allt flyter p\u00e5 lika bra som hittills i \u00e5r kunna startas i oktober\/november \u00e5r och kan st\u00e5 klart redan 2026.<\/p>\n<p>Multiarenan med velodrom och intilliggande hotell ska ligga i \u00d6stra Hedenstorp, som \u00e4r ett nytt attraktivt industriomr\u00e5de. Det tar runt tio minuter att cykla dit fr\u00e5n centrala J\u00f6nk\u00f6ping.<\/p>\n<blockquote><p>\u201dJag har h\u00e5llit p\u00e5 och jobbat med denna fr\u00e5gest\u00e4llning i sju \u00e5r. F\u00f6r 1,5 \u00e5r sedan n\u00e4r de b\u00f6rjade titta p\u00e5 det h\u00e4r omr\u00e5det sa de att Svenska Cykelf\u00f6rbundet har f\u00f6rtur. Vi blev sedan kontaktade av en entrepren\u00f6r som ville bygga ett hotell och en velodrom. Jag vill tacka f\u00f6r st\u00f6det fr\u00e5n J\u00f6nk\u00f6pings kommun i den l\u00e5nga processen, s\u00e4ger Stefhan Klang.<\/p><\/blockquote>\n<a href=\"https:\/\/scf.se\/forbundet\/wp-content\/uploads\/sites\/9\/2024\/04\/653_VELODROME_9-7-2_50x.jpg\"><img loading=\"lazy\" decoding=\"async\" class=\"alignnone size-full wp-image-7503\" src=\"https:\/\/scf.se\/forbundet\/wp-content\/uploads\/sites\/9\/2024\/04\/653_VELODROME_9-7-2_50x.jpg\" alt=\"\" width=\"2300\" height=\"1189\" srcset=\"https:\/\/scf.se\/forbundet\/wp-content\/uploads\/sites\/9\/2024\/04\/653_VELODROME_9-7-2_50x.jpg 2300w, https:\/\/scf.se\/forbundet\/wp-content\/uploads\/sites\/9\/2024\/04\/653_VELODROME_9-7-2_50x-300x155.jpg 300w, https:\/\/scf.se\/forbundet\/wp-content\/uploads\/sites\/9\/2024\/04\/653_VELODROME_9-7-2_50x-1024x529.jpg 1024w, https:\/\/scf.se\/forbundet\/wp-content\/uploads\/sites\/9\/2024\/04\/653_VELODROME_9-7-2_50x-768x397.jpg 768w, https:\/\/scf.se\/forbundet\/wp-content\/uploads\/sites\/9\/2024\/04\/653_VELODROME_9-7-2_50x-1536x794.jpg 1536w, https:\/\/scf.se\/forbundet\/wp-content\/uploads\/sites\/9\/2024\/04\/653_VELODROME_9-7-2_50x-2048x1059.jpg 2048w\" sizes=\"auto, (max-width: 2300px) 100vw, 2300px\" \/><\/a>\n<p>Byggare och utvecklingsbolaget \u00e4r Reach for the Stars AB. Svensk cykel kan inte t\u00e4cka driftkostnaderna f\u00f6r en velodrom fullt ut.<\/p>\n<blockquote><p>\u201dDiskussioner f\u00f6rs hur man anv\u00e4nder innerplanen p\u00e5 b\u00e4sta s\u00e4tt. D\u00e4r har vi tittat p\u00e5 Ballerup (Super Arena) \u2013 d\u00e4r allt fr\u00e5n konserter till andra sporter inryms i verksamheten. Under en velodrom, som den i J\u00f6nk\u00f6ping, finns det ocks\u00e5 stora utrymmen. D\u00e4r vill vi helst ha hyresg\u00e4ster kopplade till idrott, som exempelvis gym och fysioterapeut.<\/p><\/blockquote>\n<p>Caroline T\u00f6rnblad, som \u00e4r chef f\u00f6r m\u00f6ten och evenemang p\u00e5 Destination J\u00f6nk\u00f6ping, om det stora velodromprojektet:<\/p>\n<blockquote><p>\u201dFr\u00e5n v\u00e5rt h\u00e5ll ser vi mycket positivt p\u00e5 satsningen p\u00e5 Hedenstorp. Etableringen skulle st\u00e4rka J\u00f6nk\u00f6pings cykelpositionering i Sverige men \u00e4ven internationellt. Samtidigt skulle det gynna det lokala f\u00f6reningslivet och ge f\u00f6rdelar till bes\u00f6ksn\u00e4ringen i form utav fler hotellrum men ocks\u00e5 m\u00f6jligheter till tr\u00e4ningsl\u00e4ger, evenemang, t\u00e4vlingar och m\u00f6ten.\u201d<\/p><\/blockquote>\n<p>SCF-ordf\u00f6randen Stefhan Klang s\u00e4ger s\u00e5 h\u00e4r om vad en modern velodrom betyda f\u00f6r svensk cykelsport:<\/p>\n<blockquote><p>\u201dJag tror att det kommer att betyda j\u00e4tte-, j\u00e4ttemycket. N\u00e4r jag kom in som ordf\u00f6rande i svensk cykel tittade jag p\u00e5 vilka som d\u00e5 hade haft den b\u00e4sta utvecklingen p\u00e5 sin elit. Tv\u00e5 l\u00e4nder stack ut: Storbritannien och Norge. Velodromen hade blivit en samlingspunkt f\u00f6r att utveckla brittisk cykel; inomhus och en arena dit man kan komma och tr\u00e4na. De samlade kompetenser p\u00e5 ett och samma st\u00e4lle.\u201d<\/p><\/blockquote>\n<p>I Norge var det d\u00e5 andra orsaker, som tv-tid, motionslicens och fixstj\u00e4rnan Thor Hushovd. Men om velodromprojektet i J\u00f6nk\u00f6ping blir klart 2026 har i s\u00e5 fall svensk cykel en liknande multiarena med velodrom som i norska Asker.<\/p>\n<p>Motsvarigheten de senaste \u00e5ren \u00e4r Danmark. Velodromernas betydelse f\u00f6r dansk cykels extrema utveckling kan knappast \u00f6verskattas.<\/p>\n<a href=\"https:\/\/scf.se\/forbundet\/wp-content\/uploads\/sites\/9\/2024\/04\/KS15253.jpg\"><img loading=\"lazy\" decoding=\"async\" class=\"alignnone size-full wp-image-7497\" src=\"https:\/\/scf.se\/forbundet\/wp-content\/uploads\/sites\/9\/2024\/04\/KS15253.jpg\" alt=\"\" width=\"2400\" height=\"1568\" srcset=\"https:\/\/scf.se\/forbundet\/wp-content\/uploads\/sites\/9\/2024\/04\/KS15253.jpg 2400w, https:\/\/scf.se\/forbundet\/wp-content\/uploads\/sites\/9\/2024\/04\/KS15253-300x196.jpg 300w, https:\/\/scf.se\/forbundet\/wp-content\/uploads\/sites\/9\/2024\/04\/KS15253-1024x669.jpg 1024w, https:\/\/scf.se\/forbundet\/wp-content\/uploads\/sites\/9\/2024\/04\/KS15253-768x502.jpg 768w, https:\/\/scf.se\/forbundet\/wp-content\/uploads\/sites\/9\/2024\/04\/KS15253-1536x1004.jpg 1536w, https:\/\/scf.se\/forbundet\/wp-content\/uploads\/sites\/9\/2024\/04\/KS15253-2048x1338.jpg 2048w\" sizes=\"auto, (max-width: 2400px) 100vw, 2400px\" \/><\/a>\n<blockquote><p>\u201dJust att kunna samlas kring en plats \u00e4r viktigt. Jag har r\u00e4knat ut att 93 procent av alla licenserade cyklister finns i en radie kring 30 mil J\u00f6nk\u00f6ping. Dessutom finns Hallbys XCO-bana i n\u00e4romr\u00e5det, d\u00e4r ungdoms-EM i MTB genomf\u00f6rs 2025. En fullskalig velodrom i J\u00f6nk\u00f6ping kan vara helt avg\u00f6rande f\u00f6r att utveckla svensk cykel. Sedan beh\u00f6vs f\u00f6rst\u00e5s \u00e4ven den i Falun nu n\u00e4r vi kommer f\u00e5 fler velodromcyklister. Hela Sveriges cykelcommunity ska kunna bli delaktiga\u201d, s\u00e4ger Stefhan Klang.<\/p><\/blockquote>\n<p><em>Text: SCF<br \/>\nBilder velodromen: Tengbom<br \/>\nFoto SCF<\/em><\/p>\n<hr \/>\n<p><em><strong>Svenska Cykelf\u00f6rbundet \u00e4r stolta \u00f6ver att presentera v\u00e5ra samarbetspartners.<\/strong><\/em><\/p>\n<h2><a href=\"https:\/\/scf.se\/forbundet\/sponsorer\/\"><img loading=\"lazy\" decoding=\"async\" class=\"alignnone size-full wp-image-3872\" src=\"https:\/\/scf.se\/landsvag\/wp-content\/uploads\/sites\/5\/2023\/02\/LiggandeBannerNyheterHemsida2023.png\" alt=\"\" width=\"1200\" height=\"200\" \/><\/a><\/h2>\n<p>&nbsp;<\/p>\n<p>&nbsp;<\/p>\n<p>&nbsp;<\/p>\n<p>&nbsp;<\/p>\n","protected":false},"excerpt":{"rendered":"<p>En modern velodrom i en multiarena d\u00e4r det \u00e4ven ska byggas ett hotell invid. Detta lyft f\u00f6r svensk cykelsport kan\u00a0st\u00e5 klart i J\u00f6nk\u00f6ping 2026. &#8221;En s\u00e5dan samlingsplats kan vara helt avg\u00f6rande f\u00f6r att utveckla svensk cykel\u201d, s\u00e4ger Svenska Cykelf\u00f6rbundets ordf\u00f6rande Stefhan Klang. Markomr\u00e5det \u00e4r tilldelat. Det finns en etablerad entrepren\u00f6r f\u00f6r att driva projektet.<a href=\"https:\/\/scf.se\/forbundet\/svensk-cykel-far-samlingsplats-med-ny-fullskalig-velodrom-i-jonkoping\/\" class=\"news-card__more\"> &#8230;<\/a><\/p>\n","protected":false},"author":41,"featured_media":7497,"comment_status":"open","ping_status":"open","sticky":false,"template":"","format":"standard","meta":{"_acf_changed":false,"footnotes":""},"categories":[1],"tags":[],"class_list":["post-7078","post","type-post","status-publish","format-standard","hentry","category-forbundet"],"acf":[],"_links":{"self":[{"href":"https:\/\/scf.se\/forbundet\/wp-json\/wp\/v2\/posts\/7078","targetHints":{"allow":["GET"]}}],"collection":[{"href":"https:\/\/scf.se\/forbundet\/wp-json\/wp\/v2\/posts"}],"about":[{"href":"https:\/\/scf.se\/forbundet\/wp-json\/wp\/v2\/types\/post"}],"author":[{"embeddable":true,"href":"https:\/\/scf.se\/forbundet\/wp-json\/wp\/v2\/users\/41"}],"replies":[{"embeddable":true,"href":"https:\/\/scf.se\/forbundet\/wp-json\/wp\/v2\/comments?post=7078"}],"version-history":[{"count":19,"href":"https:\/\/scf.se\/forbundet\/wp-json\/wp\/v2\/posts\/7078\/revisions"}],"predecessor-version":[{"id":7509,"href":"https:\/\/scf.se\/forbundet\/wp-json\/wp\/v2\/posts\/7078\/revisions\/7509"}],"wp:featuredmedia":[{"embeddable":true,"href":"https:\/\/scf.se\/forbundet\/wp-json\/wp\/v2\/media\/7497"}],"wp:attachment":[{"href":"https:\/\/scf.se\/forbundet\/wp-json\/wp\/v2\/media?parent=7078"}],"wp:term":[{"taxonomy":"category","embeddable":true,"href":"https:\/\/scf.se\/forbundet\/wp-json\/wp\/v2\/categories?post=7078"},{"taxonomy":"post_tag","embeddable":true,"href":"https:\/\/scf.se\/forbundet\/wp-json\/wp\/v2\/tags?post=7078"}],"curies":[{"name":"wp","href":"https:\/\/api.w.org\/{rel}","templated":true}]}}