
{"id":6329,"date":"2023-10-10T12:38:58","date_gmt":"2023-10-10T10:38:58","guid":{"rendered":"http:\/\/scf.se\/forbundet\/?p=6329"},"modified":"2023-10-10T13:02:59","modified_gmt":"2023-10-10T11:02:59","slug":"nu-ar-det-dags-att-soka-swe-cup-arrangemang-i-mtb-bmx-och-trial","status":"publish","type":"post","link":"https:\/\/scf.se\/forbundet\/nu-ar-det-dags-att-soka-swe-cup-arrangemang-i-mtb-bmx-och-trial\/","title":{"rendered":"Vill Din klubb arrangera SWE Cup 2024 i MTB, BMX eller trial? S\u00f6k nu!"},"content":{"rendered":"<p><strong>Nu s\u00f6ker vi till att b\u00f6rja med SWE Cup-arrang\u00f6rer f\u00f6r grenarna MTB. BMX och trial! S\u00e4songen 2023 b\u00f6rjar n\u00e4rma sig sitt slut. Det har varit en bra s\u00e4song och m\u00e5nga arrang\u00f6rer \u00e4r med r\u00e4tta v\u00e4ldigt n\u00f6jda med b\u00e5de sina t\u00e4vlingar och deltagarantalet.\u00a0<\/strong><\/p>\n<p>Men redan nu \u00e4r det \u00e5ter dags att planera SWE Cup f\u00f6r framtiden. Vi ser ett \u00f6kat intresse f\u00f6r att f\u00e5 vara del av SWE Cup och m\u00e5nga arrang\u00f6rer vill in. D\u00e4rav har vi gjort en ny process f\u00f6r ans\u00f6kan och lagt upp nya blanketter, se nedan!<\/p>\n<p>Och kom ih\u00e5g att sista datum f\u00f6r ans\u00f6kan till att arrangera SWE Cup i n\u00e5gon av grenarna Mountainbike XCC\/XCO, MTB enduro, BMX och trial \u00e4r redan 1 november.<\/p>\n<p>I samband med att klubben skickar in ans\u00f6kan vill vi g\u00e4rna att man l\u00e4gger upp t\u00e4vlingen i SWE Cycling Online-kalendern och d\u00f6per den till sitt t\u00e4vlingsnamn. I det skedet namnges t\u00e4vlingen utan SWE Cup namnet. N\u00e4r man sedan tilldelats SWE Cup s\u00e5 \u00e4ndrar man namnet d\u00e4r.<\/p>\n<ul>\n<li><a href=\"https:\/\/scf.se\/forbundet\/wp-content\/uploads\/sites\/9\/2023\/10\/Bilaga-2-Overgripande-tavlingsorganisation-blankett-1.pdf\"><em><strong>H\u00e4r finns blankett f\u00f6r att redovisa \u00f6vergripande t\u00e4vlingsorganisation!<\/strong><\/em><\/a><\/li>\n<li><a href=\"https:\/\/scf.se\/forbundet\/wp-content\/uploads\/sites\/9\/2023\/10\/SWE-Cup-blankett_final.pdf\"><em><strong>H\u00e4r finns blankett f\u00f6r ans\u00f6kan om SWE Cup-arrangemanget!<\/strong><\/em><\/a><\/li>\n<\/ul>\n<blockquote><p>&#8221;Vi \u00e4r glada \u00f6ver \u00e5rets arrangemang och ser fram emot era ans\u00f6kningar inf\u00f6r kommande \u00e5r&#8221;, s\u00e4ger Jonas Haglund som \u00e4r tf t\u00e4vlingsansvarig f\u00f6r MTB, BMX och trial.<\/p><\/blockquote>\n<ul>\n<li><em><strong>Fr\u00e5gor g\u00e4llande SWE Cup-arrangemang i dessa grenar skickas till jonas.haglund@scf.se.<\/strong><\/em><\/li>\n<li><em><strong>Ans\u00f6kan skickas sedan till kansli@scf.se senast den 1 november.<\/strong><\/em><\/li>\n<\/ul>\n<p>F\u00f6r SWE Cup i landsv\u00e4g \u00e4r sista ans\u00f6kningsdatum f\u00f6rst 1 december. Vi \u00e5terkommer senast i b\u00f6rjan av n\u00e4sta vecka med detaljer g\u00e4llande SWE Cup LVG 2024.<\/p>\n<p>T<em>ext: SCF<br \/>\nFoto: Tomas Larsson\/SCF<\/em><\/p>\n<hr \/>\n<p><em><strong>Svenska Cykelf\u00f6rbundet \u00e4r stolta \u00f6ver att presentera v\u00e5ra samarbetspartners. Tack vare dessa fantastiska f\u00f6retag kan v\u00e5ra cyklister oftare ta sig l\u00e4ngre ut i v\u00e4rlden.<\/strong><\/em><\/p>\n<h2><a href=\"https:\/\/scf.se\/forbundet\/sponsorer\/\"><img loading=\"lazy\" decoding=\"async\" class=\"alignnone size-full wp-image-3872\" src=\"https:\/\/scf.se\/landsvag\/wp-content\/uploads\/sites\/5\/2023\/02\/LiggandeBannerNyheterHemsida2023.png\" alt=\"\" width=\"1200\" height=\"200\" \/><\/a><\/h2>\n","protected":false},"excerpt":{"rendered":"<p>Nu s\u00f6ker vi till att b\u00f6rja med SWE Cup-arrang\u00f6rer f\u00f6r grenarna MTB. BMX och trial! S\u00e4songen 2023 b\u00f6rjar n\u00e4rma sig sitt slut. Det har varit en bra s\u00e4song och m\u00e5nga arrang\u00f6rer \u00e4r med r\u00e4tta v\u00e4ldigt n\u00f6jda med b\u00e5de sina t\u00e4vlingar och deltagarantalet.\u00a0 Men redan nu \u00e4r det \u00e5ter dags att planera SWE Cup f\u00f6r<a href=\"https:\/\/scf.se\/forbundet\/nu-ar-det-dags-att-soka-swe-cup-arrangemang-i-mtb-bmx-och-trial\/\" class=\"news-card__more\"> &#8230;<\/a><\/p>\n","protected":false},"author":41,"featured_media":6338,"comment_status":"open","ping_status":"open","sticky":false,"template":"","format":"standard","meta":{"_acf_changed":false,"footnotes":""},"categories":[1],"tags":[],"class_list":["post-6329","post","type-post","status-publish","format-standard","hentry","category-forbundet"],"acf":[],"_links":{"self":[{"href":"https:\/\/scf.se\/forbundet\/wp-json\/wp\/v2\/posts\/6329","targetHints":{"allow":["GET"]}}],"collection":[{"href":"https:\/\/scf.se\/forbundet\/wp-json\/wp\/v2\/posts"}],"about":[{"href":"https:\/\/scf.se\/forbundet\/wp-json\/wp\/v2\/types\/post"}],"author":[{"embeddable":true,"href":"https:\/\/scf.se\/forbundet\/wp-json\/wp\/v2\/users\/41"}],"replies":[{"embeddable":true,"href":"https:\/\/scf.se\/forbundet\/wp-json\/wp\/v2\/comments?post=6329"}],"version-history":[{"count":0,"href":"https:\/\/scf.se\/forbundet\/wp-json\/wp\/v2\/posts\/6329\/revisions"}],"wp:featuredmedia":[{"embeddable":true,"href":"https:\/\/scf.se\/forbundet\/wp-json\/wp\/v2\/media\/6338"}],"wp:attachment":[{"href":"https:\/\/scf.se\/forbundet\/wp-json\/wp\/v2\/media?parent=6329"}],"wp:term":[{"taxonomy":"category","embeddable":true,"href":"https:\/\/scf.se\/forbundet\/wp-json\/wp\/v2\/categories?post=6329"},{"taxonomy":"post_tag","embeddable":true,"href":"https:\/\/scf.se\/forbundet\/wp-json\/wp\/v2\/tags?post=6329"}],"curies":[{"name":"wp","href":"https:\/\/api.w.org\/{rel}","templated":true}]}}